{"id":2688,"date":"2024-06-03T13:50:12","date_gmt":"2024-06-03T13:50:12","guid":{"rendered":"http:\/\/elregionaldigital.info\/?p=2688"},"modified":"2024-06-03T13:50:12","modified_gmt":"2024-06-03T13:50:12","slug":"ine-anuncia-sheinbaum-la-candidata-mas-votada-a-la-presidencia-de-mexico","status":"publish","type":"post","link":"https:\/\/elregionaldigital.info\/?p=2688","title":{"rendered":"INE anuncia :Sheinbaum la candidata m\u00e1s votada a la presidencia de M\u00e9xico."},"content":{"rendered":"\n<figure class=\"wp-block-image size-full\"><img loading=\"lazy\" decoding=\"async\" width=\"305\" height=\"165\" src=\"http:\/\/elregionaldigital.info\/wp-content\/uploads\/2024\/06\/images-11.jpg\" alt=\"\" class=\"wp-image-2689\" srcset=\"https:\/\/elregionaldigital.info\/wp-content\/uploads\/2024\/06\/images-11.jpg 305w, https:\/\/elregionaldigital.info\/wp-content\/uploads\/2024\/06\/images-11-300x162.jpg 300w\" sizes=\"auto, (max-width: 305px) 100vw, 305px\" \/><\/figure>\n\n\n\n<p>Guadalupe Taddei Zavala, presidenta del INE, brind\u00f3 los resultados del Conteo R\u00e1pido de la elecci\u00f3n a la Presidencia de M\u00e9xico. De acuerdo los datos del INE, que Taddei dijo que son preliminares,&nbsp;<strong><a href=\"https:\/\/cnnespanol.cnn.com\/2024\/06\/03\/claudia-sheinbaum-proxima-presidenta-gana-presidencia-elecciones-mexico-orix\/\">Claudia Sheinbaum<\/a><\/strong>&nbsp;obtuvo entre el 58,3 y el 60,7 % de los votos, mientras que X\u00f3chitl G\u00e1lvez alcanz\u00f3 entre el 26,6 y el 28,6% de los sufragios<\/p>\n\n\n\n<p>Claudia Sheinbaum \u2014ser\u00e1 la primera mujer al frente del Gobierno de M\u00e9xico\u2014  seg\u00fan el conteo r\u00e1pido, un ejercicio que el INE realiza a partir de una muestra estad\u00edstica de actas de las mesas receptoras de voto para conocer las tendencias.<\/p>\n","protected":false},"excerpt":{"rendered":"<p>Guadalupe Taddei Zavala, presidenta del INE, brind\u00f3 los resultados del Conteo R\u00e1pido de la elecci\u00f3n a la Presidencia de M\u00e9xico. De acuerdo los datos del INE, que Taddei dijo que son preliminares,&nbsp;Claudia Sheinbaum&nbsp;obtuvo entre el 58,3 y el 60,7 % de los votos, mientras que X\u00f3chitl G\u00e1lvez alcanz\u00f3 entre el 26,6 y el 28,6% de [&hellip;]<\/p>\n","protected":false},"author":1,"featured_media":2690,"comment_status":"open","ping_status":"open","sticky":false,"template":"","format":"standard","meta":{"footnotes":""},"categories":[5],"tags":[],"class_list":["post-2688","post","type-post","status-publish","format-standard","has-post-thumbnail","hentry","category-nacional"],"blog_post_layout_featured_media_urls":{"thumbnail":["https:\/\/elregionaldigital.info\/wp-content\/uploads\/2024\/06\/2675742409_45769147_1300x731-150x150.jpg",150,150,true],"full":["https:\/\/elregionaldigital.info\/wp-content\/uploads\/2024\/06\/2675742409_45769147_1300x731.jpg",1300,731,false]},"categories_names":{"5":{"name":"Nacional","link":"https:\/\/elregionaldigital.info\/?cat=5"}},"tags_names":[],"comments_number":"0","wpmagazine_modules_lite_featured_media_urls":{"thumbnail":["https:\/\/elregionaldigital.info\/wp-content\/uploads\/2024\/06\/2675742409_45769147_1300x731-150x150.jpg",150,150,true],"cvmm-medium":["https:\/\/elregionaldigital.info\/wp-content\/uploads\/2024\/06\/2675742409_45769147_1300x731-300x300.jpg",300,300,true],"cvmm-medium-plus":["https:\/\/elregionaldigital.info\/wp-content\/uploads\/2024\/06\/2675742409_45769147_1300x731-305x207.jpg",305,207,true],"cvmm-portrait":["https:\/\/elregionaldigital.info\/wp-content\/uploads\/2024\/06\/2675742409_45769147_1300x731-400x600.jpg",400,600,true],"cvmm-medium-square":["https:\/\/elregionaldigital.info\/wp-content\/uploads\/2024\/06\/2675742409_45769147_1300x731-600x600.jpg",600,600,true],"cvmm-large":["https:\/\/elregionaldigital.info\/wp-content\/uploads\/2024\/06\/2675742409_45769147_1300x731-1024x731.jpg",1024,731,true],"cvmm-small":["https:\/\/elregionaldigital.info\/wp-content\/uploads\/2024\/06\/2675742409_45769147_1300x731-130x95.jpg",130,95,true],"full":["https:\/\/elregionaldigital.info\/wp-content\/uploads\/2024\/06\/2675742409_45769147_1300x731.jpg",1300,731,false]},"_links":{"self":[{"href":"https:\/\/elregionaldigital.info\/index.php?rest_route=\/wp\/v2\/posts\/2688","targetHints":{"allow":["GET"]}}],"collection":[{"href":"https:\/\/elregionaldigital.info\/index.php?rest_route=\/wp\/v2\/posts"}],"about":[{"href":"https:\/\/elregionaldigital.info\/index.php?rest_route=\/wp\/v2\/types\/post"}],"author":[{"embeddable":true,"href":"https:\/\/elregionaldigital.info\/index.php?rest_route=\/wp\/v2\/users\/1"}],"replies":[{"embeddable":true,"href":"https:\/\/elregionaldigital.info\/index.php?rest_route=%2Fwp%2Fv2%2Fcomments&post=2688"}],"version-history":[{"count":1,"href":"https:\/\/elregionaldigital.info\/index.php?rest_route=\/wp\/v2\/posts\/2688\/revisions"}],"predecessor-version":[{"id":2691,"href":"https:\/\/elregionaldigital.info\/index.php?rest_route=\/wp\/v2\/posts\/2688\/revisions\/2691"}],"wp:featuredmedia":[{"embeddable":true,"href":"https:\/\/elregionaldigital.info\/index.php?rest_route=\/wp\/v2\/media\/2690"}],"wp:attachment":[{"href":"https:\/\/elregionaldigital.info\/index.php?rest_route=%2Fwp%2Fv2%2Fmedia&parent=2688"}],"wp:term":[{"taxonomy":"category","embeddable":true,"href":"https:\/\/elregionaldigital.info\/index.php?rest_route=%2Fwp%2Fv2%2Fcategories&post=2688"},{"taxonomy":"post_tag","embeddable":true,"href":"https:\/\/elregionaldigital.info\/index.php?rest_route=%2Fwp%2Fv2%2Ftags&post=2688"}],"curies":[{"name":"wp","href":"https:\/\/api.w.org\/{rel}","templated":true}]}}