{"id":2685,"date":"2024-05-22T18:04:12","date_gmt":"2024-05-22T18:04:12","guid":{"rendered":"http:\/\/elregionaldigital.info\/?p=2685"},"modified":"2024-05-22T18:04:12","modified_gmt":"2024-05-22T18:04:12","slug":"ninos-ucranianos-vuelven-con-sus-familias","status":"publish","type":"post","link":"https:\/\/elregionaldigital.info\/?p=2685","title":{"rendered":"Ni\u00f1os Ucranianos vuelven con sus familias"},"content":{"rendered":"\n<figure class=\"wp-block-image size-full\"><img loading=\"lazy\" decoding=\"async\" width=\"300\" height=\"168\" src=\"http:\/\/elregionaldigital.info\/wp-content\/uploads\/2024\/05\/images-18.jpg\" alt=\"\" class=\"wp-image-2686\"\/><\/figure>\n\n\n\n<p>Las autoridades de Rusia anunciaron este mi\u00e9rcoles la\u00a0<strong>entrega de otros seis menores ucranianos de edades cxx<\/strong>de entre los seis y los diecisiete a\u00f1os,\u00a0<strong>todos ellos procedentes de territorio ruso o zonas de Ucrania ocupadas por las fuerzas rusas<\/strong>\u00a0en el marco de la invasi\u00f3n, para que puedan regresar con sus familias.<\/p>\n\n\n\n<p>Se trata de la sexta ronda de negociaciones auspiciada por las autoridades qatar\u00edes que permite la reunificaci\u00f3n familiar de estos ni\u00f1os, tal y como explic\u00f3 la defensora de la comisaria para los derechos de la infancia de Rusia, Maria Lvova Belova, que indic\u00f3 que un\u00a0<strong>total de 70 ni\u00f1os han logrado reunirse con sus familias en Ucrania<\/strong>\u00a0<strong>y otros pa\u00edses.<\/strong><\/p>\n\n\n\n<p>Las autoridades rusas indicaron que como resultado de la informaci\u00f3n recibida se logr\u00f3 preparar los documentos necesarios para el traslado de seis menores que podr\u00e1n\u00a0<strong>reunirse con sus familiares y<\/strong>\u00a0<strong>regresar\u00e1n de forma segura a Ucrania<\/strong>.<\/p>\n\n\n\n<p>En este sentido, reconoci\u00f3 la labor de\u00a0<strong>Cruz Roja<\/strong>\u00a0y del\u00a0<strong>Comit\u00e9 Estatal Fronterizo de Bielorrusia a la hora de gestionar estos traslados<\/strong>.<\/p>\n\n\n\n<p>El\u00a0<strong>Tribunal Penal Internacional<\/strong>\u00a0(TPI) emiti\u00f3 precisamente en marzo de 2023 una\u00a0<strong>orden de arresto internacional contra Lvova Belova<\/strong>\u00a0por considerar que ha incurrido en\u00a0<strong>presuntos cr\u00edmenes de guerra relacionados con la deportaci\u00f3n forzada de menores ucranianos<\/strong>\u00a0hacia territorio ruso, una cuesti\u00f3n que Mosc\u00fa sigue negando. La corte tambi\u00e9n reclam\u00f3 la\u00a0<strong>detenci\u00f3n del presidente Vladimir Putin<\/strong>.<\/p>\n","protected":false},"excerpt":{"rendered":"<p>Las autoridades de Rusia anunciaron este mi\u00e9rcoles la\u00a0entrega de otros seis menores ucranianos de edades cxxde entre los seis y los diecisiete a\u00f1os,\u00a0todos ellos procedentes de territorio ruso o zonas de Ucrania ocupadas por las fuerzas rusas\u00a0en el marco de la invasi\u00f3n, para que puedan regresar con sus familias. Se trata de la sexta ronda [&hellip;]<\/p>\n","protected":false},"author":1,"featured_media":2686,"comment_status":"open","ping_status":"open","sticky":false,"template":"","format":"standard","meta":{"footnotes":""},"categories":[11],"tags":[],"class_list":["post-2685","post","type-post","status-publish","format-standard","has-post-thumbnail","hentry","category-mundo"],"blog_post_layout_featured_media_urls":{"thumbnail":["https:\/\/elregionaldigital.info\/wp-content\/uploads\/2024\/05\/images-18-150x150.jpg",150,150,true],"full":["https:\/\/elregionaldigital.info\/wp-content\/uploads\/2024\/05\/images-18.jpg",300,168,false]},"categories_names":{"11":{"name":"Mundo","link":"https:\/\/elregionaldigital.info\/?cat=11"}},"tags_names":[],"comments_number":"0","wpmagazine_modules_lite_featured_media_urls":{"thumbnail":["https:\/\/elregionaldigital.info\/wp-content\/uploads\/2024\/05\/images-18-150x150.jpg",150,150,true],"cvmm-medium":["https:\/\/elregionaldigital.info\/wp-content\/uploads\/2024\/05\/images-18.jpg",300,168,false],"cvmm-medium-plus":["https:\/\/elregionaldigital.info\/wp-content\/uploads\/2024\/05\/images-18.jpg",300,168,false],"cvmm-portrait":["https:\/\/elregionaldigital.info\/wp-content\/uploads\/2024\/05\/images-18.jpg",300,168,false],"cvmm-medium-square":["https:\/\/elregionaldigital.info\/wp-content\/uploads\/2024\/05\/images-18.jpg",300,168,false],"cvmm-large":["https:\/\/elregionaldigital.info\/wp-content\/uploads\/2024\/05\/images-18.jpg",300,168,false],"cvmm-small":["https:\/\/elregionaldigital.info\/wp-content\/uploads\/2024\/05\/images-18-130x95.jpg",130,95,true],"full":["https:\/\/elregionaldigital.info\/wp-content\/uploads\/2024\/05\/images-18.jpg",300,168,false]},"_links":{"self":[{"href":"https:\/\/elregionaldigital.info\/index.php?rest_route=\/wp\/v2\/posts\/2685","targetHints":{"allow":["GET"]}}],"collection":[{"href":"https:\/\/elregionaldigital.info\/index.php?rest_route=\/wp\/v2\/posts"}],"about":[{"href":"https:\/\/elregionaldigital.info\/index.php?rest_route=\/wp\/v2\/types\/post"}],"author":[{"embeddable":true,"href":"https:\/\/elregionaldigital.info\/index.php?rest_route=\/wp\/v2\/users\/1"}],"replies":[{"embeddable":true,"href":"https:\/\/elregionaldigital.info\/index.php?rest_route=%2Fwp%2Fv2%2Fcomments&post=2685"}],"version-history":[{"count":1,"href":"https:\/\/elregionaldigital.info\/index.php?rest_route=\/wp\/v2\/posts\/2685\/revisions"}],"predecessor-version":[{"id":2687,"href":"https:\/\/elregionaldigital.info\/index.php?rest_route=\/wp\/v2\/posts\/2685\/revisions\/2687"}],"wp:featuredmedia":[{"embeddable":true,"href":"https:\/\/elregionaldigital.info\/index.php?rest_route=\/wp\/v2\/media\/2686"}],"wp:attachment":[{"href":"https:\/\/elregionaldigital.info\/index.php?rest_route=%2Fwp%2Fv2%2Fmedia&parent=2685"}],"wp:term":[{"taxonomy":"category","embeddable":true,"href":"https:\/\/elregionaldigital.info\/index.php?rest_route=%2Fwp%2Fv2%2Fcategories&post=2685"},{"taxonomy":"post_tag","embeddable":true,"href":"https:\/\/elregionaldigital.info\/index.php?rest_route=%2Fwp%2Fv2%2Ftags&post=2685"}],"curies":[{"name":"wp","href":"https:\/\/api.w.org\/{rel}","templated":true}]}}