{"id":2678,"date":"2024-05-20T17:59:05","date_gmt":"2024-05-20T17:59:05","guid":{"rendered":"http:\/\/elregionaldigital.info\/?p=2678"},"modified":"2024-05-22T18:00:28","modified_gmt":"2024-05-22T18:00:28","slug":"al-80-el-control-de-incendio-del-canon-del-novillo-en-cd-victoria","status":"publish","type":"post","link":"https:\/\/elregionaldigital.info\/?p=2678","title":{"rendered":"Al 80% el control de incendio del Ca\u00f1\u00f3n del Novillo en Cd.Victoria."},"content":{"rendered":"\n<p><a href=\"https:\/\/laverdad.com.mx\/wp-content\/uploads\/2024\/05\/20fores-scaled.jpg\"><\/a><\/p>\n\n\n\n<figure class=\"wp-block-image\"><a href=\"https:\/\/laverdad.com.mx\/wp-content\/uploads\/2024\/05\/20fores-scaled.jpg\"><img decoding=\"async\" src=\"https:\/\/laverdad.com.mx\/wp-content\/uploads\/2024\/05\/20fores-750x563.jpg\" alt=\"Avanza a 80% el control de incendio forestal en Ca\u00f1\u00f3n del Novillo de Victoria\"\/><\/a><\/figure>\n\n\n\n<p><a href=\"https:\/\/laverdad.com.mx\/wp-content\/uploads\/2024\/05\/20fores-scaled.jpg\">Al actualizar la informaci\u00f3n sobre el combate al incendio forestal en el Ca\u00f1\u00f3n del Novillo, esta noche se report\u00f3 un control al 80 por ciento y una liquidaci\u00f3n del 70 por ciento.<\/a><\/p>\n\n\n\n<p>Al actualizar la informaci\u00f3n sobre el combate al incendio forestal en el Ca\u00f1\u00f3n del Novillo, esta noche se report\u00f3 un control al 80 por ciento y una liquidaci\u00f3n del 70 por ciento.<\/p>\n\n\n\n<p>Al informar lo anterior, Protecci\u00f3n Civil Tamaulipas se\u00f1al\u00f3 que contin\u00faa el trabajo del personal brigadista pertenecientes a diferentes instituciones como Sedena, Guardia Nacional, Comisi\u00f3n Nacional de \u00c1reas Naturales Protegidas, Secretar\u00eda de Seguridad P\u00fablica Tamaulipas, Seduma Tamaulipas, Secretar\u00eda de Desarrollo Rural, Protecci\u00f3n Civil Y Bomberos de Ciudad Victoria y personal voluntario.<\/p>\n\n\n\n<p>A trav\u00e9s de sus cuentas oficiales de redes sociales, PC Tamaulipas se\u00f1al\u00f3 que el d\u00eda de hoy el helic\u00f3ptero de la Secretar\u00eda de Marina descarg\u00f3 22 mil 500 litros de agua tratada en los puntos de calor a\u00fan activos.<\/p>\n\n\n\n<p>Reconociendo el gran esfuerzo que desde el inicio de los trabajos el personal combatiente ha realizado, se detall\u00f3 que se han hecho un total de 33.46 kil\u00f3metros de brechas cortafuego alrededor del incendio.<\/p>\n\n\n\n<p>Cabe recordar que esta ma\u00f1ana el gobernador del Estado Am\u00e9rico Villarreal Anaya precis\u00f3 que en el combate al incendio forestal est\u00e1n trabajando m\u00e1s de 460 trabajadores de diferentes dependencias, brigadistas comunitarios y personal voluntario.<\/p>\n","protected":false},"excerpt":{"rendered":"<p>Al actualizar la informaci\u00f3n sobre el combate al incendio forestal en el Ca\u00f1\u00f3n del Novillo, esta noche se report\u00f3 un control al 80 por ciento y una liquidaci\u00f3n del 70 por ciento. Al actualizar la informaci\u00f3n sobre el combate al incendio forestal en el Ca\u00f1\u00f3n del Novillo, esta noche se report\u00f3 un control al 80 [&hellip;]<\/p>\n","protected":false},"author":1,"featured_media":2679,"comment_status":"open","ping_status":"open","sticky":false,"template":"","format":"standard","meta":{"footnotes":""},"categories":[2],"tags":[],"class_list":["post-2678","post","type-post","status-publish","format-standard","has-post-thumbnail","hentry","category-tamaulipas"],"blog_post_layout_featured_media_urls":{"thumbnail":["https:\/\/elregionaldigital.info\/wp-content\/uploads\/2024\/05\/Ta2k7nzaV32Yeq5DQxHd-150x150.jpeg",150,150,true],"full":["https:\/\/elregionaldigital.info\/wp-content\/uploads\/2024\/05\/Ta2k7nzaV32Yeq5DQxHd.jpeg",900,506,false]},"categories_names":{"2":{"name":"Tamaulipas","link":"https:\/\/elregionaldigital.info\/?cat=2"}},"tags_names":[],"comments_number":"0","wpmagazine_modules_lite_featured_media_urls":{"thumbnail":["https:\/\/elregionaldigital.info\/wp-content\/uploads\/2024\/05\/Ta2k7nzaV32Yeq5DQxHd-150x150.jpeg",150,150,true],"cvmm-medium":["https:\/\/elregionaldigital.info\/wp-content\/uploads\/2024\/05\/Ta2k7nzaV32Yeq5DQxHd-300x300.jpeg",300,300,true],"cvmm-medium-plus":["https:\/\/elregionaldigital.info\/wp-content\/uploads\/2024\/05\/Ta2k7nzaV32Yeq5DQxHd-305x207.jpeg",305,207,true],"cvmm-portrait":["https:\/\/elregionaldigital.info\/wp-content\/uploads\/2024\/05\/Ta2k7nzaV32Yeq5DQxHd-400x506.jpeg",400,506,true],"cvmm-medium-square":["https:\/\/elregionaldigital.info\/wp-content\/uploads\/2024\/05\/Ta2k7nzaV32Yeq5DQxHd-600x506.jpeg",600,506,true],"cvmm-large":["https:\/\/elregionaldigital.info\/wp-content\/uploads\/2024\/05\/Ta2k7nzaV32Yeq5DQxHd.jpeg",900,506,false],"cvmm-small":["https:\/\/elregionaldigital.info\/wp-content\/uploads\/2024\/05\/Ta2k7nzaV32Yeq5DQxHd-130x95.jpeg",130,95,true],"full":["https:\/\/elregionaldigital.info\/wp-content\/uploads\/2024\/05\/Ta2k7nzaV32Yeq5DQxHd.jpeg",900,506,false]},"_links":{"self":[{"href":"https:\/\/elregionaldigital.info\/index.php?rest_route=\/wp\/v2\/posts\/2678","targetHints":{"allow":["GET"]}}],"collection":[{"href":"https:\/\/elregionaldigital.info\/index.php?rest_route=\/wp\/v2\/posts"}],"about":[{"href":"https:\/\/elregionaldigital.info\/index.php?rest_route=\/wp\/v2\/types\/post"}],"author":[{"embeddable":true,"href":"https:\/\/elregionaldigital.info\/index.php?rest_route=\/wp\/v2\/users\/1"}],"replies":[{"embeddable":true,"href":"https:\/\/elregionaldigital.info\/index.php?rest_route=%2Fwp%2Fv2%2Fcomments&post=2678"}],"version-history":[{"count":1,"href":"https:\/\/elregionaldigital.info\/index.php?rest_route=\/wp\/v2\/posts\/2678\/revisions"}],"predecessor-version":[{"id":2680,"href":"https:\/\/elregionaldigital.info\/index.php?rest_route=\/wp\/v2\/posts\/2678\/revisions\/2680"}],"wp:featuredmedia":[{"embeddable":true,"href":"https:\/\/elregionaldigital.info\/index.php?rest_route=\/wp\/v2\/media\/2679"}],"wp:attachment":[{"href":"https:\/\/elregionaldigital.info\/index.php?rest_route=%2Fwp%2Fv2%2Fmedia&parent=2678"}],"wp:term":[{"taxonomy":"category","embeddable":true,"href":"https:\/\/elregionaldigital.info\/index.php?rest_route=%2Fwp%2Fv2%2Fcategories&post=2678"},{"taxonomy":"post_tag","embeddable":true,"href":"https:\/\/elregionaldigital.info\/index.php?rest_route=%2Fwp%2Fv2%2Ftags&post=2678"}],"curies":[{"name":"wp","href":"https:\/\/api.w.org\/{rel}","templated":true}]}}