{"id":2675,"date":"2024-05-19T17:56:23","date_gmt":"2024-05-19T17:56:23","guid":{"rendered":"http:\/\/elregionaldigital.info\/?p=2675"},"modified":"2024-05-22T17:58:19","modified_gmt":"2024-05-22T17:58:19","slug":"calores-intensos-traeran-ciclones-mas-fuertes-smn","status":"publish","type":"post","link":"https:\/\/elregionaldigital.info\/?p=2675","title":{"rendered":"Calores intensos traer\u00e1n  ciclones m\u00e1s fuertes : SMN."},"content":{"rendered":"\n<p><a href=\"https:\/\/laverdad.com.mx\/wp-content\/uploads\/2024\/05\/18ciclo.webp\"><\/a><\/p>\n\n\n\n<figure class=\"wp-block-image\"><a href=\"https:\/\/laverdad.com.mx\/wp-content\/uploads\/2024\/05\/18ciclo.webp\"><img decoding=\"async\" src=\"https:\/\/laverdad.com.mx\/wp-content\/uploads\/2024\/05\/18ciclo-750x563.webp\" alt=\"Intenso calor podr\u00eda propiciar formaci\u00f3n de ciclones m\u00e1s potentes:SMN\"\/><\/a><\/figure>\n\n\n\n<p>Los ciclones son sistemas de vientos fuertes que se forman sobre oc\u00e9anos c\u00e1lidos y que giran en sentido contrario a las agujas del reloj en el hemisferio norte y en sentido de las agujas del reloj en el hemisferio sur. Estos fen\u00f3menos meteorol\u00f3gicos se clasifican principalmente en tres tipos:<\/p>\n\n\n\n<p><strong>Estragos de ciclones en M\u00e9xico<\/strong><\/p>\n\n\n\n<p><strong>Depresiones tropicales<\/strong>: Sistemas de baja presi\u00f3n con vientos m\u00e1ximos sostenidos de hasta 62 km\/h.&nbsp;<strong>Tormentas tropicales<\/strong>: Sistemas con vientos sostenidos entre 63 y 117 km\/h.&nbsp;<strong>Huracanes<\/strong>: Sistemas con vientos sostenidos de m\u00e1s de 118 km\/h, que a su vez se dividen en cinco categor\u00edas seg\u00fan la escala Saffir-Simpson, basada en la velocidad del viento.<\/p>\n\n\n\n<p>Los ciclones se forman a partir de perturbaciones atmosf\u00e9ricas sobre aguas oce\u00e1nicas c\u00e1lidas, t\u00edpicamente a temperaturas superiores a 26\u00b0C. La humedad y el calor del oc\u00e9ano proporcionan la energ\u00eda necesaria para el desarrollo de estas tormentas. A medida que el aire c\u00e1lido y h\u00famedo asciende, se enfr\u00eda y se condensa, liberando calor latente que alimenta a\u00fan m\u00e1s la tormenta, provocando un ciclo de retroalimentaci\u00f3n que puede llevar a la formaci\u00f3n de un cicl\u00f3n.<\/p>\n\n\n\n<p>Los ciclones pueden causar da\u00f1os significativos debido a los fuertes vientos, lluvias torrenciales y marejadas cicl\u00f3nicas, que pueden provocar inundaciones, deslizamientos de tierra y destrucci\u00f3n de infraestructura. El impacto de un cicl\u00f3n depende de su intensidad, velocidad de avance, tama\u00f1o y duraci\u00f3n, as\u00ed como de la vulnerabilidad de las \u00e1reas afectadas.<\/p>\n\n\n\n<p><strong>Fuertes ciclones en M\u00e9xico<\/strong><\/p>\n\n\n\n<p>En los \u00faltimos a\u00f1os en M\u00e9xico ha habido huracanes que ha resultado devastadores, uno de ellos fue el hurac\u00e1n Patricia en 2015, fue Categor\u00eda 5, es conocido por ser el cicl\u00f3n tropical m\u00e1s fuerte registrado en el hemisferio occidental, con vientos sostenidos de 345 km\/h.<\/p>\n\n\n\n<p>Otro fue el hurac\u00e1n Willa categor\u00eda 5 en el a\u00f1o 2018, Willa alcanz\u00f3 su m\u00e1xima intensidad en el Oc\u00e9ano Pac\u00edfico antes de debilitarse ligeramente al tocar tierra en el estado de Sinaloa. Provoc\u00f3 inundaciones, deslizamientos de tierra y destrucci\u00f3n de viviendas y cultivos, pero las evacuaciones preventivas ayudaron a minimizar la p\u00e9rdida de vidas humanas.<\/p>\n\n\n\n<p>Uno m\u00e1s fue Odile en 2014, fue categor\u00eda: 4, fue uno de los ciclones m\u00e1s destructivos que ha afectado la pen\u00ednsula de Baja California. Caus\u00f3 da\u00f1os severos en infraestructura tur\u00edstica y residencial, especialmente en Los Cabos, dejando a miles de personas sin hogar y provocando cuantiosas p\u00e9rdidas econ\u00f3micas.<\/p>\n\n\n\n<p><strong>COMIENZAN A DESPERTAR CICLONES ESTE 2024<\/strong>&nbsp;Este a\u00f1o 2024, las autoridades se encuentran alerta ante estos fen\u00f3menos, este s\u00e1bado 18 de mayo, el Servicio Meteorol\u00f3gico Nacional (SMN) ha informado que se mantiene en vigilancia sobre dos zonas de baja presi\u00f3n en el centro y sur del pa\u00eds, con 10% y 20% de probabilidad de desarrollo cicl\u00f3nico en las pr\u00f3ximas 48 horas y siete d\u00edas, respectivamente.<\/p>\n\n\n\n<p>Estas zonas se ubican a 850 kil\u00f3metros al sur-suroeste de Punta San Telmo, Michoac\u00e1n y al sur de los estados de Guerrero y Oaxaca<\/p>\n","protected":false},"excerpt":{"rendered":"<p>Los ciclones son sistemas de vientos fuertes que se forman sobre oc\u00e9anos c\u00e1lidos y que giran en sentido contrario a las agujas del reloj en el hemisferio norte y en sentido de las agujas del reloj en el hemisferio sur. Estos fen\u00f3menos meteorol\u00f3gicos se clasifican principalmente en tres tipos: Estragos de ciclones en M\u00e9xico Depresiones [&hellip;]<\/p>\n","protected":false},"author":1,"featured_media":2676,"comment_status":"open","ping_status":"open","sticky":false,"template":"","format":"standard","meta":{"footnotes":""},"categories":[5],"tags":[],"class_list":["post-2675","post","type-post","status-publish","format-standard","has-post-thumbnail","hentry","category-nacional"],"blog_post_layout_featured_media_urls":{"thumbnail":["https:\/\/elregionaldigital.info\/wp-content\/uploads\/2024\/05\/IMG_0969-150x150.jpg",150,150,true],"full":["https:\/\/elregionaldigital.info\/wp-content\/uploads\/2024\/05\/IMG_0969.jpg",560,356,false]},"categories_names":{"5":{"name":"Nacional","link":"https:\/\/elregionaldigital.info\/?cat=5"}},"tags_names":[],"comments_number":"0","wpmagazine_modules_lite_featured_media_urls":{"thumbnail":["https:\/\/elregionaldigital.info\/wp-content\/uploads\/2024\/05\/IMG_0969-150x150.jpg",150,150,true],"cvmm-medium":["https:\/\/elregionaldigital.info\/wp-content\/uploads\/2024\/05\/IMG_0969-300x300.jpg",300,300,true],"cvmm-medium-plus":["https:\/\/elregionaldigital.info\/wp-content\/uploads\/2024\/05\/IMG_0969-305x207.jpg",305,207,true],"cvmm-portrait":["https:\/\/elregionaldigital.info\/wp-content\/uploads\/2024\/05\/IMG_0969-400x356.jpg",400,356,true],"cvmm-medium-square":["https:\/\/elregionaldigital.info\/wp-content\/uploads\/2024\/05\/IMG_0969.jpg",560,356,false],"cvmm-large":["https:\/\/elregionaldigital.info\/wp-content\/uploads\/2024\/05\/IMG_0969.jpg",560,356,false],"cvmm-small":["https:\/\/elregionaldigital.info\/wp-content\/uploads\/2024\/05\/IMG_0969-130x95.jpg",130,95,true],"full":["https:\/\/elregionaldigital.info\/wp-content\/uploads\/2024\/05\/IMG_0969.jpg",560,356,false]},"_links":{"self":[{"href":"https:\/\/elregionaldigital.info\/index.php?rest_route=\/wp\/v2\/posts\/2675","targetHints":{"allow":["GET"]}}],"collection":[{"href":"https:\/\/elregionaldigital.info\/index.php?rest_route=\/wp\/v2\/posts"}],"about":[{"href":"https:\/\/elregionaldigital.info\/index.php?rest_route=\/wp\/v2\/types\/post"}],"author":[{"embeddable":true,"href":"https:\/\/elregionaldigital.info\/index.php?rest_route=\/wp\/v2\/users\/1"}],"replies":[{"embeddable":true,"href":"https:\/\/elregionaldigital.info\/index.php?rest_route=%2Fwp%2Fv2%2Fcomments&post=2675"}],"version-history":[{"count":1,"href":"https:\/\/elregionaldigital.info\/index.php?rest_route=\/wp\/v2\/posts\/2675\/revisions"}],"predecessor-version":[{"id":2677,"href":"https:\/\/elregionaldigital.info\/index.php?rest_route=\/wp\/v2\/posts\/2675\/revisions\/2677"}],"wp:featuredmedia":[{"embeddable":true,"href":"https:\/\/elregionaldigital.info\/index.php?rest_route=\/wp\/v2\/media\/2676"}],"wp:attachment":[{"href":"https:\/\/elregionaldigital.info\/index.php?rest_route=%2Fwp%2Fv2%2Fmedia&parent=2675"}],"wp:term":[{"taxonomy":"category","embeddable":true,"href":"https:\/\/elregionaldigital.info\/index.php?rest_route=%2Fwp%2Fv2%2Fcategories&post=2675"},{"taxonomy":"post_tag","embeddable":true,"href":"https:\/\/elregionaldigital.info\/index.php?rest_route=%2Fwp%2Fv2%2Ftags&post=2675"}],"curies":[{"name":"wp","href":"https:\/\/api.w.org\/{rel}","templated":true}]}}