{"id":2671,"date":"2024-05-18T15:01:29","date_gmt":"2024-05-18T15:01:29","guid":{"rendered":"http:\/\/elregionaldigital.info\/?p=2671"},"modified":"2024-05-20T15:02:02","modified_gmt":"2024-05-20T15:02:02","slug":"disena-la-uat-una-aplicacion-movil-para-fortalecer-el-aprendizaje-de-las-matematicas-y-el-calculo-mental","status":"publish","type":"post","link":"https:\/\/elregionaldigital.info\/?p=2671","title":{"rendered":"Dise\u00f1a la UAT una aplicaci\u00f3n m\u00f3vil para fortalecer el aprendizaje de las matem\u00e1ticas y el c\u00e1lculo mental"},"content":{"rendered":"\n<figure class=\"wp-block-image\"><img decoding=\"async\" src=\"https:\/\/noticierodelnorte.info\/wp-content\/uploads\/2024\/05\/3-3-840x480.jpg\" alt=\"\" class=\"wp-image-862\"\/><\/figure>\n\n\n\n<p>La Universidad Aut\u00f3noma de Tamaulipas (UAT) reafirma su compromiso con la<br>excelencia acad\u00e9mica y la innovaci\u00f3n educativa mediante el desarrollo de<br>proyectos tecnol\u00f3gicos que impacten positivamente en la sociedad tamaulipeca.<br>En ese sentido, docentes y estudiantes de la Unidad Acad\u00e9mica<br>Multidisciplinaria Mante est\u00e1n liderando un proyecto pionero que trata de la<br>creaci\u00f3n de la aplicaci\u00f3n m\u00f3vil Calcula UAT, dise\u00f1ada para fortalecer el<br>aprendizaje de matem\u00e1ticas y c\u00e1lculo mental entre estudiantes de todas las<br>edades.<br>El proyecto est\u00e1 bajo la direcci\u00f3n del Dr. \u00c1ngel Mario Lerma S\u00e1nchez, la<br>Mtra. Karen Alejandra Serna Tello, el Dr. Joaqu\u00edn Torres Mata y el Dr. Felipe<br>Gonz\u00e1lez Gonz\u00e1lez, con la colaboraci\u00f3n de los estudiantes de Ingenier\u00eda en<br>Sistemas Computacionales Ang\u00e9lica Dayhana G\u00f3mez Hern\u00e1ndez, Set Eduardo<br>Moreno Serv\u00edn y Kevin Daniel Mendoza Hern\u00e1ndez.<br>Actualmente, Calcula UAT se encuentra en su fase inicial de<br>implementaci\u00f3n, con un programa piloto en diversas escuelas primarias de la<br>regi\u00f3n sur de Tamaulipas, entre ellas, los planteles Horacio Ter\u00e1n y Carmen<br>Serd\u00e1n.<br>Esta fase experimental permitir\u00e1 no solo evaluar la efectividad de la<br>aplicaci\u00f3n, sino tambi\u00e9n establecer v\u00ednculos s\u00f3lidos entre la Universidad y la<br>comunidad escolar. La UAT, consciente de su rol como agente de cambio en la<br>sociedad, promueve activamente el inter\u00e9s por apoyar a estudiantes de primaria<br>en su proceso de aprendizaje.<br>A trav\u00e9s de iniciativas como Calcula UAT, la Universidad busca fortalecer<br>las habilidades acad\u00e9micas de las ni\u00f1as y ni\u00f1os, a la vez que infundirles el amor<br>por el conocimiento e impulsar su desarrollo integral como individuos.<\/p>\n\n\n\n<p>La importancia de que la m\u00e1xima casa de estudios del estado promueva<br>este tipo de proyectos va m\u00e1s all\u00e1 de la mera innovaci\u00f3n tecnol\u00f3gica, pues estas<br>iniciativas reflejan el compromiso institucional con la formaci\u00f3n integral de sus<br>estudiantes, fomentando el liderazgo, la creatividad y la responsabilidad social<br>como pilares fundamentales de la educaci\u00f3n superior.<\/p>\n","protected":false},"excerpt":{"rendered":"<p>La Universidad Aut\u00f3noma de Tamaulipas (UAT) reafirma su compromiso con laexcelencia acad\u00e9mica y la innovaci\u00f3n educativa mediante el desarrollo deproyectos tecnol\u00f3gicos que impacten positivamente en la sociedad tamaulipeca.En ese sentido, docentes y estudiantes de la Unidad Acad\u00e9micaMultidisciplinaria Mante est\u00e1n liderando un proyecto pionero que trata de lacreaci\u00f3n de la aplicaci\u00f3n m\u00f3vil Calcula UAT, dise\u00f1ada para [&hellip;]<\/p>\n","protected":false},"author":1,"featured_media":2672,"comment_status":"open","ping_status":"open","sticky":false,"template":"","format":"standard","meta":{"footnotes":""},"categories":[4],"tags":[],"class_list":["post-2671","post","type-post","status-publish","format-standard","has-post-thumbnail","hentry","category-universidades"],"blog_post_layout_featured_media_urls":{"thumbnail":["https:\/\/elregionaldigital.info\/wp-content\/uploads\/2024\/05\/2-1-2-150x150.jpg",150,150,true],"full":["https:\/\/elregionaldigital.info\/wp-content\/uploads\/2024\/05\/2-1-2.jpg",1200,865,false]},"categories_names":{"4":{"name":"Universidades","link":"https:\/\/elregionaldigital.info\/?cat=4"}},"tags_names":[],"comments_number":"0","wpmagazine_modules_lite_featured_media_urls":{"thumbnail":["https:\/\/elregionaldigital.info\/wp-content\/uploads\/2024\/05\/2-1-2-150x150.jpg",150,150,true],"cvmm-medium":["https:\/\/elregionaldigital.info\/wp-content\/uploads\/2024\/05\/2-1-2-300x300.jpg",300,300,true],"cvmm-medium-plus":["https:\/\/elregionaldigital.info\/wp-content\/uploads\/2024\/05\/2-1-2-305x207.jpg",305,207,true],"cvmm-portrait":["https:\/\/elregionaldigital.info\/wp-content\/uploads\/2024\/05\/2-1-2-400x600.jpg",400,600,true],"cvmm-medium-square":["https:\/\/elregionaldigital.info\/wp-content\/uploads\/2024\/05\/2-1-2-600x600.jpg",600,600,true],"cvmm-large":["https:\/\/elregionaldigital.info\/wp-content\/uploads\/2024\/05\/2-1-2-1024x865.jpg",1024,865,true],"cvmm-small":["https:\/\/elregionaldigital.info\/wp-content\/uploads\/2024\/05\/2-1-2-130x95.jpg",130,95,true],"full":["https:\/\/elregionaldigital.info\/wp-content\/uploads\/2024\/05\/2-1-2.jpg",1200,865,false]},"_links":{"self":[{"href":"https:\/\/elregionaldigital.info\/index.php?rest_route=\/wp\/v2\/posts\/2671","targetHints":{"allow":["GET"]}}],"collection":[{"href":"https:\/\/elregionaldigital.info\/index.php?rest_route=\/wp\/v2\/posts"}],"about":[{"href":"https:\/\/elregionaldigital.info\/index.php?rest_route=\/wp\/v2\/types\/post"}],"author":[{"embeddable":true,"href":"https:\/\/elregionaldigital.info\/index.php?rest_route=\/wp\/v2\/users\/1"}],"replies":[{"embeddable":true,"href":"https:\/\/elregionaldigital.info\/index.php?rest_route=%2Fwp%2Fv2%2Fcomments&post=2671"}],"version-history":[{"count":1,"href":"https:\/\/elregionaldigital.info\/index.php?rest_route=\/wp\/v2\/posts\/2671\/revisions"}],"predecessor-version":[{"id":2673,"href":"https:\/\/elregionaldigital.info\/index.php?rest_route=\/wp\/v2\/posts\/2671\/revisions\/2673"}],"wp:featuredmedia":[{"embeddable":true,"href":"https:\/\/elregionaldigital.info\/index.php?rest_route=\/wp\/v2\/media\/2672"}],"wp:attachment":[{"href":"https:\/\/elregionaldigital.info\/index.php?rest_route=%2Fwp%2Fv2%2Fmedia&parent=2671"}],"wp:term":[{"taxonomy":"category","embeddable":true,"href":"https:\/\/elregionaldigital.info\/index.php?rest_route=%2Fwp%2Fv2%2Fcategories&post=2671"},{"taxonomy":"post_tag","embeddable":true,"href":"https:\/\/elregionaldigital.info\/index.php?rest_route=%2Fwp%2Fv2%2Ftags&post=2671"}],"curies":[{"name":"wp","href":"https:\/\/api.w.org\/{rel}","templated":true}]}}