{"id":2660,"date":"2024-05-15T15:51:09","date_gmt":"2024-05-15T15:51:09","guid":{"rendered":"http:\/\/elregionaldigital.info\/?p=2660"},"modified":"2024-05-15T15:51:10","modified_gmt":"2024-05-15T15:51:10","slug":"kevin-alvarez-fuera-del-partido-contra-guadalajara-por-lesion","status":"publish","type":"post","link":"https:\/\/elregionaldigital.info\/?p=2660","title":{"rendered":"Kevin \u00c1lvarez fuera del Partido contra Guadalajara por lesi\u00f3n."},"content":{"rendered":"\n<p>15 de mayo 2024<\/p>\n\n\n\n<figure class=\"wp-block-image size-full\"><img loading=\"lazy\" decoding=\"async\" width=\"750\" height=\"500\" src=\"http:\/\/elregionaldigital.info\/wp-content\/uploads\/2024\/05\/KevinMXS-1-750x500-1.webp\" alt=\"\" class=\"wp-image-2661\" srcset=\"https:\/\/elregionaldigital.info\/wp-content\/uploads\/2024\/05\/KevinMXS-1-750x500-1.webp 750w, https:\/\/elregionaldigital.info\/wp-content\/uploads\/2024\/05\/KevinMXS-1-750x500-1-300x200.webp 300w\" sizes=\"auto, (max-width: 750px) 100vw, 750px\" \/><\/figure>\n\n\n\n<p>El lateral mexicano Kevin \u00c1lvarez no formar\u00e1 parte del equipo del Am\u00e9rica en el partido de Ida de las Semifinales del Clausura 2024 contra Chivas en Guadalajara. \u00c1lvarez, quien se qued\u00f3 en la Ciudad de M\u00e9xico, no realiz\u00f3 el viaje debido a una pubalgia, seg\u00fan inform\u00f3 R\u00c9CORD. Emilio Lara ocupar\u00e1 su lugar en el encuentro de este mi\u00e9rcoles.<\/p>\n\n\n\n<p>\u00c1lvarez ha experimentado una p\u00e9rdida de protagonismo en el equipo azulcrema durante este torneo, perdiendo su lugar en el once titular ante Israel Reyes.<\/p>\n\n\n\n<p>Por otra parte, el defensor uruguayo Sebasti\u00e1n C\u00e1ceres tampoco estar\u00e1 disponible para el entrenador Andr\u00e9 Jardine, ya que contin\u00faa recuper\u00e1ndose de una lesi\u00f3n sufrida en la serie de Concacaf Champions League contra Pachuca hace algunas semanas. C\u00e1ceres fue sometido a una intervenci\u00f3n quir\u00fargica y es poco probable que vuelva a jugar hasta el pr\u00f3ximo torneo.<\/p>\n","protected":false},"excerpt":{"rendered":"<p>15 de mayo 2024 El lateral mexicano Kevin \u00c1lvarez no formar\u00e1 parte del equipo del Am\u00e9rica en el partido de Ida de las Semifinales del Clausura 2024 contra Chivas en Guadalajara. \u00c1lvarez, quien se qued\u00f3 en la Ciudad de M\u00e9xico, no realiz\u00f3 el viaje debido a una pubalgia, seg\u00fan inform\u00f3 R\u00c9CORD. Emilio Lara ocupar\u00e1 su [&hellip;]<\/p>\n","protected":false},"author":1,"featured_media":2662,"comment_status":"open","ping_status":"open","sticky":false,"template":"","format":"standard","meta":{"footnotes":""},"categories":[6],"tags":[],"class_list":["post-2660","post","type-post","status-publish","format-standard","has-post-thumbnail","hentry","category-deportes"],"blog_post_layout_featured_media_urls":{"thumbnail":["https:\/\/elregionaldigital.info\/wp-content\/uploads\/2024\/05\/KevinMXS-1-750x500-2-150x150.webp",150,150,true],"full":["https:\/\/elregionaldigital.info\/wp-content\/uploads\/2024\/05\/KevinMXS-1-750x500-2.webp",750,500,false]},"categories_names":{"6":{"name":"Deportes","link":"https:\/\/elregionaldigital.info\/?cat=6"}},"tags_names":[],"comments_number":"0","wpmagazine_modules_lite_featured_media_urls":{"thumbnail":["https:\/\/elregionaldigital.info\/wp-content\/uploads\/2024\/05\/KevinMXS-1-750x500-2-150x150.webp",150,150,true],"cvmm-medium":["https:\/\/elregionaldigital.info\/wp-content\/uploads\/2024\/05\/KevinMXS-1-750x500-2-300x300.webp",300,300,true],"cvmm-medium-plus":["https:\/\/elregionaldigital.info\/wp-content\/uploads\/2024\/05\/KevinMXS-1-750x500-2-305x207.webp",305,207,true],"cvmm-portrait":["https:\/\/elregionaldigital.info\/wp-content\/uploads\/2024\/05\/KevinMXS-1-750x500-2-400x500.webp",400,500,true],"cvmm-medium-square":["https:\/\/elregionaldigital.info\/wp-content\/uploads\/2024\/05\/KevinMXS-1-750x500-2-600x500.webp",600,500,true],"cvmm-large":["https:\/\/elregionaldigital.info\/wp-content\/uploads\/2024\/05\/KevinMXS-1-750x500-2.webp",750,500,false],"cvmm-small":["https:\/\/elregionaldigital.info\/wp-content\/uploads\/2024\/05\/KevinMXS-1-750x500-2-130x95.webp",130,95,true],"full":["https:\/\/elregionaldigital.info\/wp-content\/uploads\/2024\/05\/KevinMXS-1-750x500-2.webp",750,500,false]},"_links":{"self":[{"href":"https:\/\/elregionaldigital.info\/index.php?rest_route=\/wp\/v2\/posts\/2660","targetHints":{"allow":["GET"]}}],"collection":[{"href":"https:\/\/elregionaldigital.info\/index.php?rest_route=\/wp\/v2\/posts"}],"about":[{"href":"https:\/\/elregionaldigital.info\/index.php?rest_route=\/wp\/v2\/types\/post"}],"author":[{"embeddable":true,"href":"https:\/\/elregionaldigital.info\/index.php?rest_route=\/wp\/v2\/users\/1"}],"replies":[{"embeddable":true,"href":"https:\/\/elregionaldigital.info\/index.php?rest_route=%2Fwp%2Fv2%2Fcomments&post=2660"}],"version-history":[{"count":1,"href":"https:\/\/elregionaldigital.info\/index.php?rest_route=\/wp\/v2\/posts\/2660\/revisions"}],"predecessor-version":[{"id":2663,"href":"https:\/\/elregionaldigital.info\/index.php?rest_route=\/wp\/v2\/posts\/2660\/revisions\/2663"}],"wp:featuredmedia":[{"embeddable":true,"href":"https:\/\/elregionaldigital.info\/index.php?rest_route=\/wp\/v2\/media\/2662"}],"wp:attachment":[{"href":"https:\/\/elregionaldigital.info\/index.php?rest_route=%2Fwp%2Fv2%2Fmedia&parent=2660"}],"wp:term":[{"taxonomy":"category","embeddable":true,"href":"https:\/\/elregionaldigital.info\/index.php?rest_route=%2Fwp%2Fv2%2Fcategories&post=2660"},{"taxonomy":"post_tag","embeddable":true,"href":"https:\/\/elregionaldigital.info\/index.php?rest_route=%2Fwp%2Fv2%2Ftags&post=2660"}],"curies":[{"name":"wp","href":"https:\/\/api.w.org\/{rel}","templated":true}]}}