{"id":2641,"date":"2024-05-11T05:54:56","date_gmt":"2024-05-11T05:54:56","guid":{"rendered":"http:\/\/elregionaldigital.info\/?p=2641"},"modified":"2024-05-13T05:56:21","modified_gmt":"2024-05-13T05:56:21","slug":"manuel-garcia-rulfo-a-jurassic-world","status":"publish","type":"post","link":"https:\/\/elregionaldigital.info\/?p=2641","title":{"rendered":"Manuel Garc\u00eda-Rulfo a \u201cJurassic World&#8221;"},"content":{"rendered":"\n<figure class=\"wp-block-image size-full\"><img loading=\"lazy\" decoding=\"async\" width=\"750\" height=\"450\" src=\"http:\/\/elregionaldigital.info\/wp-content\/uploads\/2024\/05\/JURASSICWORLD-750x450-1.jpg\" alt=\"\" class=\"wp-image-2642\" srcset=\"https:\/\/elregionaldigital.info\/wp-content\/uploads\/2024\/05\/JURASSICWORLD-750x450-1.jpg 750w, https:\/\/elregionaldigital.info\/wp-content\/uploads\/2024\/05\/JURASSICWORLD-750x450-1-300x180.jpg 300w\" sizes=\"auto, (max-width: 750px) 100vw, 750px\" \/><\/figure>\n\n\n\n<p>El actor Manuel Garc\u00eda-Rulfo, conocido por su destacada actuaci\u00f3n en \u201cThe Lincoln Lawyer\u201d de Netflix, dar\u00e1 el salto a la gran pantalla al unirse al elenco de la nueva pel\u00edcula de \u201cJurassic World\u201d de Universal y Amblin Entertainment. Seg\u00fan informa The Wrap, Garc\u00eda-Rulfo compartir\u00e1 escenas con estrellas de renombre como Scarlett Johansson y Jonathan Bailey.<\/p>\n\n\n\n<p>Este papel representa un hito en la carrera del actor, quien ha destacado en la pantalla chica con roles protag\u00f3nicos en diversas series en los \u00faltimos a\u00f1os.<\/p>\n\n\n\n<p>Dirigida por Gareth Edwards, la pel\u00edcula tiene programado su estreno para el 2 de julio de 2025. Con la producci\u00f3n ejecutiva de Steven Spielberg y un guion escrito por David Koepp, se espera que esta nueva entrega ofrezca una versi\u00f3n fresca y emocionante de la franquicia, alej\u00e1ndose de las caracter\u00edsticas de las pel\u00edculas anteriores.<\/p>\n\n\n\n<p>La franquicia de \u201cParque Jur\u00e1sico\u201d ha sido un fen\u00f3meno cultural desde su debut en 1993, recaudando m\u00e1s de 6 mil millones de d\u00f3lares en todo el mundo con seis pel\u00edculas hasta la fecha.<\/p>\n\n\n\n<p>Adem\u00e1s de su participaci\u00f3n en \u201cJurassic World\u201d, Garc\u00eda-Rulfo tambi\u00e9n protagonizar\u00e1 la pel\u00edcula original de Netflix, \u201cPedro P\u00e1ramo\u201d, basada en la ic\u00f3nica novela de Juan Rulfo. La adaptaci\u00f3n cinematogr\u00e1fica, dirigida por Roberto Prieto en su debut como director, promete ser otro \u00e9xito en la carrera del talentoso actor.<\/p>\n","protected":false},"excerpt":{"rendered":"<p>El actor Manuel Garc\u00eda-Rulfo, conocido por su destacada actuaci\u00f3n en \u201cThe Lincoln Lawyer\u201d de Netflix, dar\u00e1 el salto a la gran pantalla al unirse al elenco de la nueva pel\u00edcula de \u201cJurassic World\u201d de Universal y Amblin Entertainment. Seg\u00fan informa The Wrap, Garc\u00eda-Rulfo compartir\u00e1 escenas con estrellas de renombre como Scarlett Johansson y Jonathan Bailey. [&hellip;]<\/p>\n","protected":false},"author":1,"featured_media":2643,"comment_status":"open","ping_status":"open","sticky":false,"template":"","format":"standard","meta":{"footnotes":""},"categories":[3],"tags":[],"class_list":["post-2641","post","type-post","status-publish","format-standard","has-post-thumbnail","hentry","category-entretenimiento"],"blog_post_layout_featured_media_urls":{"thumbnail":["https:\/\/elregionaldigital.info\/wp-content\/uploads\/2024\/05\/JURASSICWORLD-750x450-2-150x150.jpg",150,150,true],"full":["https:\/\/elregionaldigital.info\/wp-content\/uploads\/2024\/05\/JURASSICWORLD-750x450-2.jpg",750,450,false]},"categories_names":{"3":{"name":"Entretenimiento","link":"https:\/\/elregionaldigital.info\/?cat=3"}},"tags_names":[],"comments_number":"0","wpmagazine_modules_lite_featured_media_urls":{"thumbnail":["https:\/\/elregionaldigital.info\/wp-content\/uploads\/2024\/05\/JURASSICWORLD-750x450-2-150x150.jpg",150,150,true],"cvmm-medium":["https:\/\/elregionaldigital.info\/wp-content\/uploads\/2024\/05\/JURASSICWORLD-750x450-2-300x300.jpg",300,300,true],"cvmm-medium-plus":["https:\/\/elregionaldigital.info\/wp-content\/uploads\/2024\/05\/JURASSICWORLD-750x450-2-305x207.jpg",305,207,true],"cvmm-portrait":["https:\/\/elregionaldigital.info\/wp-content\/uploads\/2024\/05\/JURASSICWORLD-750x450-2-400x450.jpg",400,450,true],"cvmm-medium-square":["https:\/\/elregionaldigital.info\/wp-content\/uploads\/2024\/05\/JURASSICWORLD-750x450-2-600x450.jpg",600,450,true],"cvmm-large":["https:\/\/elregionaldigital.info\/wp-content\/uploads\/2024\/05\/JURASSICWORLD-750x450-2.jpg",750,450,false],"cvmm-small":["https:\/\/elregionaldigital.info\/wp-content\/uploads\/2024\/05\/JURASSICWORLD-750x450-2-130x95.jpg",130,95,true],"full":["https:\/\/elregionaldigital.info\/wp-content\/uploads\/2024\/05\/JURASSICWORLD-750x450-2.jpg",750,450,false]},"_links":{"self":[{"href":"https:\/\/elregionaldigital.info\/index.php?rest_route=\/wp\/v2\/posts\/2641","targetHints":{"allow":["GET"]}}],"collection":[{"href":"https:\/\/elregionaldigital.info\/index.php?rest_route=\/wp\/v2\/posts"}],"about":[{"href":"https:\/\/elregionaldigital.info\/index.php?rest_route=\/wp\/v2\/types\/post"}],"author":[{"embeddable":true,"href":"https:\/\/elregionaldigital.info\/index.php?rest_route=\/wp\/v2\/users\/1"}],"replies":[{"embeddable":true,"href":"https:\/\/elregionaldigital.info\/index.php?rest_route=%2Fwp%2Fv2%2Fcomments&post=2641"}],"version-history":[{"count":1,"href":"https:\/\/elregionaldigital.info\/index.php?rest_route=\/wp\/v2\/posts\/2641\/revisions"}],"predecessor-version":[{"id":2644,"href":"https:\/\/elregionaldigital.info\/index.php?rest_route=\/wp\/v2\/posts\/2641\/revisions\/2644"}],"wp:featuredmedia":[{"embeddable":true,"href":"https:\/\/elregionaldigital.info\/index.php?rest_route=\/wp\/v2\/media\/2643"}],"wp:attachment":[{"href":"https:\/\/elregionaldigital.info\/index.php?rest_route=%2Fwp%2Fv2%2Fmedia&parent=2641"}],"wp:term":[{"taxonomy":"category","embeddable":true,"href":"https:\/\/elregionaldigital.info\/index.php?rest_route=%2Fwp%2Fv2%2Fcategories&post=2641"},{"taxonomy":"post_tag","embeddable":true,"href":"https:\/\/elregionaldigital.info\/index.php?rest_route=%2Fwp%2Fv2%2Ftags&post=2641"}],"curies":[{"name":"wp","href":"https:\/\/api.w.org\/{rel}","templated":true}]}}