{"id":2637,"date":"2024-05-10T05:53:09","date_gmt":"2024-05-10T05:53:09","guid":{"rendered":"http:\/\/elregionaldigital.info\/?p=2637"},"modified":"2024-05-13T05:54:46","modified_gmt":"2024-05-13T05:54:46","slug":"xochitl-galvez-en-tamaulipas","status":"publish","type":"post","link":"https:\/\/elregionaldigital.info\/?p=2637","title":{"rendered":"X\u00f3chitl G\u00e1lvez en Tamaulipas"},"content":{"rendered":"\n<figure class=\"wp-block-image size-full\"><img loading=\"lazy\" decoding=\"async\" width=\"750\" height=\"489\" src=\"http:\/\/elregionaldigital.info\/wp-content\/uploads\/2024\/05\/10ar-750x489-1.jpg\" alt=\"\" class=\"wp-image-2638\" srcset=\"https:\/\/elregionaldigital.info\/wp-content\/uploads\/2024\/05\/10ar-750x489-1.jpg 750w, https:\/\/elregionaldigital.info\/wp-content\/uploads\/2024\/05\/10ar-750x489-1-300x196.jpg 300w\" sizes=\"auto, (max-width: 750px) 100vw, 750px\" \/><\/figure>\n\n\n\n<p>En su segundo d\u00eda de actividades por Tamaulipas, los candidatos de la Coalici\u00f3n Fuerza y Coraz\u00f3n por M\u00e9xico, encabezados por&nbsp; X\u00f3chitl G\u00e1lvez Ruiz sostuvieron un encuentro con simpatizantes, la comunidad estudiantil y la sociedad civil de Ciudad Victoria, Mante, Tampico, Madero y Altamira.<\/p>\n\n\n\n<p>Arturo N\u00fa\u00f1ez Ruiz, candidato del PRI al Senado de la Rep\u00fablica, agradeci\u00f3 el respaldo de las y los tamaulipecos que han respondido al llamado de \u201cya basta de tener miedo y dar la pelea por M\u00e9xico\u201d, para salir a votar el pr\u00f3ximo 2 de junio por el futuro de sus familias.<\/p>\n\n\n\n<p>N\u00fa\u00f1ez Ruiz asisti\u00f3 a una reuni\u00f3n con el Presidente Nacional del PRI, Alejandro Moreno C\u00e1rdenas, quien reiter\u00f3 el respaldo y todo el apoyo de las bases priistas a los candidatos a senadores, diputados, alcaldes y a Presidenta de la Rep\u00fablica para luchar juntos por el cambio verdadero.<\/p>\n\n\n\n<p>Acompa\u00f1\u00f3 a X\u00f3chitl G\u00e1lvez a un encuentro con la comunidad estudiantil y sociedad civil de esta capital.<\/p>\n\n\n\n<p>M\u00e1s tarde en El Mante sostuvieron un encuentro con los habitantes de la regi\u00f3n ca\u00f1era, una de las zonas m\u00e1s afectadas por la delincuencia para hacer el compromiso de que al llegar a la presidencia \u201cle vamos a entrar con todo al tema de la seguridad porque se acabaron los abrazos a los delincuentes\u201d.<\/p>\n\n\n\n<p>Al final de la jornada fueron recibidos por los habitantes de Tampico, Madero y Altamira, quienes expresaron su respaldo a las propuestas en materia de seguridad, salud, educaci\u00f3n, vivienda, agua, el campo, empleo y otras.<\/p>\n","protected":false},"excerpt":{"rendered":"<p>En su segundo d\u00eda de actividades por Tamaulipas, los candidatos de la Coalici\u00f3n Fuerza y Coraz\u00f3n por M\u00e9xico, encabezados por&nbsp; X\u00f3chitl G\u00e1lvez Ruiz sostuvieron un encuentro con simpatizantes, la comunidad estudiantil y la sociedad civil de Ciudad Victoria, Mante, Tampico, Madero y Altamira. Arturo N\u00fa\u00f1ez Ruiz, candidato del PRI al Senado de la Rep\u00fablica, agradeci\u00f3 [&hellip;]<\/p>\n","protected":false},"author":1,"featured_media":2639,"comment_status":"open","ping_status":"open","sticky":false,"template":"","format":"standard","meta":{"footnotes":""},"categories":[2],"tags":[],"class_list":["post-2637","post","type-post","status-publish","format-standard","has-post-thumbnail","hentry","category-tamaulipas"],"blog_post_layout_featured_media_urls":{"thumbnail":["https:\/\/elregionaldigital.info\/wp-content\/uploads\/2024\/05\/10ar-750x489-2-150x150.jpg",150,150,true],"full":["https:\/\/elregionaldigital.info\/wp-content\/uploads\/2024\/05\/10ar-750x489-2.jpg",750,489,false]},"categories_names":{"2":{"name":"Tamaulipas","link":"https:\/\/elregionaldigital.info\/?cat=2"}},"tags_names":[],"comments_number":"0","wpmagazine_modules_lite_featured_media_urls":{"thumbnail":["https:\/\/elregionaldigital.info\/wp-content\/uploads\/2024\/05\/10ar-750x489-2-150x150.jpg",150,150,true],"cvmm-medium":["https:\/\/elregionaldigital.info\/wp-content\/uploads\/2024\/05\/10ar-750x489-2-300x300.jpg",300,300,true],"cvmm-medium-plus":["https:\/\/elregionaldigital.info\/wp-content\/uploads\/2024\/05\/10ar-750x489-2-305x207.jpg",305,207,true],"cvmm-portrait":["https:\/\/elregionaldigital.info\/wp-content\/uploads\/2024\/05\/10ar-750x489-2-400x489.jpg",400,489,true],"cvmm-medium-square":["https:\/\/elregionaldigital.info\/wp-content\/uploads\/2024\/05\/10ar-750x489-2-600x489.jpg",600,489,true],"cvmm-large":["https:\/\/elregionaldigital.info\/wp-content\/uploads\/2024\/05\/10ar-750x489-2.jpg",750,489,false],"cvmm-small":["https:\/\/elregionaldigital.info\/wp-content\/uploads\/2024\/05\/10ar-750x489-2-130x95.jpg",130,95,true],"full":["https:\/\/elregionaldigital.info\/wp-content\/uploads\/2024\/05\/10ar-750x489-2.jpg",750,489,false]},"_links":{"self":[{"href":"https:\/\/elregionaldigital.info\/index.php?rest_route=\/wp\/v2\/posts\/2637","targetHints":{"allow":["GET"]}}],"collection":[{"href":"https:\/\/elregionaldigital.info\/index.php?rest_route=\/wp\/v2\/posts"}],"about":[{"href":"https:\/\/elregionaldigital.info\/index.php?rest_route=\/wp\/v2\/types\/post"}],"author":[{"embeddable":true,"href":"https:\/\/elregionaldigital.info\/index.php?rest_route=\/wp\/v2\/users\/1"}],"replies":[{"embeddable":true,"href":"https:\/\/elregionaldigital.info\/index.php?rest_route=%2Fwp%2Fv2%2Fcomments&post=2637"}],"version-history":[{"count":1,"href":"https:\/\/elregionaldigital.info\/index.php?rest_route=\/wp\/v2\/posts\/2637\/revisions"}],"predecessor-version":[{"id":2640,"href":"https:\/\/elregionaldigital.info\/index.php?rest_route=\/wp\/v2\/posts\/2637\/revisions\/2640"}],"wp:featuredmedia":[{"embeddable":true,"href":"https:\/\/elregionaldigital.info\/index.php?rest_route=\/wp\/v2\/media\/2639"}],"wp:attachment":[{"href":"https:\/\/elregionaldigital.info\/index.php?rest_route=%2Fwp%2Fv2%2Fmedia&parent=2637"}],"wp:term":[{"taxonomy":"category","embeddable":true,"href":"https:\/\/elregionaldigital.info\/index.php?rest_route=%2Fwp%2Fv2%2Fcategories&post=2637"},{"taxonomy":"post_tag","embeddable":true,"href":"https:\/\/elregionaldigital.info\/index.php?rest_route=%2Fwp%2Fv2%2Ftags&post=2637"}],"curies":[{"name":"wp","href":"https:\/\/api.w.org\/{rel}","templated":true}]}}