{"id":2630,"date":"2024-05-08T17:20:55","date_gmt":"2024-05-08T17:20:55","guid":{"rendered":"http:\/\/elregionaldigital.info\/?p=2630"},"modified":"2024-05-09T17:25:18","modified_gmt":"2024-05-09T17:25:18","slug":"apoyo-a-pemex-seguira-porque-su-deuda-es-muy-grande-rogelio-ramirez-de-la-o","status":"publish","type":"post","link":"https:\/\/elregionaldigital.info\/?p=2630","title":{"rendered":"Apoyo a Pemex seguir\u00e1  porque su deuda es &#8216;muy grande&#8217; &#8211; Rogelio Ram\u00edrez de la O."},"content":{"rendered":"\n<figure class=\"wp-block-image size-large\"><img loading=\"lazy\" decoding=\"async\" width=\"1024\" height=\"640\" src=\"http:\/\/elregionaldigital.info\/wp-content\/uploads\/2024\/05\/deuda-pemex-cuartoscuro-rts-08052024-1024x640.jpeg\" alt=\"\" class=\"wp-image-2631\" srcset=\"https:\/\/elregionaldigital.info\/wp-content\/uploads\/2024\/05\/deuda-pemex-cuartoscuro-rts-08052024-1024x640.jpeg 1024w, https:\/\/elregionaldigital.info\/wp-content\/uploads\/2024\/05\/deuda-pemex-cuartoscuro-rts-08052024-300x188.jpeg 300w, https:\/\/elregionaldigital.info\/wp-content\/uploads\/2024\/05\/deuda-pemex-cuartoscuro-rts-08052024-768x480.jpeg 768w, https:\/\/elregionaldigital.info\/wp-content\/uploads\/2024\/05\/deuda-pemex-cuartoscuro-rts-08052024.jpeg 1200w\" sizes=\"auto, (max-width: 1024px) 100vw, 1024px\" \/><\/figure>\n\n\n\n<p>El secretario de Hacienda, Rogelio Ram\u00edrez de la O, admiti\u00f3 el martes que el apoyo fiscal a Petr\u00f3leos Mexicanos (Pemex)&nbsp;<strong>seguir\u00e1 \u201cpor a\u00f1os\u201d porque su deuda es \u201cmuy grande\u201d.<\/strong><\/p>\n\n\n\n<p>\u201cNo se puede ocultar el sol con un dedo, es una empresa muy grande que lleva 6 a\u00f1os de reestructura (\u2026) pero&nbsp;<strong>es una reestructura que va a tomar a\u00f1os, porque es una deuda muy grande<\/strong>&nbsp;y es una empresa muy grande\u201d, indic\u00f3 en su participaci\u00f3n en la \u2018Reuni\u00f3n Nacional de Consejeros Regionales (RNCR) 2024\u2019 del BBVA.<\/p>\n\n\n\n<p>El funcionario del Gobierno mexicano reconoci\u00f3 que\u00a0<strong>controlar la deuda de Pemex ha tomado los seis<\/strong>\u00a0a\u00f1os de la gesti\u00f3n del presidente Andr\u00e9s Manuel L\u00f3pez Obrador.<\/p>\n\n\n\n<p><span style=\"font-size: 19px; color: rgb(33, 37, 41); font-family: &quot;Barlow Condensed&quot;, sans-serif; white-space-collapse: collapse;\">Dijo que el aprendizaje durante este sexenio concluy\u00f3 que el siguiente paso para impulsar a la petrolera m\u00e1s endeudada del mundo<\/span><span style=\"font-size: 19px; color: rgb(33, 37, 41); font-family: &quot;Barlow Condensed&quot;, sans-serif; white-space-collapse: collapse;\">\u00a0<\/span><span style=\"font-size: 19px; color: rgb(33, 37, 41); font-family: &quot;Barlow Condensed&quot;, sans-serif; white-space-collapse: collapse; font-weight: bolder;\">\u201cpasa por la necesidad de enfocarse m\u00e1s en el refinanciamiento de la deuda\u201d<\/span><span style=\"font-size: 19px; color: rgb(33, 37, 41); font-family: &quot;Barlow Condensed&quot;, sans-serif; white-space-collapse: collapse;\">\u00a0<\/span><span style=\"font-size: 19px; color: rgb(33, 37, 41); font-family: &quot;Barlow Condensed&quot;, sans-serif; white-space-collapse: collapse;\">desde las finanzas del Gobierno mexicano.<\/span><div style=\"max-width: 100%; color: rgb(33, 37, 41); font-family: &quot;Barlow Condensed&quot;, sans-serif; font-size: 16px; white-space-collapse: collapse;\"><p style=\"margin-top: 1em; margin-bottom: 1em; line-height: 1.5em; font-size: 19px;\">Ram\u00edrez de la O record\u00f3 que desde este 2024 el Gobierno design\u00f3 en el presupuesto\u00a0<span style=\"font-weight: bolder;\">170,000 millones de pesos (unos 10,000 millones de d\u00f3lares)<\/span>\u00a0para amortizar deudas de corto plazo que venc\u00edan en el a\u00f1o.<\/p><\/div><\/p>\n\n\n\n<p>\u201cPemex ya dispone de una<strong>&nbsp;l\u00ednea de gasto para el prop\u00f3sito del pago de amortizaciones,<\/strong>&nbsp;entonces este es el inicio de una optimizaci\u00f3n, es decir, en el sentido de que el balance del Gobierno federal va a estar<strong>&nbsp;m\u00e1s dedicado a las atenciones de las necesidades de Pemex\u201d,<\/strong>&nbsp;destac\u00f3.<\/p>\n\n\n\n<p>Adem\u00e1s, previ\u00f3 que tanto Pemex como el Gobierno mexicano evaluar\u00e1n de forma coordinada las oportunidades<strong>&nbsp;\u201cpara reducir costos, mantener la autoridad y ser mucho m\u00e1s efectivos en las inversiones\u201d.<\/strong><\/p>\n\n\n\n<p>\u201cEn fin, es una agenda que ya va a tomar mucha m\u00e1s forma concreta en la siguiente etapa de esta estructura, pero<strong>&nbsp;es una reestructura que va a tomar a\u00f1os,<\/strong>&nbsp;porque es una deuda muy grande y es una empresa muy grande\u201d, remarc\u00f3.<\/p>\n","protected":false},"excerpt":{"rendered":"<p>El secretario de Hacienda, Rogelio Ram\u00edrez de la O, admiti\u00f3 el martes que el apoyo fiscal a Petr\u00f3leos Mexicanos (Pemex)&nbsp;seguir\u00e1 \u201cpor a\u00f1os\u201d porque su deuda es \u201cmuy grande\u201d. \u201cNo se puede ocultar el sol con un dedo, es una empresa muy grande que lleva 6 a\u00f1os de reestructura (\u2026) pero&nbsp;es una reestructura que va a [&hellip;]<\/p>\n","protected":false},"author":1,"featured_media":0,"comment_status":"open","ping_status":"open","sticky":false,"template":"","format":"standard","meta":{"footnotes":""},"categories":[5],"tags":[],"class_list":["post-2630","post","type-post","status-publish","format-standard","hentry","category-nacional"],"blog_post_layout_featured_media_urls":{"thumbnail":"","full":""},"categories_names":{"5":{"name":"Nacional","link":"https:\/\/elregionaldigital.info\/?cat=5"}},"tags_names":[],"comments_number":"0","wpmagazine_modules_lite_featured_media_urls":{"thumbnail":"","cvmm-medium":"","cvmm-medium-plus":"","cvmm-portrait":"","cvmm-medium-square":"","cvmm-large":"","cvmm-small":"","full":""},"_links":{"self":[{"href":"https:\/\/elregionaldigital.info\/index.php?rest_route=\/wp\/v2\/posts\/2630","targetHints":{"allow":["GET"]}}],"collection":[{"href":"https:\/\/elregionaldigital.info\/index.php?rest_route=\/wp\/v2\/posts"}],"about":[{"href":"https:\/\/elregionaldigital.info\/index.php?rest_route=\/wp\/v2\/types\/post"}],"author":[{"embeddable":true,"href":"https:\/\/elregionaldigital.info\/index.php?rest_route=\/wp\/v2\/users\/1"}],"replies":[{"embeddable":true,"href":"https:\/\/elregionaldigital.info\/index.php?rest_route=%2Fwp%2Fv2%2Fcomments&post=2630"}],"version-history":[{"count":1,"href":"https:\/\/elregionaldigital.info\/index.php?rest_route=\/wp\/v2\/posts\/2630\/revisions"}],"predecessor-version":[{"id":2632,"href":"https:\/\/elregionaldigital.info\/index.php?rest_route=\/wp\/v2\/posts\/2630\/revisions\/2632"}],"wp:attachment":[{"href":"https:\/\/elregionaldigital.info\/index.php?rest_route=%2Fwp%2Fv2%2Fmedia&parent=2630"}],"wp:term":[{"taxonomy":"category","embeddable":true,"href":"https:\/\/elregionaldigital.info\/index.php?rest_route=%2Fwp%2Fv2%2Fcategories&post=2630"},{"taxonomy":"post_tag","embeddable":true,"href":"https:\/\/elregionaldigital.info\/index.php?rest_route=%2Fwp%2Fv2%2Ftags&post=2630"}],"curies":[{"name":"wp","href":"https:\/\/api.w.org\/{rel}","templated":true}]}}