{"id":2624,"date":"2024-05-08T02:46:46","date_gmt":"2024-05-08T02:46:46","guid":{"rendered":"http:\/\/elregionaldigital.info\/?p=2624"},"modified":"2024-05-09T02:47:42","modified_gmt":"2024-05-09T02:47:42","slug":"abordan-en-la-uat-actualidades-de-la-comunicacion-en-la-era-digital","status":"publish","type":"post","link":"https:\/\/elregionaldigital.info\/?p=2624","title":{"rendered":"Abordan En La UAT Actualidades De La Comunicaci\u00f3n En La Era Digital"},"content":{"rendered":"\n<figure class=\"wp-block-image\"><img decoding=\"async\" src=\"https:\/\/noticiasdigitales.info\/wp-content\/uploads\/2024\/05\/2-2-1024x682.jpeg\" alt=\"\" class=\"wp-image-2573\"\/><\/figure>\n\n\n\n<figure class=\"wp-block-image\"><img decoding=\"async\" src=\"https:\/\/noticiasdigitales.info\/wp-content\/uploads\/2024\/05\/4-1024x682.jpeg\" alt=\"\" class=\"wp-image-2572\"\/><\/figure>\n\n\n\n<p>08 de Mayo 2024 <\/p>\n\n\n\n<p>La Universidad Aut\u00f3noma de Tamaulipas (UAT) inici\u00f3 este 8 de mayo el programa<br>de actividades acad\u00e9micas Yo Comunico Digital 8.0, una iniciativa que re\u00fane a<br>estudiantes y profesionales de la comunicaci\u00f3n en un espacio de aprendizaje e<br>intercambio de experiencias.<br>El evento integra una variedad de actividades dise\u00f1adas para enriquecer la<br>formaci\u00f3n de quienes ejercer\u00e1n profesionalmente la comunicaci\u00f3n y a la vez<br>fortalecer su vinculaci\u00f3n con destacadas personalidades del medio.<br>Entre las actividades programadas se encuentran conferencias magistrales,<br>mesas de di\u00e1logo, talleres y la presentaci\u00f3n de trabajos como cortometrajes y<br>videos realizados por estudiantes de la Licenciatura en Ciencias de la<br>Comunicaci\u00f3n de la Facultad de Derecho y Ciencias Sociales Victoria (FDCSV).<br>Luego del protocolo inaugural, se imparti\u00f3 la conferencia magistral \u201cToma<br>acci\u00f3n, no inspiraci\u00f3n\u201d, a cargo de la comunic\u00f3loga Angie Salazar, reconocida por<br>su destacada trayectoria en voz comercial, radio y locuci\u00f3n, quien comparti\u00f3 su<br>experiencia personal y profesional, motivando a la juventud universitaria a<br>perseguir sus metas y explorar diversas \u00e1reas dentro del campo de la<br>comunicaci\u00f3n.<br>Durante su intervenci\u00f3n, present\u00f3 en un emotivo video la participaci\u00f3n de<br>reconocidos locutores y actores de doblaje, como Mario Filio y Lili Barba,<br>concluyendo con un espacio para interactuar con la comunidad estudiantil reunida<br>en el Laboratorio de Televisi\u00f3n del plantel universitario.<br>La programaci\u00f3n de actividades contempl\u00f3 el desarrollo de talleres<br>simult\u00e1neos en temas como habilidades socioemocionales, fotograf\u00eda,<br>comunicaci\u00f3n pol\u00edtica, y estrategias para superar obst\u00e1culos y alcanzar el \u00e9xito en<br>el \u00e1mbito de la comunicaci\u00f3n.<\/p>\n\n\n\n<p>De igual manera, se program\u00f3 un festival cultural y art\u00edstico por parte de la<br>comunidad estudiantil, adem\u00e1s de la proyecci\u00f3n de cortometrajes centrados en<br>temas ambientales y la exhibici\u00f3n de videos producidos por el alumnado; y para<br>culminar, la mesa de di\u00e1logo \u201cInteligencia artificial: la posibilidad de renovar la<br>comunicolog\u00eda\u201d.<br>Yo Comunico Digital 8.0 es organizado por la Facultad de Derecho y<br>Ciencias Sociales Victoria de la UAT, en el marco del festejo anticipado por el<br>pr\u00f3ximo D\u00eda del Comunic\u00f3logo, que se celebra el 12 de mayo.<\/p>\n","protected":false},"excerpt":{"rendered":"<p>08 de Mayo 2024 La Universidad Aut\u00f3noma de Tamaulipas (UAT) inici\u00f3 este 8 de mayo el programade actividades acad\u00e9micas Yo Comunico Digital 8.0, una iniciativa que re\u00fane aestudiantes y profesionales de la comunicaci\u00f3n en un espacio de aprendizaje eintercambio de experiencias.El evento integra una variedad de actividades dise\u00f1adas para enriquecer laformaci\u00f3n de quienes ejercer\u00e1n profesionalmente [&hellip;]<\/p>\n","protected":false},"author":1,"featured_media":2625,"comment_status":"open","ping_status":"open","sticky":false,"template":"","format":"standard","meta":{"footnotes":""},"categories":[4],"tags":[],"class_list":["post-2624","post","type-post","status-publish","format-standard","has-post-thumbnail","hentry","category-universidades"],"blog_post_layout_featured_media_urls":{"thumbnail":["https:\/\/elregionaldigital.info\/wp-content\/uploads\/2024\/05\/4-2-150x150.jpeg",150,150,true],"full":["https:\/\/elregionaldigital.info\/wp-content\/uploads\/2024\/05\/4-2.jpeg",1600,1066,false]},"categories_names":{"4":{"name":"Universidades","link":"https:\/\/elregionaldigital.info\/?cat=4"}},"tags_names":[],"comments_number":"0","wpmagazine_modules_lite_featured_media_urls":{"thumbnail":["https:\/\/elregionaldigital.info\/wp-content\/uploads\/2024\/05\/4-2-150x150.jpeg",150,150,true],"cvmm-medium":["https:\/\/elregionaldigital.info\/wp-content\/uploads\/2024\/05\/4-2-300x300.jpeg",300,300,true],"cvmm-medium-plus":["https:\/\/elregionaldigital.info\/wp-content\/uploads\/2024\/05\/4-2-305x207.jpeg",305,207,true],"cvmm-portrait":["https:\/\/elregionaldigital.info\/wp-content\/uploads\/2024\/05\/4-2-400x600.jpeg",400,600,true],"cvmm-medium-square":["https:\/\/elregionaldigital.info\/wp-content\/uploads\/2024\/05\/4-2-600x600.jpeg",600,600,true],"cvmm-large":["https:\/\/elregionaldigital.info\/wp-content\/uploads\/2024\/05\/4-2-1024x1024.jpeg",1024,1024,true],"cvmm-small":["https:\/\/elregionaldigital.info\/wp-content\/uploads\/2024\/05\/4-2-130x95.jpeg",130,95,true],"full":["https:\/\/elregionaldigital.info\/wp-content\/uploads\/2024\/05\/4-2.jpeg",1600,1066,false]},"_links":{"self":[{"href":"https:\/\/elregionaldigital.info\/index.php?rest_route=\/wp\/v2\/posts\/2624","targetHints":{"allow":["GET"]}}],"collection":[{"href":"https:\/\/elregionaldigital.info\/index.php?rest_route=\/wp\/v2\/posts"}],"about":[{"href":"https:\/\/elregionaldigital.info\/index.php?rest_route=\/wp\/v2\/types\/post"}],"author":[{"embeddable":true,"href":"https:\/\/elregionaldigital.info\/index.php?rest_route=\/wp\/v2\/users\/1"}],"replies":[{"embeddable":true,"href":"https:\/\/elregionaldigital.info\/index.php?rest_route=%2Fwp%2Fv2%2Fcomments&post=2624"}],"version-history":[{"count":1,"href":"https:\/\/elregionaldigital.info\/index.php?rest_route=\/wp\/v2\/posts\/2624\/revisions"}],"predecessor-version":[{"id":2626,"href":"https:\/\/elregionaldigital.info\/index.php?rest_route=\/wp\/v2\/posts\/2624\/revisions\/2626"}],"wp:featuredmedia":[{"embeddable":true,"href":"https:\/\/elregionaldigital.info\/index.php?rest_route=\/wp\/v2\/media\/2625"}],"wp:attachment":[{"href":"https:\/\/elregionaldigital.info\/index.php?rest_route=%2Fwp%2Fv2%2Fmedia&parent=2624"}],"wp:term":[{"taxonomy":"category","embeddable":true,"href":"https:\/\/elregionaldigital.info\/index.php?rest_route=%2Fwp%2Fv2%2Fcategories&post=2624"},{"taxonomy":"post_tag","embeddable":true,"href":"https:\/\/elregionaldigital.info\/index.php?rest_route=%2Fwp%2Fv2%2Ftags&post=2624"}],"curies":[{"name":"wp","href":"https:\/\/api.w.org\/{rel}","templated":true}]}}