{"id":2613,"date":"2024-05-07T06:47:47","date_gmt":"2024-05-07T06:47:47","guid":{"rendered":"http:\/\/elregionaldigital.info\/?p=2613"},"modified":"2024-07-17T21:46:33","modified_gmt":"2024-07-17T21:46:33","slug":"la-uat-avanza-con-paso-firme-hacia-la-transformacion-y-laeducacion-humanista-damaso-anaya","status":"publish","type":"post","link":"https:\/\/elregionaldigital.info\/?p=2613","title":{"rendered":"La UAT avanza con paso firme hacia la transformaci\u00f3n y laeducaci\u00f3n humanista: D\u00e1maso Anaya"},"content":{"rendered":"\n<figure class=\"wp-block-image\"><img decoding=\"async\" src=\"https:\/\/noticierodelnorte.info\/wp-content\/uploads\/2024\/05\/3-1.jpeg\" alt=\"\"\/><\/figure>\n\n\n\n<p>El rector de la Universidad Aut\u00f3noma de Tamaulipas (UAT) MVZ D\u00e1maso<br>Leonardo Anaya Alvarado, presidi\u00f3 en el Campus Victoria la ceremonia de<br>Honores a la Bandera, y destac\u00f3 que la m\u00e1xima casa de estudios de la entidad<br>avanza con paso firme hacia la transformaci\u00f3n bajo la visi\u00f3n humanista.<br>Durante el evento celebrado la ma\u00f1ana de este 6 de mayo en la Plazoleta<br>C\u00edvica del Gimnasio Multidisciplinario Victoria, el rector D\u00e1maso Anaya se\u00f1al\u00f3 que<br>este acto es una expresi\u00f3n viva del compromiso de los universitarios con la patria<br>y los ideales de identidad, respeto y honor.<br>A\u00f1adi\u00f3 que la formaci\u00f3n c\u00edvica es crucial para que los universitarios no solo<br>se formen como profesionistas competentes, sino como ciudadanos ejemplares y<br>comprometidos con su comunidad, y su pa\u00eds.<br>Destac\u00f3 el rector la importancia que tiene para la UAT celebrar este mes el<br>D\u00eda de las Madres y el D\u00eda del Maestro: \u201cque son esenciales no solo como actos<br>de reconocimiento, sino pilares que fortalecen la unidad de nuestra familia UAT,<br>ayudando a consolidar una visi\u00f3n de comunidad que es fuente de identidad y<br>fortaleza\u201d, expres\u00f3.<br>D\u00e1maso Anaya destac\u00f3 tambi\u00e9n que, celebrar las fechas conmemorativas<br>por el D\u00eda del Trabajo y la hist\u00f3rica batalla de Puebla, recuerdan la importancia de<br>la lucha y el valor frente a los desaf\u00edos, y que son principios que deben guiar la<br>misi\u00f3n educativa y el desarrollo institucional de la Universidad Aut\u00f3noma de<br>Tamaulipas.<br>Asever\u00f3 que la UAT vive un contexto de renovaci\u00f3n y compromiso, dando<br>pasos necesarios para el cambio, para la integridad y el progreso educativo.<br>\u201cHago un llamado a la unidad y a reforzar nuestro compromiso de avanzar<br>juntos en esta nueva ruta de la universidad humanista dedicada al desarrollo pleno<br>de cada miembro de nuestra comunidad. Sigamos adelante con orgullo y con la<\/p>\n\n\n\n<p>certeza de que, cada paso que damos es en pro de un futuro m\u00e1s brillante para<br>nuestra universidad\u201d, concluy\u00f3 el rector.<br>Por otra parte, inform\u00f3 que este mes se llevar\u00e1n a cabo, mediante sendas<br>asambleas universitarias, la entrega del reconocimiento a la trayectoria del<br>personal docente; y se presentar\u00e1 el Plan de Desarrollo Institucional 2024-2028,<br>cuyo documento marcar\u00e1 la ruta futura, definiendo la nueva visi\u00f3n y la misi\u00f3n de la<br>UAT.<br>Anunci\u00f3 la pr\u00f3xima inauguraci\u00f3n de las nuevas instalaciones del CENDI<br>UAT, que bajo la nueva modalidad Guarder\u00eda IMSS, ofrecer\u00e1 servicios de mejor<br>calidad para los hijos de los trabajadores universitarios.<br>Con la presencia de estudiantes, docentes, directivos y personal de las<br>dependencias universitarias, la ceremonia de Honores a la Bandera se llev\u00f3 a<br>cabo bajo la organizaci\u00f3n de la Unidad Acad\u00e9mica de Trabajo Social y Ciencias<br>para el Desarrollo Humano.<br>En representaci\u00f3n del plantel organizador, hizo uso de la palabra la Dra.<br>Guillermina de la Cruz Jim\u00e9nez God\u00ednez, directora de la instituci\u00f3n acad\u00e9mica,<br>quien se\u00f1al\u00f3 que este acto renueva el compromiso con los valores patrios, con la<br>identidad nacional y con la misi\u00f3n educativa.<br>La entonaci\u00f3n del Himno Nacional Mexicano estuvo a cargo del Maestro<br>Omar Sustaita Gonz\u00e1lez, el juramento a la bandera por el alumno \u00c1ngel Daniel<br>Lumbreras Sustaita; y la lectura de efem\u00e9rides de mayo, las alumnas, Edmy<br>Issabela R\u00edos Medrano y Luisa Fernanda Alarc\u00f3n Medell\u00edn.<\/p>\n","protected":false},"excerpt":{"rendered":"<p>El rector de la Universidad Aut\u00f3noma de Tamaulipas (UAT) MVZ D\u00e1masoLeonardo Anaya Alvarado, presidi\u00f3 en el Campus Victoria la ceremonia deHonores a la Bandera, y destac\u00f3 que la m\u00e1xima casa de estudios de la entidadavanza con paso firme hacia la transformaci\u00f3n bajo la visi\u00f3n humanista.Durante el evento celebrado la ma\u00f1ana de este 6 de mayo [&hellip;]<\/p>\n","protected":false},"author":1,"featured_media":2614,"comment_status":"open","ping_status":"open","sticky":false,"template":"","format":"standard","meta":{"footnotes":""},"categories":[4],"tags":[],"class_list":["post-2613","post","type-post","status-publish","format-standard","has-post-thumbnail","hentry","category-universidades"],"blog_post_layout_featured_media_urls":{"thumbnail":["https:\/\/elregionaldigital.info\/wp-content\/uploads\/2024\/05\/2-150x150.jpeg",150,150,true],"full":["https:\/\/elregionaldigital.info\/wp-content\/uploads\/2024\/05\/2.jpeg",1600,1066,false]},"categories_names":{"4":{"name":"Universidades","link":"https:\/\/elregionaldigital.info\/?cat=4"}},"tags_names":[],"comments_number":"0","wpmagazine_modules_lite_featured_media_urls":{"thumbnail":["https:\/\/elregionaldigital.info\/wp-content\/uploads\/2024\/05\/2-150x150.jpeg",150,150,true],"cvmm-medium":["https:\/\/elregionaldigital.info\/wp-content\/uploads\/2024\/05\/2-300x300.jpeg",300,300,true],"cvmm-medium-plus":["https:\/\/elregionaldigital.info\/wp-content\/uploads\/2024\/05\/2-305x207.jpeg",305,207,true],"cvmm-portrait":["https:\/\/elregionaldigital.info\/wp-content\/uploads\/2024\/05\/2-400x600.jpeg",400,600,true],"cvmm-medium-square":["https:\/\/elregionaldigital.info\/wp-content\/uploads\/2024\/05\/2-600x600.jpeg",600,600,true],"cvmm-large":["https:\/\/elregionaldigital.info\/wp-content\/uploads\/2024\/05\/2-1024x1024.jpeg",1024,1024,true],"cvmm-small":["https:\/\/elregionaldigital.info\/wp-content\/uploads\/2024\/05\/2-130x95.jpeg",130,95,true],"full":["https:\/\/elregionaldigital.info\/wp-content\/uploads\/2024\/05\/2.jpeg",1600,1066,false]},"_links":{"self":[{"href":"https:\/\/elregionaldigital.info\/index.php?rest_route=\/wp\/v2\/posts\/2613","targetHints":{"allow":["GET"]}}],"collection":[{"href":"https:\/\/elregionaldigital.info\/index.php?rest_route=\/wp\/v2\/posts"}],"about":[{"href":"https:\/\/elregionaldigital.info\/index.php?rest_route=\/wp\/v2\/types\/post"}],"author":[{"embeddable":true,"href":"https:\/\/elregionaldigital.info\/index.php?rest_route=\/wp\/v2\/users\/1"}],"replies":[{"embeddable":true,"href":"https:\/\/elregionaldigital.info\/index.php?rest_route=%2Fwp%2Fv2%2Fcomments&post=2613"}],"version-history":[{"count":1,"href":"https:\/\/elregionaldigital.info\/index.php?rest_route=\/wp\/v2\/posts\/2613\/revisions"}],"predecessor-version":[{"id":2615,"href":"https:\/\/elregionaldigital.info\/index.php?rest_route=\/wp\/v2\/posts\/2613\/revisions\/2615"}],"wp:featuredmedia":[{"embeddable":true,"href":"https:\/\/elregionaldigital.info\/index.php?rest_route=\/wp\/v2\/media\/2614"}],"wp:attachment":[{"href":"https:\/\/elregionaldigital.info\/index.php?rest_route=%2Fwp%2Fv2%2Fmedia&parent=2613"}],"wp:term":[{"taxonomy":"category","embeddable":true,"href":"https:\/\/elregionaldigital.info\/index.php?rest_route=%2Fwp%2Fv2%2Fcategories&post=2613"},{"taxonomy":"post_tag","embeddable":true,"href":"https:\/\/elregionaldigital.info\/index.php?rest_route=%2Fwp%2Fv2%2Ftags&post=2613"}],"curies":[{"name":"wp","href":"https:\/\/api.w.org\/{rel}","templated":true}]}}