{"id":2610,"date":"2024-05-07T05:39:36","date_gmt":"2024-05-07T05:39:36","guid":{"rendered":"http:\/\/elregionaldigital.info\/?p=2610"},"modified":"2024-07-17T21:46:41","modified_gmt":"2024-07-17T21:46:41","slug":"universitaria-quema-su-titulo-de-la-unam-durante-protesta-pro-palestina","status":"publish","type":"post","link":"https:\/\/elregionaldigital.info\/?p=2610","title":{"rendered":"Universitaria quema su t\u00edtulo de la UNAM durante protesta pro Palestina"},"content":{"rendered":"\n<p>Durante las protestas por la guerra en Gaza en la Universidad Nacional Aut\u00f3noma de M\u00e9xico (UNAM), una joven decidi\u00f3 prender fuego a su t\u00edtulo de Ingenier\u00eda Qu\u00edmica.<\/p>\n\n\n\n<h2 class=\"wp-block-heading\"><strong>Quema su titulo<\/strong><\/h2>\n\n\n\n<p>\u201cHab\u00eda visto todo lo que ha pasado en Estados Unidos con estas personas que est\u00e1n atacando a los estudiantes y los mismos polic\u00edas, entonces dije: \u2018hay que hacer algo, aunque sea meramente simb\u00f3lico, en solidaridad con ellos\u2019\u201d, manifest\u00f3 la joven identificada como Andrea.<\/p>\n\n\n\n<p>La protesta en la M\u00e1xima Casa de Estudios inici\u00f3 el pasado jueves, cuando un grupo de estudiantes instalaron casas de campa\u00f1a cerca de la torre de Rector\u00eda, en Ciudad Universitaria.<\/p>\n\n\n\n<p>Los j\u00f3venes exigen a la UNAM que condene la muerte de m\u00e1s de 30 mil palestinos durante la guerra en Gaza, adem\u00e1s de poner fin a las relaciones con instituciones israel\u00edes.<\/p>\n\n\n\n<h3 class=\"wp-block-heading\"><strong>La UNAM respeta la protesta<\/strong><\/h3>\n\n\n\n<p>Por medio de un comunicado, el centro educativo explic\u00f3 que el acto se llev\u00f3 de manera \u00abcuidadosa y ordenada\u00bb y se\u00f1al\u00f3 que como instituci\u00f3n ser\u00e1 respetuosa ante toda protesta.<\/p>\n\n\n\n<p>\u00abLa Universidad ser\u00e1 respetuosa de las expresiones de protesta de las y los universitarios, siempre que \u00e9stas se conduzcan dentro de los l\u00edmites del respeto a los derechos de los dem\u00e1s integrantes de nuestra comunidad\u00bb, se lee en el comunicado.<\/p>\n\n\n\n<p>Finalmente, la instancia reconoci\u00f3 la \u00abdiversidad de pensamiento\u00bb dentro de la UNAM, adem\u00e1s se\u00f1al\u00f3 que si bien rechaza cualquier acto de violencia, tambi\u00e9n est\u00e1n dispuestos a promover la reflexi\u00f3n colectiva y el di\u00e1logo.<\/p>\n","protected":false},"excerpt":{"rendered":"<p>Durante las protestas por la guerra en Gaza en la Universidad Nacional Aut\u00f3noma de M\u00e9xico (UNAM), una joven decidi\u00f3 prender fuego a su t\u00edtulo de Ingenier\u00eda Qu\u00edmica. Quema su titulo \u201cHab\u00eda visto todo lo que ha pasado en Estados Unidos con estas personas que est\u00e1n atacando a los estudiantes y los mismos polic\u00edas, entonces dije: [&hellip;]<\/p>\n","protected":false},"author":1,"featured_media":2611,"comment_status":"open","ping_status":"open","sticky":false,"template":"","format":"standard","meta":{"footnotes":""},"categories":[1],"tags":[],"class_list":["post-2610","post","type-post","status-publish","format-standard","has-post-thumbnail","hentry","category-sin-categoria"],"blog_post_layout_featured_media_urls":{"thumbnail":["https:\/\/elregionaldigital.info\/wp-content\/uploads\/2024\/05\/descarga-1-150x150.jpg",150,150,true],"full":["https:\/\/elregionaldigital.info\/wp-content\/uploads\/2024\/05\/descarga-1.jpg",305,165,false]},"categories_names":{"1":{"name":"Sin categor\u00eda","link":"https:\/\/elregionaldigital.info\/?cat=1"}},"tags_names":[],"comments_number":"0","wpmagazine_modules_lite_featured_media_urls":{"thumbnail":["https:\/\/elregionaldigital.info\/wp-content\/uploads\/2024\/05\/descarga-1-150x150.jpg",150,150,true],"cvmm-medium":["https:\/\/elregionaldigital.info\/wp-content\/uploads\/2024\/05\/descarga-1-300x165.jpg",300,165,true],"cvmm-medium-plus":["https:\/\/elregionaldigital.info\/wp-content\/uploads\/2024\/05\/descarga-1.jpg",305,165,false],"cvmm-portrait":["https:\/\/elregionaldigital.info\/wp-content\/uploads\/2024\/05\/descarga-1.jpg",305,165,false],"cvmm-medium-square":["https:\/\/elregionaldigital.info\/wp-content\/uploads\/2024\/05\/descarga-1.jpg",305,165,false],"cvmm-large":["https:\/\/elregionaldigital.info\/wp-content\/uploads\/2024\/05\/descarga-1.jpg",305,165,false],"cvmm-small":["https:\/\/elregionaldigital.info\/wp-content\/uploads\/2024\/05\/descarga-1-130x95.jpg",130,95,true],"full":["https:\/\/elregionaldigital.info\/wp-content\/uploads\/2024\/05\/descarga-1.jpg",305,165,false]},"_links":{"self":[{"href":"https:\/\/elregionaldigital.info\/index.php?rest_route=\/wp\/v2\/posts\/2610","targetHints":{"allow":["GET"]}}],"collection":[{"href":"https:\/\/elregionaldigital.info\/index.php?rest_route=\/wp\/v2\/posts"}],"about":[{"href":"https:\/\/elregionaldigital.info\/index.php?rest_route=\/wp\/v2\/types\/post"}],"author":[{"embeddable":true,"href":"https:\/\/elregionaldigital.info\/index.php?rest_route=\/wp\/v2\/users\/1"}],"replies":[{"embeddable":true,"href":"https:\/\/elregionaldigital.info\/index.php?rest_route=%2Fwp%2Fv2%2Fcomments&post=2610"}],"version-history":[{"count":1,"href":"https:\/\/elregionaldigital.info\/index.php?rest_route=\/wp\/v2\/posts\/2610\/revisions"}],"predecessor-version":[{"id":2612,"href":"https:\/\/elregionaldigital.info\/index.php?rest_route=\/wp\/v2\/posts\/2610\/revisions\/2612"}],"wp:featuredmedia":[{"embeddable":true,"href":"https:\/\/elregionaldigital.info\/index.php?rest_route=\/wp\/v2\/media\/2611"}],"wp:attachment":[{"href":"https:\/\/elregionaldigital.info\/index.php?rest_route=%2Fwp%2Fv2%2Fmedia&parent=2610"}],"wp:term":[{"taxonomy":"category","embeddable":true,"href":"https:\/\/elregionaldigital.info\/index.php?rest_route=%2Fwp%2Fv2%2Fcategories&post=2610"},{"taxonomy":"post_tag","embeddable":true,"href":"https:\/\/elregionaldigital.info\/index.php?rest_route=%2Fwp%2Fv2%2Ftags&post=2610"}],"curies":[{"name":"wp","href":"https:\/\/api.w.org\/{rel}","templated":true}]}}