{"id":2607,"date":"2024-05-04T05:37:27","date_gmt":"2024-05-04T05:37:27","guid":{"rendered":"http:\/\/elregionaldigital.info\/?p=2607"},"modified":"2024-07-17T21:48:07","modified_gmt":"2024-07-17T21:48:07","slug":"rescatan-a-balseros-cubanos-frente-a-costa-de-san-fernando","status":"publish","type":"post","link":"https:\/\/elregionaldigital.info\/?p=2607","title":{"rendered":"Rescatan a balseros cubanos frente a costa de San Fernando"},"content":{"rendered":"\n<p>San Fernando, Tamaulipas, (4 de mayo de 2024).-Despu\u00e9s de quedar a la deriva cuando cruzaban el Oc\u00e9ano, cuatro balseros cubanos fueron localizados en estado cr\u00edtico de salud en el Golfo de M\u00e9xico frente a las costas de San Fernando.<\/p>\n\n\n\n<p>Fueron unos pescadores quienes los transportaron a bordo de dos embarcaciones a tierra firme en el municipio de San Fernando, a la altura del Campo Pesquero Punta de Piedra.<\/p>\n\n\n\n<p>Presuntamente cuatro cubanos m\u00e1s perdieron la vida al caer al mar al quedar a la deriva la embarcaci\u00f3n hecha con l\u00e1minas y madera ya que en su ruta hacia Estados Unidos perdieron el tim\u00f3n.<\/p>\n\n\n\n<p>Una vez que los balseros cubanos fueron puestos en tierra, fueron cinco elementos de la Guardia Estatal de la Delegaci\u00f3n San Fernando los que acudieron al lugar a bordo de las unidades 1659 y 1816.<\/p>\n\n\n\n<p>Tambi\u00e9n acudieron las unidades 28983 y 25352 de la Guardia Nacional con 13 elementos en total.<\/p>\n\n\n\n<p>El reporte sobre la presencia de los migrantes se realiz\u00f3 v\u00eda C5 en donde refirieron apoyo a la ciudadan\u00eda en calle Veracruz con Calle Retama sin n\u00famero de la Colonia Carboneras en el municipio de San Fernando, en donde refieren migrantes los cuales se encuentran deshidratados al parecer de origen cubano.<\/p>\n\n\n\n<p>Al llegar al lugar los elementos policiacos vieron una ambulancia de Protecci\u00f3n Civil Municipal trasladando a uno de los migrantes el cual se encontraba en un estado grave.<\/p>\n\n\n\n<p>Despu\u00e9s de presentar fallas mec\u00e1nicas una ambulancia, tres cubanos m\u00e1s fueron cambiados a otra ambulancia para posteriormente ser trasladados al Hospital General de San Fernando.<\/p>\n\n\n\n<p>A las 10:16 horas ingresaron esos tres migrantes al \u00e1rea de urgencias, quedando a resguardo en las instalaciones del Hospital General.<\/p>\n\n\n\n<p>Al ser valorado los m\u00e9dicos refieren que tienen una deshidrataci\u00f3n severa.<\/p>\n\n\n\n<p>De acuerdo con un informe de la Delegaci\u00f3n San Fernando de la Secretar\u00eda de Seguridad P\u00fablica, uno de los cubanos, identificado como Yuriesky Romero, refiri\u00f3 que salieron de su pa\u00eds de origen el d\u00eda 5 de marzo del a\u00f1o en curso, emprendiendo su viaje en lancha por el oc\u00e9ano.<\/p>\n\n\n\n<p>Los otros cubanos fueron identificados con los nombres de Mario Sergio M\u00e1rquez Ventura de 30 a\u00f1os de edad y Rogelio Loasis Fuentes Fernando, de 50 a\u00f1os de edad.<\/p>\n\n\n\n<p>El cuarto migrante no proporcion\u00f3 datos sobre su identidad debido a las condiciones de salud en que se encuentra, siendo atendido por personal m\u00e9dico.<\/p>\n\n\n\n<p>Cabe se\u00f1alar que a resguardo de los elementos policiacos qued\u00f3 un costal blanco de rafia y unas mochilas las cuales contienen en su interior pertenencias de los balseros cubanos.<\/p>\n","protected":false},"excerpt":{"rendered":"<p>San Fernando, Tamaulipas, (4 de mayo de 2024).-Despu\u00e9s de quedar a la deriva cuando cruzaban el Oc\u00e9ano, cuatro balseros cubanos fueron localizados en estado cr\u00edtico de salud en el Golfo de M\u00e9xico frente a las costas de San Fernando. Fueron unos pescadores quienes los transportaron a bordo de dos embarcaciones a tierra firme en el [&hellip;]<\/p>\n","protected":false},"author":1,"featured_media":2608,"comment_status":"open","ping_status":"open","sticky":false,"template":"","format":"standard","meta":{"footnotes":""},"categories":[2],"tags":[],"class_list":["post-2607","post","type-post","status-publish","format-standard","has-post-thumbnail","hentry","category-tamaulipas"],"blog_post_layout_featured_media_urls":{"thumbnail":["https:\/\/elregionaldigital.info\/wp-content\/uploads\/2024\/05\/79aeb0eb-feb1-4b72-97ea-92d508040103-750x375-1-150x150.jpeg",150,150,true],"full":["https:\/\/elregionaldigital.info\/wp-content\/uploads\/2024\/05\/79aeb0eb-feb1-4b72-97ea-92d508040103-750x375-1.jpeg",750,375,false]},"categories_names":{"2":{"name":"Tamaulipas","link":"https:\/\/elregionaldigital.info\/?cat=2"}},"tags_names":[],"comments_number":"0","wpmagazine_modules_lite_featured_media_urls":{"thumbnail":["https:\/\/elregionaldigital.info\/wp-content\/uploads\/2024\/05\/79aeb0eb-feb1-4b72-97ea-92d508040103-750x375-1-150x150.jpeg",150,150,true],"cvmm-medium":["https:\/\/elregionaldigital.info\/wp-content\/uploads\/2024\/05\/79aeb0eb-feb1-4b72-97ea-92d508040103-750x375-1-300x300.jpeg",300,300,true],"cvmm-medium-plus":["https:\/\/elregionaldigital.info\/wp-content\/uploads\/2024\/05\/79aeb0eb-feb1-4b72-97ea-92d508040103-750x375-1-305x207.jpeg",305,207,true],"cvmm-portrait":["https:\/\/elregionaldigital.info\/wp-content\/uploads\/2024\/05\/79aeb0eb-feb1-4b72-97ea-92d508040103-750x375-1-400x375.jpeg",400,375,true],"cvmm-medium-square":["https:\/\/elregionaldigital.info\/wp-content\/uploads\/2024\/05\/79aeb0eb-feb1-4b72-97ea-92d508040103-750x375-1-600x375.jpeg",600,375,true],"cvmm-large":["https:\/\/elregionaldigital.info\/wp-content\/uploads\/2024\/05\/79aeb0eb-feb1-4b72-97ea-92d508040103-750x375-1.jpeg",750,375,false],"cvmm-small":["https:\/\/elregionaldigital.info\/wp-content\/uploads\/2024\/05\/79aeb0eb-feb1-4b72-97ea-92d508040103-750x375-1-130x95.jpeg",130,95,true],"full":["https:\/\/elregionaldigital.info\/wp-content\/uploads\/2024\/05\/79aeb0eb-feb1-4b72-97ea-92d508040103-750x375-1.jpeg",750,375,false]},"_links":{"self":[{"href":"https:\/\/elregionaldigital.info\/index.php?rest_route=\/wp\/v2\/posts\/2607","targetHints":{"allow":["GET"]}}],"collection":[{"href":"https:\/\/elregionaldigital.info\/index.php?rest_route=\/wp\/v2\/posts"}],"about":[{"href":"https:\/\/elregionaldigital.info\/index.php?rest_route=\/wp\/v2\/types\/post"}],"author":[{"embeddable":true,"href":"https:\/\/elregionaldigital.info\/index.php?rest_route=\/wp\/v2\/users\/1"}],"replies":[{"embeddable":true,"href":"https:\/\/elregionaldigital.info\/index.php?rest_route=%2Fwp%2Fv2%2Fcomments&post=2607"}],"version-history":[{"count":1,"href":"https:\/\/elregionaldigital.info\/index.php?rest_route=\/wp\/v2\/posts\/2607\/revisions"}],"predecessor-version":[{"id":2609,"href":"https:\/\/elregionaldigital.info\/index.php?rest_route=\/wp\/v2\/posts\/2607\/revisions\/2609"}],"wp:featuredmedia":[{"embeddable":true,"href":"https:\/\/elregionaldigital.info\/index.php?rest_route=\/wp\/v2\/media\/2608"}],"wp:attachment":[{"href":"https:\/\/elregionaldigital.info\/index.php?rest_route=%2Fwp%2Fv2%2Fmedia&parent=2607"}],"wp:term":[{"taxonomy":"category","embeddable":true,"href":"https:\/\/elregionaldigital.info\/index.php?rest_route=%2Fwp%2Fv2%2Fcategories&post=2607"},{"taxonomy":"post_tag","embeddable":true,"href":"https:\/\/elregionaldigital.info\/index.php?rest_route=%2Fwp%2Fv2%2Ftags&post=2607"}],"curies":[{"name":"wp","href":"https:\/\/api.w.org\/{rel}","templated":true}]}}