{"id":2601,"date":"2024-05-06T05:32:52","date_gmt":"2024-05-06T05:32:52","guid":{"rendered":"http:\/\/elregionaldigital.info\/?p=2601"},"modified":"2024-07-17T21:46:58","modified_gmt":"2024-07-17T21:46:58","slug":"fifa-se-pronuncia-sobre-la-sancion-a-rayados-de-monterrey","status":"publish","type":"post","link":"https:\/\/elregionaldigital.info\/?p=2601","title":{"rendered":"FIFA se pronuncia sobre la sanci\u00f3n a Rayados de Monterrey."},"content":{"rendered":"\n<p><a href=\"https:\/\/laverdad.com.mx\/wp-content\/uploads\/2024\/05\/CanalesadMXS.webp\"><\/a><\/p>\n\n\n\n<figure class=\"wp-block-image\"><a href=\"https:\/\/laverdad.com.mx\/wp-content\/uploads\/2024\/05\/CanalesadMXS.webp\"><img decoding=\"async\" src=\"https:\/\/laverdad.com.mx\/wp-content\/uploads\/2024\/05\/CanalesadMXS-750x448.webp\" alt=\"FIFA se pronuncia sobre la sanci\u00f3n a Rayados de Monterrey: Podr\u00eda levantarse en los pr\u00f3ximos d\u00edas\"\/><\/a><\/figure>\n\n\n\n<p>Los Rayados de Monterrey se encuentran en el centro de la atenci\u00f3n futbol\u00edstica tras haber sido sancionados por la FIFA con la prohibici\u00f3n de realizar fichajes en las pr\u00f3ximas tres ventanas de transferencias. Esta medida se tom\u00f3 debido a un presunto adeudo relacionado con la formaci\u00f3n de un jugador por parte del club regiomontano.<\/p>\n\n\n\n<p>Sin embargo, fuentes cercanas a la instituci\u00f3n han revelado a Claro Sports que los Rayados habr\u00edan realizado los pagos correspondientes en relaci\u00f3n con este tema, lo que podr\u00eda significar que en los pr\u00f3ximos d\u00edas la sanci\u00f3n sea levantada por parte del m\u00e1ximo organismo rector del f\u00fatbol mundial.<\/p>\n\n\n\n<p>Al ser consultada sobre este asunto, la FIFA respondi\u00f3 a Claro Sports indicando que una vez que quede debidamente acreditado por todas las partes involucradas que el pago ha sido realizado, la prohibici\u00f3n de fichajes ser\u00e1 levantada y Rayados podr\u00e1 reanudar sus actividades en el mercado de transferencias sin ninguna restricci\u00f3n.<\/p>\n\n\n\n<p>\u201cEl club Rayados de Monterrey no puede de momento inscribir nuevos jugadores debido a un tema relacionado con el pago de una compensaci\u00f3n por formaci\u00f3n. La prohibici\u00f3n se levantar\u00e1 una vez que el pago haya sido confirmado por el acreedor correspondiente\u201d, inform\u00f3 la FIFA a Claro Sports.<\/p>\n\n\n\n<p>Es importante destacar que Rayados no es el \u00fanico equipo de la Liga MX que enfrenta esta situaci\u00f3n, ya que tanto Xolos de Tijuana como FC Ju\u00e1rez tambi\u00e9n han sido incluidos en la lista de equipos sancionados y enfrentan la misma prohibici\u00f3n de fichajes en las pr\u00f3ximas tres ventanas de transferencias, a menos que solventen sus respectivos adeudos pendientes.<\/p>\n","protected":false},"excerpt":{"rendered":"<p>Los Rayados de Monterrey se encuentran en el centro de la atenci\u00f3n futbol\u00edstica tras haber sido sancionados por la FIFA con la prohibici\u00f3n de realizar fichajes en las pr\u00f3ximas tres ventanas de transferencias. Esta medida se tom\u00f3 debido a un presunto adeudo relacionado con la formaci\u00f3n de un jugador por parte del club regiomontano. Sin [&hellip;]<\/p>\n","protected":false},"author":1,"featured_media":2602,"comment_status":"open","ping_status":"open","sticky":false,"template":"","format":"standard","meta":{"footnotes":""},"categories":[6],"tags":[],"class_list":["post-2601","post","type-post","status-publish","format-standard","has-post-thumbnail","hentry","category-deportes"],"blog_post_layout_featured_media_urls":{"thumbnail":["https:\/\/elregionaldigital.info\/wp-content\/uploads\/2024\/05\/IS-763526-01-4-150x150.jpg",150,150,true],"full":["https:\/\/elregionaldigital.info\/wp-content\/uploads\/2024\/05\/IS-763526-01-4.jpg",1200,1200,false]},"categories_names":{"6":{"name":"Deportes","link":"https:\/\/elregionaldigital.info\/?cat=6"}},"tags_names":[],"comments_number":"0","wpmagazine_modules_lite_featured_media_urls":{"thumbnail":["https:\/\/elregionaldigital.info\/wp-content\/uploads\/2024\/05\/IS-763526-01-4-150x150.jpg",150,150,true],"cvmm-medium":["https:\/\/elregionaldigital.info\/wp-content\/uploads\/2024\/05\/IS-763526-01-4-300x300.jpg",300,300,true],"cvmm-medium-plus":["https:\/\/elregionaldigital.info\/wp-content\/uploads\/2024\/05\/IS-763526-01-4-305x207.jpg",305,207,true],"cvmm-portrait":["https:\/\/elregionaldigital.info\/wp-content\/uploads\/2024\/05\/IS-763526-01-4-400x600.jpg",400,600,true],"cvmm-medium-square":["https:\/\/elregionaldigital.info\/wp-content\/uploads\/2024\/05\/IS-763526-01-4-600x600.jpg",600,600,true],"cvmm-large":["https:\/\/elregionaldigital.info\/wp-content\/uploads\/2024\/05\/IS-763526-01-4-1024x1024.jpg",1024,1024,true],"cvmm-small":["https:\/\/elregionaldigital.info\/wp-content\/uploads\/2024\/05\/IS-763526-01-4-130x95.jpg",130,95,true],"full":["https:\/\/elregionaldigital.info\/wp-content\/uploads\/2024\/05\/IS-763526-01-4.jpg",1200,1200,false]},"_links":{"self":[{"href":"https:\/\/elregionaldigital.info\/index.php?rest_route=\/wp\/v2\/posts\/2601","targetHints":{"allow":["GET"]}}],"collection":[{"href":"https:\/\/elregionaldigital.info\/index.php?rest_route=\/wp\/v2\/posts"}],"about":[{"href":"https:\/\/elregionaldigital.info\/index.php?rest_route=\/wp\/v2\/types\/post"}],"author":[{"embeddable":true,"href":"https:\/\/elregionaldigital.info\/index.php?rest_route=\/wp\/v2\/users\/1"}],"replies":[{"embeddable":true,"href":"https:\/\/elregionaldigital.info\/index.php?rest_route=%2Fwp%2Fv2%2Fcomments&post=2601"}],"version-history":[{"count":1,"href":"https:\/\/elregionaldigital.info\/index.php?rest_route=\/wp\/v2\/posts\/2601\/revisions"}],"predecessor-version":[{"id":2603,"href":"https:\/\/elregionaldigital.info\/index.php?rest_route=\/wp\/v2\/posts\/2601\/revisions\/2603"}],"wp:featuredmedia":[{"embeddable":true,"href":"https:\/\/elregionaldigital.info\/index.php?rest_route=\/wp\/v2\/media\/2602"}],"wp:attachment":[{"href":"https:\/\/elregionaldigital.info\/index.php?rest_route=%2Fwp%2Fv2%2Fmedia&parent=2601"}],"wp:term":[{"taxonomy":"category","embeddable":true,"href":"https:\/\/elregionaldigital.info\/index.php?rest_route=%2Fwp%2Fv2%2Fcategories&post=2601"},{"taxonomy":"post_tag","embeddable":true,"href":"https:\/\/elregionaldigital.info\/index.php?rest_route=%2Fwp%2Fv2%2Ftags&post=2601"}],"curies":[{"name":"wp","href":"https:\/\/api.w.org\/{rel}","templated":true}]}}