{"id":2598,"date":"2024-05-03T05:30:18","date_gmt":"2024-05-03T05:30:18","guid":{"rendered":"http:\/\/elregionaldigital.info\/?p=2598"},"modified":"2024-07-17T21:48:43","modified_gmt":"2024-07-17T21:48:43","slug":"liberan-a-mujer-que-llevo-cadaver-de-su-tio-al-banco-para-pedir-un-prestamo","status":"publish","type":"post","link":"https:\/\/elregionaldigital.info\/?p=2598","title":{"rendered":"Liberan a mujer que llev\u00f3 cad\u00e1ver de su t\u00edo al banco para pedir un pr\u00e9stamo"},"content":{"rendered":"\n<p>La&nbsp;<a href=\"https:\/\/www.milenio.com\/internacional\/mujer-llevo-tio-muerto-prestamo-liberada-brasil\" target=\"_blank\" rel=\"noreferrer noopener\">justicia<\/a>&nbsp;brasile\u00f1a ha decretado la libertad provisional para \u00c9rika de Souza, quien llev\u00f3 el&nbsp;<a href=\"https:\/\/eldiariomx.com\/?s=cad%C3%A1ver\">cad\u00e1ver<\/a>&nbsp;de su t\u00edo en una silla de ruedas a un banco en R\u00edo de Janeiro.<\/p>\n\n\n\n<p>Deber\u00e1 enfrentar cargos por \u00abtentativa de estafa\u00bb y \u00abprofanaci\u00f3n de cad\u00e1ver\u00bb, tras la denuncia presentada por la Fiscal\u00eda.<\/p>\n\n\n\n<h1 class=\"wp-block-heading\">DECISIONES DE LA JUEZA LUCIANA MOCCO<\/h1>\n\n\n\n<p>La jueza Luciana Mocco, a cargo del caso conocido como T\u00edo Paulo, rechaz\u00f3 la solicitud de prisi\u00f3n preventiva presentada por el Ministerio P\u00fablico.<\/p>\n\n\n\n<p>Argument\u00f3 que \u00c9rika tiene residencia fija, no representa un&nbsp;<a href=\"https:\/\/eldiariomx.com\/?s=peligro\">peligro<\/a>&nbsp;para la instrucci\u00f3n del caso ni para el orden p\u00fablico.<\/p>\n\n\n\n<p>Sin embargo, impuso medidas cautelares como presentarse mensualmente en el juzgado y no ausentarse de R\u00edo por m\u00e1s de siete d\u00edas sin autorizaci\u00f3n.<\/p>\n\n\n\n<h2 class=\"wp-block-heading\">DETALLES DEL CASO Y ACUSACIONES<\/h2>\n\n\n\n<p>Los hechos ocurrieron el 16 de abril en una agencia bancaria de Bang\u00fa, R\u00edo de Janeiro.<\/p>\n\n\n\n<p>\u00c9rika llev\u00f3 a su t\u00edo muerto al banco con la intenci\u00f3n de obtener un pr\u00e9stamo a su nombre.<\/p>\n\n\n\n<p>La Fiscal\u00eda la acusa de profanaci\u00f3n de&nbsp;<a href=\"https:\/\/eldiariomx.com\/?s=cad%C3%A1ver\">cad\u00e1ver<\/a>&nbsp;y tambi\u00e9n ha abierto una investigaci\u00f3n por \u00abhomicidio imprudente\u00bb, argumentando que \u00c9rika sab\u00eda que su t\u00edo estaba muerto y no busc\u00f3 ayuda m\u00e9dica adecuada.<\/p>\n\n\n\n<p>Las im\u00e1genes de la acusada hablando con el cad\u00e1ver de su t\u00edo en la sucursal bancaria se volvieron virales en redes sociales.<\/p>\n","protected":false},"excerpt":{"rendered":"<p>La&nbsp;justicia&nbsp;brasile\u00f1a ha decretado la libertad provisional para \u00c9rika de Souza, quien llev\u00f3 el&nbsp;cad\u00e1ver&nbsp;de su t\u00edo en una silla de ruedas a un banco en R\u00edo de Janeiro. Deber\u00e1 enfrentar cargos por \u00abtentativa de estafa\u00bb y \u00abprofanaci\u00f3n de cad\u00e1ver\u00bb, tras la denuncia presentada por la Fiscal\u00eda. DECISIONES DE LA JUEZA LUCIANA MOCCO La jueza Luciana Mocco, [&hellip;]<\/p>\n","protected":false},"author":1,"featured_media":2599,"comment_status":"open","ping_status":"open","sticky":false,"template":"","format":"standard","meta":{"footnotes":""},"categories":[11],"tags":[],"class_list":["post-2598","post","type-post","status-publish","format-standard","has-post-thumbnail","hentry","category-mundo"],"blog_post_layout_featured_media_urls":{"thumbnail":["https:\/\/elregionaldigital.info\/wp-content\/uploads\/2024\/05\/images-5-150x150.jpg",150,150,true],"full":["https:\/\/elregionaldigital.info\/wp-content\/uploads\/2024\/05\/images-5.jpg",300,168,false]},"categories_names":{"11":{"name":"Mundo","link":"https:\/\/elregionaldigital.info\/?cat=11"}},"tags_names":[],"comments_number":"0","wpmagazine_modules_lite_featured_media_urls":{"thumbnail":["https:\/\/elregionaldigital.info\/wp-content\/uploads\/2024\/05\/images-5-150x150.jpg",150,150,true],"cvmm-medium":["https:\/\/elregionaldigital.info\/wp-content\/uploads\/2024\/05\/images-5.jpg",300,168,false],"cvmm-medium-plus":["https:\/\/elregionaldigital.info\/wp-content\/uploads\/2024\/05\/images-5.jpg",300,168,false],"cvmm-portrait":["https:\/\/elregionaldigital.info\/wp-content\/uploads\/2024\/05\/images-5.jpg",300,168,false],"cvmm-medium-square":["https:\/\/elregionaldigital.info\/wp-content\/uploads\/2024\/05\/images-5.jpg",300,168,false],"cvmm-large":["https:\/\/elregionaldigital.info\/wp-content\/uploads\/2024\/05\/images-5.jpg",300,168,false],"cvmm-small":["https:\/\/elregionaldigital.info\/wp-content\/uploads\/2024\/05\/images-5-130x95.jpg",130,95,true],"full":["https:\/\/elregionaldigital.info\/wp-content\/uploads\/2024\/05\/images-5.jpg",300,168,false]},"_links":{"self":[{"href":"https:\/\/elregionaldigital.info\/index.php?rest_route=\/wp\/v2\/posts\/2598","targetHints":{"allow":["GET"]}}],"collection":[{"href":"https:\/\/elregionaldigital.info\/index.php?rest_route=\/wp\/v2\/posts"}],"about":[{"href":"https:\/\/elregionaldigital.info\/index.php?rest_route=\/wp\/v2\/types\/post"}],"author":[{"embeddable":true,"href":"https:\/\/elregionaldigital.info\/index.php?rest_route=\/wp\/v2\/users\/1"}],"replies":[{"embeddable":true,"href":"https:\/\/elregionaldigital.info\/index.php?rest_route=%2Fwp%2Fv2%2Fcomments&post=2598"}],"version-history":[{"count":1,"href":"https:\/\/elregionaldigital.info\/index.php?rest_route=\/wp\/v2\/posts\/2598\/revisions"}],"predecessor-version":[{"id":2600,"href":"https:\/\/elregionaldigital.info\/index.php?rest_route=\/wp\/v2\/posts\/2598\/revisions\/2600"}],"wp:featuredmedia":[{"embeddable":true,"href":"https:\/\/elregionaldigital.info\/index.php?rest_route=\/wp\/v2\/media\/2599"}],"wp:attachment":[{"href":"https:\/\/elregionaldigital.info\/index.php?rest_route=%2Fwp%2Fv2%2Fmedia&parent=2598"}],"wp:term":[{"taxonomy":"category","embeddable":true,"href":"https:\/\/elregionaldigital.info\/index.php?rest_route=%2Fwp%2Fv2%2Fcategories&post=2598"},{"taxonomy":"post_tag","embeddable":true,"href":"https:\/\/elregionaldigital.info\/index.php?rest_route=%2Fwp%2Fv2%2Ftags&post=2598"}],"curies":[{"name":"wp","href":"https:\/\/api.w.org\/{rel}","templated":true}]}}