{"id":2566,"date":"2024-05-02T14:00:00","date_gmt":"2024-05-02T14:00:00","guid":{"rendered":"https:\/\/elregionaldigital.info\/?p=2566"},"modified":"2024-07-17T21:49:00","modified_gmt":"2024-07-17T21:49:00","slug":"rector-de-la-uat-entrega-nombramientos-a-nuevos-directivos-de-la-uam-mante","status":"publish","type":"post","link":"https:\/\/elregionaldigital.info\/?p=2566","title":{"rendered":"Rector de la UAT entrega nombramientos a nuevos directivos de la UAM Mante"},"content":{"rendered":"\n<figure class=\"wp-block-image size-large\"><img loading=\"lazy\" decoding=\"async\" width=\"1024\" height=\"682\" src=\"https:\/\/elregionaldigital.info\/wp-content\/uploads\/2024\/05\/1-1-1024x682.jpeg\" alt=\"\" class=\"wp-image-2567\" srcset=\"https:\/\/elregionaldigital.info\/wp-content\/uploads\/2024\/05\/1-1-1024x682.jpeg 1024w, https:\/\/elregionaldigital.info\/wp-content\/uploads\/2024\/05\/1-1-300x200.jpeg 300w, https:\/\/elregionaldigital.info\/wp-content\/uploads\/2024\/05\/1-1-768x512.jpeg 768w, https:\/\/elregionaldigital.info\/wp-content\/uploads\/2024\/05\/1-1-1536x1023.jpeg 1536w, https:\/\/elregionaldigital.info\/wp-content\/uploads\/2024\/05\/1-1.jpeg 1600w\" sizes=\"auto, (max-width: 1024px) 100vw, 1024px\" \/><\/figure>\n\n\n\n<p>El rector de la Universidad Aut\u00f3noma de Tamaulipas (UAT), MVZ D\u00e1maso<br>Leonardo Anaya Alvarado, entreg\u00f3 nombramientos a nuevos directivos de la<br>Unidad Acad\u00e9mica Multidisciplinaria Mante Centro (UAMMC), quienes, dijo,<br>llevar\u00e1n a niveles de excelencia el desempe\u00f1o de este plantel de la m\u00e1xima casa<br>de estudios del estado.<br>En una ceremonia solemne, el rector le tom\u00f3 protesta al Mtro. Jos\u00e9 Reyna<br>Tinajero como director interino, as\u00ed como a titulares de las secretar\u00edas que<br>conforman la directiva de este plantel de la UAT.<br>\u201cHoy, en un acto que simboliza la renovaci\u00f3n y el compromiso con el futuro,<br>damos la bienvenida al director interino, Mtro. Jos\u00e9 Reyna Tinajero, y a los nuevos<br>secretarios\u201d, expres\u00f3 D\u00e1maso Anaya en su mensaje ante docentes, estudiantes y<br>personal administrativo de la UAM Mante.<br>Subray\u00f3 que este momento representa la transformaci\u00f3n y la esperanza<br>para este plantel universitario, y que, adem\u00e1s, es un punto de partida hacia una<br>gesti\u00f3n que se anticipa llena de desaf\u00edos, pero tambi\u00e9n repleta de grandes<br>oportunidades.<br>Record\u00f3 que hace unos meses en esta Unidad Acad\u00e9mica sucedieron<br>eventos que ning\u00fan espacio educativo deber\u00eda experimentar. \u201cSin embargo<br>\u2014a\u00f1adi\u00f3\u2014, hemos enfrentado estas adversidades con fortaleza y unidad,<br>demostrando que los valores de nuestra comunidad universitaria pueden<br>sobreponerse a los retos m\u00e1s duros\u201d.<br>Recalc\u00f3 que, en este nuevo cap\u00edtulo, actos como el acontecido ya no tienen<br>lugar en la UAT; que las acciones de este d\u00eda reflejan la resoluci\u00f3n de no dar un<br>paso atr\u00e1s en la lucha por una universidad libre y segura, y que para ello la UAT<br>cuenta con el apoyo decidido del Gobierno del Estado.<br>\u201cEl apoyo del Dr. Am\u00e9rico Villarreal Anaya, nuestro gobernador, es un claro<\/p>\n\n\n\n<p>mensaje de que el camino hacia la reforma y la mejora continua es una prioridad<br>compartida por todas las instancias de gobierno. Este respaldo no es solo una<br>declaraci\u00f3n de intenciones, sino un compromiso activo con el progreso y la<br>seguridad de nuestra instituci\u00f3n\u201d, puntualiz\u00f3.<br>Durante la ceremonia, el rector D\u00e1maso Anaya entreg\u00f3 tambi\u00e9n<br>nombramiento al Mtro. Daniel L\u00f3pez Pi\u00f1as como secretario acad\u00e9mico, al Mtro.<br>Emmanuel de Le\u00f3n V\u00e1zquez como secretario administrativo y al Mtro. Santiago<br>Palomo Salinas como secretario t\u00e9cnico, y en su oportunidad expres\u00f3 su respaldo<br>a la nueva administraci\u00f3n, que, dijo, tiene toda la confianza de la comunidad<br>universitaria para liderar esta escuela con capacidad, integridad y visi\u00f3n hacia un<br>futuro prometedor.<br>De igual forma, el director interino de la Unidad Acad\u00e9mica Multidisciplinaria<br>Mante, Mtro. Jos\u00e9 Reyna Tinajero, agradeci\u00f3 la confianza de docentes y<br>estudiantes, as\u00ed como el apoyo del rector D\u00e1maso Anaya Alvarado, y asever\u00f3 que<br>se redoblar\u00e1n los esfuerzos para hacer de esta escuela la mejor instituci\u00f3n de<br>educaci\u00f3n superior de la regi\u00f3n.<br>Al evento efectuado en las instalaciones de esta Unidad Acad\u00e9mica<br>asistieron tambi\u00e9n funcionarios de la Rector\u00eda.<\/p>\n","protected":false},"excerpt":{"rendered":"<p>El rector de la Universidad Aut\u00f3noma de Tamaulipas (UAT), MVZ D\u00e1masoLeonardo Anaya Alvarado, entreg\u00f3 nombramientos a nuevos directivos de laUnidad Acad\u00e9mica Multidisciplinaria Mante Centro (UAMMC), quienes, dijo,llevar\u00e1n a niveles de excelencia el desempe\u00f1o de este plantel de la m\u00e1xima casade estudios del estado.En una ceremonia solemne, el rector le tom\u00f3 protesta al Mtro. Jos\u00e9 ReynaTinajero [&hellip;]<\/p>\n","protected":false},"author":1,"featured_media":2568,"comment_status":"open","ping_status":"open","sticky":false,"template":"","format":"standard","meta":{"footnotes":""},"categories":[4],"tags":[],"class_list":["post-2566","post","type-post","status-publish","format-standard","has-post-thumbnail","hentry","category-universidades"],"blog_post_layout_featured_media_urls":{"thumbnail":["https:\/\/elregionaldigital.info\/wp-content\/uploads\/2024\/05\/6-150x150.jpeg",150,150,true],"full":["https:\/\/elregionaldigital.info\/wp-content\/uploads\/2024\/05\/6.jpeg",1600,1066,false]},"categories_names":{"4":{"name":"Universidades","link":"https:\/\/elregionaldigital.info\/?cat=4"}},"tags_names":[],"comments_number":"0","wpmagazine_modules_lite_featured_media_urls":{"thumbnail":["https:\/\/elregionaldigital.info\/wp-content\/uploads\/2024\/05\/6-150x150.jpeg",150,150,true],"cvmm-medium":["https:\/\/elregionaldigital.info\/wp-content\/uploads\/2024\/05\/6-300x300.jpeg",300,300,true],"cvmm-medium-plus":["https:\/\/elregionaldigital.info\/wp-content\/uploads\/2024\/05\/6-305x207.jpeg",305,207,true],"cvmm-portrait":["https:\/\/elregionaldigital.info\/wp-content\/uploads\/2024\/05\/6-400x600.jpeg",400,600,true],"cvmm-medium-square":["https:\/\/elregionaldigital.info\/wp-content\/uploads\/2024\/05\/6-600x600.jpeg",600,600,true],"cvmm-large":["https:\/\/elregionaldigital.info\/wp-content\/uploads\/2024\/05\/6-1024x1024.jpeg",1024,1024,true],"cvmm-small":["https:\/\/elregionaldigital.info\/wp-content\/uploads\/2024\/05\/6-130x95.jpeg",130,95,true],"full":["https:\/\/elregionaldigital.info\/wp-content\/uploads\/2024\/05\/6.jpeg",1600,1066,false]},"_links":{"self":[{"href":"https:\/\/elregionaldigital.info\/index.php?rest_route=\/wp\/v2\/posts\/2566","targetHints":{"allow":["GET"]}}],"collection":[{"href":"https:\/\/elregionaldigital.info\/index.php?rest_route=\/wp\/v2\/posts"}],"about":[{"href":"https:\/\/elregionaldigital.info\/index.php?rest_route=\/wp\/v2\/types\/post"}],"author":[{"embeddable":true,"href":"https:\/\/elregionaldigital.info\/index.php?rest_route=\/wp\/v2\/users\/1"}],"replies":[{"embeddable":true,"href":"https:\/\/elregionaldigital.info\/index.php?rest_route=%2Fwp%2Fv2%2Fcomments&post=2566"}],"version-history":[{"count":1,"href":"https:\/\/elregionaldigital.info\/index.php?rest_route=\/wp\/v2\/posts\/2566\/revisions"}],"predecessor-version":[{"id":2569,"href":"https:\/\/elregionaldigital.info\/index.php?rest_route=\/wp\/v2\/posts\/2566\/revisions\/2569"}],"wp:featuredmedia":[{"embeddable":true,"href":"https:\/\/elregionaldigital.info\/index.php?rest_route=\/wp\/v2\/media\/2568"}],"wp:attachment":[{"href":"https:\/\/elregionaldigital.info\/index.php?rest_route=%2Fwp%2Fv2%2Fmedia&parent=2566"}],"wp:term":[{"taxonomy":"category","embeddable":true,"href":"https:\/\/elregionaldigital.info\/index.php?rest_route=%2Fwp%2Fv2%2Fcategories&post=2566"},{"taxonomy":"post_tag","embeddable":true,"href":"https:\/\/elregionaldigital.info\/index.php?rest_route=%2Fwp%2Fv2%2Ftags&post=2566"}],"curies":[{"name":"wp","href":"https:\/\/api.w.org\/{rel}","templated":true}]}}