{"id":2548,"date":"2024-04-21T18:37:42","date_gmt":"2024-04-21T18:37:42","guid":{"rendered":"https:\/\/elregionaldigital.info\/?p=2548"},"modified":"2024-07-17T21:54:40","modified_gmt":"2024-07-17T21:54:40","slug":"imparte-la-uat-en-nuevo-laredo-la-catedra-octavio-paz-con-el-escritor-anthony-stanton","status":"publish","type":"post","link":"https:\/\/elregionaldigital.info\/?p=2548","title":{"rendered":"Imparte la UAT en Nuevo Laredo la C\u00e1tedra Octavio Paz con el escritor Anthony Stanton"},"content":{"rendered":"\n<figure class=\"wp-block-image\"><img decoding=\"async\" src=\"https:\/\/noticierodelnorte.info\/wp-content\/uploads\/2024\/04\/2-1-1-840x480.jpeg\" alt=\"\" class=\"wp-image-709\"\/><\/figure>\n\n\n\n<p>La Universidad Aut\u00f3noma de Tamaulipas (UAT) inici\u00f3 en Nuevo Laredo la C\u00e1tedra<br>Octavio Paz con una conferencia magistral impartida por el reconocido escritor e<br>investigador Anthony Stanton, experto en la literatura del premio nobel mexicano.<br>El evento es organizado por la Facultad de Comercio, Administraci\u00f3n y<br>Ciencias Sociales de Nuevo Laredo (FCACS), dentro de las pol\u00edticas<br>institucionales del rector de la UAT, MVZ D\u00e1maso Leonardo Anaya Alvarado, en el<br>sentido de fortalecer la educaci\u00f3n integral de los universitarios adem\u00e1s de vincular<br>la difusi\u00f3n cultural a la comunidad en general.<br>La presentaci\u00f3n realizada en el auditorio Misi\u00f3n XXI de ese plantel de la<br>UAT marc\u00f3 el inicio de una serie de actividades que se estar\u00e1n programando<br>durante este a\u00f1o en colaboraci\u00f3n con la Fundaci\u00f3n Cambiando Vidas y el<br>respaldo del Lic. Eduardo Garza, de Uni-Trade Group.<br>El escritor e investigador Anthony Stanton, cuya trayectoria abarca a\u00f1os<br>dedicados al estudio de la literatura iberoamericana, ofreci\u00f3 una perspicaz visi\u00f3n<br>de la obra de Octavio Paz y profundiz\u00f3 en los aspectos m\u00e1s relevantes de su<br>legado literario y su impacto en la cultura contempor\u00e1nea.<br>Su an\u00e1lisis meticuloso y su pasi\u00f3n por el tema cautivaron a la audiencia y<br>generaron un enriquecedor intercambio de ideas y reflexiones.<br>La presencia de expertos de la talla de Stanton subraya el compromiso de<br>la UAT con la difusi\u00f3n del conocimiento y el fomento de las artes en la regi\u00f3n. Esta<br>c\u00e1tedra no solo busca informar, sino tambi\u00e9n inspirar a la comunidad a explorar la<br>riqueza cultural de M\u00e9xico y del mundo iberoamericano a trav\u00e9s de sus m\u00e1s<br>destacados literatos.<br>El director de la Facultad de Comercio, Administraci\u00f3n y Ciencias Sociales<\/p>\n\n\n\n<p>de Nuevo Laredo, Lic. Ren\u00e9 Adri\u00e1n Salinas Salinas, enfatiz\u00f3 la importancia de<br>esta c\u00e1tedra en la promoci\u00f3n de las artes, la literatura y el humanismo<\/p>\n","protected":false},"excerpt":{"rendered":"<p>La Universidad Aut\u00f3noma de Tamaulipas (UAT) inici\u00f3 en Nuevo Laredo la C\u00e1tedraOctavio Paz con una conferencia magistral impartida por el reconocido escritor einvestigador Anthony Stanton, experto en la literatura del premio nobel mexicano.El evento es organizado por la Facultad de Comercio, Administraci\u00f3n yCiencias Sociales de Nuevo Laredo (FCACS), dentro de las pol\u00edticasinstitucionales del rector de [&hellip;]<\/p>\n","protected":false},"author":1,"featured_media":2549,"comment_status":"open","ping_status":"open","sticky":false,"template":"","format":"standard","meta":{"footnotes":""},"categories":[4],"tags":[],"class_list":["post-2548","post","type-post","status-publish","format-standard","has-post-thumbnail","hentry","category-universidades"],"blog_post_layout_featured_media_urls":{"thumbnail":["https:\/\/elregionaldigital.info\/wp-content\/uploads\/2024\/04\/3-1-150x150.jpeg",150,150,true],"full":["https:\/\/elregionaldigital.info\/wp-content\/uploads\/2024\/04\/3-1.jpeg",1183,1600,false]},"categories_names":{"4":{"name":"Universidades","link":"https:\/\/elregionaldigital.info\/?cat=4"}},"tags_names":[],"comments_number":"0","wpmagazine_modules_lite_featured_media_urls":{"thumbnail":["https:\/\/elregionaldigital.info\/wp-content\/uploads\/2024\/04\/3-1-150x150.jpeg",150,150,true],"cvmm-medium":["https:\/\/elregionaldigital.info\/wp-content\/uploads\/2024\/04\/3-1-300x300.jpeg",300,300,true],"cvmm-medium-plus":["https:\/\/elregionaldigital.info\/wp-content\/uploads\/2024\/04\/3-1-305x207.jpeg",305,207,true],"cvmm-portrait":["https:\/\/elregionaldigital.info\/wp-content\/uploads\/2024\/04\/3-1-400x600.jpeg",400,600,true],"cvmm-medium-square":["https:\/\/elregionaldigital.info\/wp-content\/uploads\/2024\/04\/3-1-600x600.jpeg",600,600,true],"cvmm-large":["https:\/\/elregionaldigital.info\/wp-content\/uploads\/2024\/04\/3-1-1024x1024.jpeg",1024,1024,true],"cvmm-small":["https:\/\/elregionaldigital.info\/wp-content\/uploads\/2024\/04\/3-1-130x95.jpeg",130,95,true],"full":["https:\/\/elregionaldigital.info\/wp-content\/uploads\/2024\/04\/3-1.jpeg",1183,1600,false]},"_links":{"self":[{"href":"https:\/\/elregionaldigital.info\/index.php?rest_route=\/wp\/v2\/posts\/2548","targetHints":{"allow":["GET"]}}],"collection":[{"href":"https:\/\/elregionaldigital.info\/index.php?rest_route=\/wp\/v2\/posts"}],"about":[{"href":"https:\/\/elregionaldigital.info\/index.php?rest_route=\/wp\/v2\/types\/post"}],"author":[{"embeddable":true,"href":"https:\/\/elregionaldigital.info\/index.php?rest_route=\/wp\/v2\/users\/1"}],"replies":[{"embeddable":true,"href":"https:\/\/elregionaldigital.info\/index.php?rest_route=%2Fwp%2Fv2%2Fcomments&post=2548"}],"version-history":[{"count":1,"href":"https:\/\/elregionaldigital.info\/index.php?rest_route=\/wp\/v2\/posts\/2548\/revisions"}],"predecessor-version":[{"id":2550,"href":"https:\/\/elregionaldigital.info\/index.php?rest_route=\/wp\/v2\/posts\/2548\/revisions\/2550"}],"wp:featuredmedia":[{"embeddable":true,"href":"https:\/\/elregionaldigital.info\/index.php?rest_route=\/wp\/v2\/media\/2549"}],"wp:attachment":[{"href":"https:\/\/elregionaldigital.info\/index.php?rest_route=%2Fwp%2Fv2%2Fmedia&parent=2548"}],"wp:term":[{"taxonomy":"category","embeddable":true,"href":"https:\/\/elregionaldigital.info\/index.php?rest_route=%2Fwp%2Fv2%2Fcategories&post=2548"},{"taxonomy":"post_tag","embeddable":true,"href":"https:\/\/elregionaldigital.info\/index.php?rest_route=%2Fwp%2Fv2%2Ftags&post=2548"}],"curies":[{"name":"wp","href":"https:\/\/api.w.org\/{rel}","templated":true}]}}