{"id":2520,"date":"2024-04-09T13:32:01","date_gmt":"2024-04-09T13:32:01","guid":{"rendered":"https:\/\/elregionaldigital.info\/?p=2520"},"modified":"2024-07-17T21:56:05","modified_gmt":"2024-07-17T21:56:05","slug":"la-uat-ofrece-tres-programas-de-licenciatura-a-distancia","status":"publish","type":"post","link":"https:\/\/elregionaldigital.info\/?p=2520","title":{"rendered":"La UAT ofrece tres programas de licenciatura a distancia."},"content":{"rendered":"\n<p>Est\u00e1 abierto el registro de aspirantes para ingresar a las carreras cien por<br>ciento en l\u00ednea en las \u00e1reas de Energ\u00edas Renovables; Educaci\u00f3n y<br>Tecnolog\u00edas para el Aprendizaje; y Dise\u00f1o Gr\u00e1fico y Animaci\u00f3n Digital.<br>La Universidad Aut\u00f3noma de Tamaulipas (UAT), bajo la administraci\u00f3n del rector<br>D\u00e1maso Leonardo Anaya Alvarado, ha fortalecido su compromiso de ampliar el<br>acceso a la educaci\u00f3n superior mediante la oferta de tres programas de<br>licenciatura en l\u00ednea.<br>Esta oferta educativa, que brinda las facilidades de estudiar una profesi\u00f3n a<br>distancia en el pa\u00eds y desde el extranjero, proporciona oportunidades acad\u00e9micas<br>de calidad a trav\u00e9s de programas innovadores distribuidos en los campus de la<br>UAT en las zonas norte y sur del estado.<br>En ese contexto, est\u00e1 abierto el registro de aspirantes para ingresar a la<br>carrera de Ingenier\u00eda en Energ\u00edas Renovables, de la Unidad Acad\u00e9mica<br>Multidisciplinaria Reynosa Rodhe (UAMRR); la Licenciatura en Educaci\u00f3n y<br>Tecnolog\u00edas para el Aprendizaje, de la Unidad Acad\u00e9mica Multidisciplinaria Valle<br>Hermoso (UAMVH); y la Licenciatura en Dise\u00f1o Gr\u00e1fico y Animaci\u00f3n Digital, de la<br>Facultad de Arquitectura, Dise\u00f1o y Urbanismo (FADU) del Campus Tampico.<br>En esta modalidad, la UAT ha anunciado la apertura de nuevos grupos<br>virtuales para el periodo agosto-diciembre de 2024. Las clases son totalmente en<br>l\u00ednea y permiten a cada estudiante avanzar a su propio ritmo en una plataforma<br>accesible en todo momento, con planes educativos dise\u00f1ados para facilitar su<br>integraci\u00f3n al mercado laboral.<br>El proceso de admisi\u00f3n es completamente virtual y el periodo de registro<br>est\u00e1 abierto a trav\u00e9s del portal https:\/\/registroaspirantes.uat.edu.mx\/ donde podr\u00e1n<br>adjuntar los documentos digitales pertinentes. El examen de admisi\u00f3n CENEVAL<br>EXANI II est\u00e1 programado para el 16 de julio, y las clases empezar\u00e1n en el mes<br>de agosto.<\/p>\n\n\n\n<p>Es importante consultar las fechas de cierre de registro y para mayores<br>informes acceder al portal de la UAT (www.uat.edu.mx), y a las p\u00e1ginas y redes<br>sociales oficiales de las dependencias universitarias mencionadas que ofrecen licenciaturas en l\u00ednea.<\/p>\n","protected":false},"excerpt":{"rendered":"<p>Est\u00e1 abierto el registro de aspirantes para ingresar a las carreras cien porciento en l\u00ednea en las \u00e1reas de Energ\u00edas Renovables; Educaci\u00f3n yTecnolog\u00edas para el Aprendizaje; y Dise\u00f1o Gr\u00e1fico y Animaci\u00f3n Digital.La Universidad Aut\u00f3noma de Tamaulipas (UAT), bajo la administraci\u00f3n del rectorD\u00e1maso Leonardo Anaya Alvarado, ha fortalecido su compromiso de ampliar elacceso a la educaci\u00f3n [&hellip;]<\/p>\n","protected":false},"author":1,"featured_media":2521,"comment_status":"open","ping_status":"open","sticky":false,"template":"","format":"standard","meta":{"footnotes":""},"categories":[4],"tags":[],"class_list":["post-2520","post","type-post","status-publish","format-standard","has-post-thumbnail","hentry","category-universidades"],"blog_post_layout_featured_media_urls":{"thumbnail":["https:\/\/elregionaldigital.info\/wp-content\/uploads\/2024\/04\/09-4b-150x150.jpg",150,150,true],"full":["https:\/\/elregionaldigital.info\/wp-content\/uploads\/2024\/04\/09-4b-scaled.jpg",2560,1451,false]},"categories_names":{"4":{"name":"Universidades","link":"https:\/\/elregionaldigital.info\/?cat=4"}},"tags_names":[],"comments_number":"0","wpmagazine_modules_lite_featured_media_urls":{"thumbnail":["https:\/\/elregionaldigital.info\/wp-content\/uploads\/2024\/04\/09-4b-150x150.jpg",150,150,true],"cvmm-medium":["https:\/\/elregionaldigital.info\/wp-content\/uploads\/2024\/04\/09-4b-300x300.jpg",300,300,true],"cvmm-medium-plus":["https:\/\/elregionaldigital.info\/wp-content\/uploads\/2024\/04\/09-4b-305x207.jpg",305,207,true],"cvmm-portrait":["https:\/\/elregionaldigital.info\/wp-content\/uploads\/2024\/04\/09-4b-400x600.jpg",400,600,true],"cvmm-medium-square":["https:\/\/elregionaldigital.info\/wp-content\/uploads\/2024\/04\/09-4b-600x600.jpg",600,600,true],"cvmm-large":["https:\/\/elregionaldigital.info\/wp-content\/uploads\/2024\/04\/09-4b-1024x1024.jpg",1024,1024,true],"cvmm-small":["https:\/\/elregionaldigital.info\/wp-content\/uploads\/2024\/04\/09-4b-130x95.jpg",130,95,true],"full":["https:\/\/elregionaldigital.info\/wp-content\/uploads\/2024\/04\/09-4b-scaled.jpg",2560,1451,false]},"_links":{"self":[{"href":"https:\/\/elregionaldigital.info\/index.php?rest_route=\/wp\/v2\/posts\/2520","targetHints":{"allow":["GET"]}}],"collection":[{"href":"https:\/\/elregionaldigital.info\/index.php?rest_route=\/wp\/v2\/posts"}],"about":[{"href":"https:\/\/elregionaldigital.info\/index.php?rest_route=\/wp\/v2\/types\/post"}],"author":[{"embeddable":true,"href":"https:\/\/elregionaldigital.info\/index.php?rest_route=\/wp\/v2\/users\/1"}],"replies":[{"embeddable":true,"href":"https:\/\/elregionaldigital.info\/index.php?rest_route=%2Fwp%2Fv2%2Fcomments&post=2520"}],"version-history":[{"count":1,"href":"https:\/\/elregionaldigital.info\/index.php?rest_route=\/wp\/v2\/posts\/2520\/revisions"}],"predecessor-version":[{"id":2522,"href":"https:\/\/elregionaldigital.info\/index.php?rest_route=\/wp\/v2\/posts\/2520\/revisions\/2522"}],"wp:featuredmedia":[{"embeddable":true,"href":"https:\/\/elregionaldigital.info\/index.php?rest_route=\/wp\/v2\/media\/2521"}],"wp:attachment":[{"href":"https:\/\/elregionaldigital.info\/index.php?rest_route=%2Fwp%2Fv2%2Fmedia&parent=2520"}],"wp:term":[{"taxonomy":"category","embeddable":true,"href":"https:\/\/elregionaldigital.info\/index.php?rest_route=%2Fwp%2Fv2%2Fcategories&post=2520"},{"taxonomy":"post_tag","embeddable":true,"href":"https:\/\/elregionaldigital.info\/index.php?rest_route=%2Fwp%2Fv2%2Ftags&post=2520"}],"curies":[{"name":"wp","href":"https:\/\/api.w.org\/{rel}","templated":true}]}}