{"id":2517,"date":"2024-04-09T13:09:26","date_gmt":"2024-04-09T13:09:26","guid":{"rendered":"https:\/\/elregionaldigital.info\/?p=2517"},"modified":"2024-04-10T13:45:13","modified_gmt":"2024-04-10T13:45:13","slug":"marco-batarse-contreras-se-separa-del-cargo-como-secretario-de-administracion-en-la-uat","status":"publish","type":"post","link":"https:\/\/elregionaldigital.info\/?p=2517","title":{"rendered":"Marco Batarse Contreras se separa del cargo como secretario de Administraci\u00f3n en la UAT"},"content":{"rendered":"\n<p>Por motivos de \u00edndole personal, el Lic. Marco Antonio Batarse Contreras dio a<br>conocer su separaci\u00f3n del cargo como secretario de Administraci\u00f3n de la<br>Universidad Aut\u00f3noma de Tamaulipas (UAT).<br>De acuerdo con el documento entregado al rector D\u00e1maso Leonardo Anaya<br>Alvarado, con fecha del 8 de abril de 2024, Batarse Contreras explica que ha<br>tomado la decisi\u00f3n de separarse voluntariamente de sus funciones con la finalidad<br>de atender se\u00f1alamientos que lo involucran en presuntos hechos de \u00edndole<br>personal y que son ajenos a la instituci\u00f3n.<br>En ello ha manifestado su inter\u00e9s de no perjudicar a la Universidad y a la gesti\u00f3n<br>que encabeza el rector, a quien destac\u00f3 su reconocimiento por el compromiso que<br>ha asumido con la transparencia institucional y el fortalecimiento de los valores<br>universitarios.<br>De igual manera, le agradece su respaldo en el desarrollo de las funciones que<br>hab\u00eda venido desempe\u00f1ando en la dependencia universitaria.<\/p>\n","protected":false},"excerpt":{"rendered":"<p>Por motivos de \u00edndole personal, el Lic. Marco Antonio Batarse Contreras dio aconocer su separaci\u00f3n del cargo como secretario de Administraci\u00f3n de laUniversidad Aut\u00f3noma de Tamaulipas (UAT).De acuerdo con el documento entregado al rector D\u00e1maso Leonardo AnayaAlvarado, con fecha del 8 de abril de 2024, Batarse Contreras explica que hatomado la decisi\u00f3n de separarse voluntariamente [&hellip;]<\/p>\n","protected":false},"author":1,"featured_media":2518,"comment_status":"open","ping_status":"open","sticky":false,"template":"","format":"standard","meta":{"footnotes":""},"categories":[4],"tags":[],"class_list":["post-2517","post","type-post","status-publish","format-standard","has-post-thumbnail","hentry","category-universidades"],"blog_post_layout_featured_media_urls":{"thumbnail":["https:\/\/elregionaldigital.info\/wp-content\/uploads\/2024\/04\/ANEXO-DOCUMENTO-SEPARACION-DEL-CARGO-150x150.jpg",150,150,true],"full":["https:\/\/elregionaldigital.info\/wp-content\/uploads\/2024\/04\/ANEXO-DOCUMENTO-SEPARACION-DEL-CARGO.jpg",1052,1433,false]},"categories_names":{"4":{"name":"Universidades","link":"https:\/\/elregionaldigital.info\/?cat=4"}},"tags_names":[],"comments_number":"0","wpmagazine_modules_lite_featured_media_urls":{"thumbnail":["https:\/\/elregionaldigital.info\/wp-content\/uploads\/2024\/04\/ANEXO-DOCUMENTO-SEPARACION-DEL-CARGO-150x150.jpg",150,150,true],"cvmm-medium":["https:\/\/elregionaldigital.info\/wp-content\/uploads\/2024\/04\/ANEXO-DOCUMENTO-SEPARACION-DEL-CARGO-300x300.jpg",300,300,true],"cvmm-medium-plus":["https:\/\/elregionaldigital.info\/wp-content\/uploads\/2024\/04\/ANEXO-DOCUMENTO-SEPARACION-DEL-CARGO-305x207.jpg",305,207,true],"cvmm-portrait":["https:\/\/elregionaldigital.info\/wp-content\/uploads\/2024\/04\/ANEXO-DOCUMENTO-SEPARACION-DEL-CARGO-400x600.jpg",400,600,true],"cvmm-medium-square":["https:\/\/elregionaldigital.info\/wp-content\/uploads\/2024\/04\/ANEXO-DOCUMENTO-SEPARACION-DEL-CARGO-600x600.jpg",600,600,true],"cvmm-large":["https:\/\/elregionaldigital.info\/wp-content\/uploads\/2024\/04\/ANEXO-DOCUMENTO-SEPARACION-DEL-CARGO-1024x1024.jpg",1024,1024,true],"cvmm-small":["https:\/\/elregionaldigital.info\/wp-content\/uploads\/2024\/04\/ANEXO-DOCUMENTO-SEPARACION-DEL-CARGO-130x95.jpg",130,95,true],"full":["https:\/\/elregionaldigital.info\/wp-content\/uploads\/2024\/04\/ANEXO-DOCUMENTO-SEPARACION-DEL-CARGO.jpg",1052,1433,false]},"_links":{"self":[{"href":"https:\/\/elregionaldigital.info\/index.php?rest_route=\/wp\/v2\/posts\/2517","targetHints":{"allow":["GET"]}}],"collection":[{"href":"https:\/\/elregionaldigital.info\/index.php?rest_route=\/wp\/v2\/posts"}],"about":[{"href":"https:\/\/elregionaldigital.info\/index.php?rest_route=\/wp\/v2\/types\/post"}],"author":[{"embeddable":true,"href":"https:\/\/elregionaldigital.info\/index.php?rest_route=\/wp\/v2\/users\/1"}],"replies":[{"embeddable":true,"href":"https:\/\/elregionaldigital.info\/index.php?rest_route=%2Fwp%2Fv2%2Fcomments&post=2517"}],"version-history":[{"count":1,"href":"https:\/\/elregionaldigital.info\/index.php?rest_route=\/wp\/v2\/posts\/2517\/revisions"}],"predecessor-version":[{"id":2519,"href":"https:\/\/elregionaldigital.info\/index.php?rest_route=\/wp\/v2\/posts\/2517\/revisions\/2519"}],"wp:featuredmedia":[{"embeddable":true,"href":"https:\/\/elregionaldigital.info\/index.php?rest_route=\/wp\/v2\/media\/2518"}],"wp:attachment":[{"href":"https:\/\/elregionaldigital.info\/index.php?rest_route=%2Fwp%2Fv2%2Fmedia&parent=2517"}],"wp:term":[{"taxonomy":"category","embeddable":true,"href":"https:\/\/elregionaldigital.info\/index.php?rest_route=%2Fwp%2Fv2%2Fcategories&post=2517"},{"taxonomy":"post_tag","embeddable":true,"href":"https:\/\/elregionaldigital.info\/index.php?rest_route=%2Fwp%2Fv2%2Ftags&post=2517"}],"curies":[{"name":"wp","href":"https:\/\/api.w.org\/{rel}","templated":true}]}}