{"id":2514,"date":"2024-04-08T15:13:26","date_gmt":"2024-04-08T15:13:26","guid":{"rendered":"https:\/\/elregionaldigital.info\/?p=2514"},"modified":"2024-07-17T21:56:18","modified_gmt":"2024-07-17T21:56:18","slug":"la-uat-y-el-itace-formalizan-acciones-de-colaboracion-institucional","status":"publish","type":"post","link":"https:\/\/elregionaldigital.info\/?p=2514","title":{"rendered":"La UAT y el ITACE formalizan acciones de colaboraci\u00f3n institucional"},"content":{"rendered":"\n<p><\/p>\n\n\n\n<figure class=\"wp-block-image\"><img decoding=\"async\" src=\"https:\/\/agenciadenoticias.info\/wp-content\/uploads\/2024\/04\/3-1024x682.jpeg\" alt=\"\" class=\"wp-image-1920\"\/><\/figure>\n\n\n\n<p>El rector de la Universidad Aut\u00f3noma de Tamaulipas (UAT), MVZ D\u00e1maso<br>Leonardo Anaya Alvarado, presidi\u00f3 la firma del convenio marco de colaboraci\u00f3n<br>entre la m\u00e1xima casa de estudios del estado y el Instituto Tamaulipeco de<br>Capacitaci\u00f3n para el Empleo (ITACE), para impulsar de manera espec\u00edfica<br>programas de educaci\u00f3n dual, servicio social, pr\u00e1cticas profesionales,<br>capacitaci\u00f3n laboral y la incorporaci\u00f3n de proyectos acad\u00e9micos y de investigaci\u00f3n<br>relacionados con el desarrollo educativo, econ\u00f3mico y social de la entidad.<br>En el evento realizado en el Centro de Gesti\u00f3n del Conocimiento de la UAT<br>en el Campus Victoria, se cont\u00f3 con la presencia de la Mtra. Luc\u00eda Aim\u00e9 Castillo<br>Pastor, secretaria de Educaci\u00f3n en Tamaulipas, y la Dra. Claudia Anaya Alvarado,<br>directora general del ITACE.<br>Luego de la firma del acuerdo, el rector destac\u00f3 el prop\u00f3sito de fortalecer la<br>colaboraci\u00f3n de la Universidad con las distintas dependencias del Gobierno del<br>Estado, a fin de seguir contribuyendo al desarrollo de Tamaulipas.<br>El MVZ D\u00e1maso Anaya Alvarado se\u00f1al\u00f3 la relevancia de celebrar en este<br>contexto una serie de acuerdos espec\u00edficos que permitir\u00e1n impulsar diversos<br>rubros de la educaci\u00f3n, adem\u00e1s de dar continuidad a programas de capacitaci\u00f3n<br>con el ITACE, dentro de los objetivos que se ha propuesto la casa de estudios de<br>alcanzar la excelencia acad\u00e9mica y contribuir con ello al bien com\u00fan.<br>Apunt\u00f3 que se colaborar\u00e1 en materia de investigaci\u00f3n para generar<br>conocimiento en el nivel de educaci\u00f3n media superior, donde concurren cuerpos<br>colegiados de las facultades poniendo al servicio de la comunidad acad\u00e9mica del<br>ITACE el conocimiento que se genera en la UAT.<br>Por su parte, la secretaria de Educaci\u00f3n, Mtra. Luc\u00eda Aim\u00e9 Castillo Pastor,<br>agradeci\u00f3 al rector D\u00e1maso Anaya la disposici\u00f3n de la Universidad para trabajar<\/p>\n\n\n\n<p>en proyectos por la transformaci\u00f3n educativa de la entidad.<br>Sostuvo que este esfuerzo conjunto tendr\u00e1 impacto en la formaci\u00f3n del<br>estudiantado del ITACE, pero, adem\u00e1s, pretende fortalecer el modelo de<br>educaci\u00f3n dual como uno de los grandes compromisos del Programa Estatal de<br>Educaci\u00f3n, y que, con el apoyo de la UAT, se busca que el nivel de educaci\u00f3n<br>media superior participe en proyectos de investigaci\u00f3n para la generaci\u00f3n de<br>conocimiento.<br>Asimismo, la directora general del ITACE, Dra. Claudia Anaya Alvarado,<br>explic\u00f3 que el convenio marco abre un sinf\u00edn de oportunidades para ambas<br>instituciones, con especial inter\u00e9s para los estudiantes del bachillerato, ya que, de<br>manera amplia, representan cuatro convenios que posibilitan a los alumnos del<br>ITACE en Ciudad Victoria, Matamoros, Reynosa y Altamira realizar su servicio<br>social y pr\u00e1cticas profesionales, y prepararse con el modelo dual de la<br>Universidad.<br>Por parte de la UAT hicieron uso de la palabra la secretaria de Gesti\u00f3n<br>Escolar, Dra. Alma Amalia Hern\u00e1ndez Ilizaliturri, con la exposici\u00f3n de motivos del<br>convenio de educaci\u00f3n dual, servicio social y pr\u00e1cticas profesionales; la directora<br>de Recursos Humanos, Lic. Mirna Dalia Saavedra Merrem, quien habl\u00f3 del<br>programa de capacitaci\u00f3n que se trabaja con el ITACE en favor del personal<br>sindicalizado de la Universidad.<br>Finalmente, la directora de la Facultad de Ciencias de la Educaci\u00f3n y<br>Humanidades, Dra. Elsa Fernanda Gonz\u00e1lez Quintero, y el director de la Facultad<br>de Comercio y Administraci\u00f3n Victoria, Dr. Jes\u00fas Gerardo Delgado Rivas,<br>expusieron los motivos del convenio en el \u00e1mbito de la docencia, proyectos de<br>investigaci\u00f3n, de inversi\u00f3n, extensi\u00f3n acad\u00e9mica y difusi\u00f3n de la cultura, que<br>contribuyan al logro de las metas de la colaboraci\u00f3n.<\/p>\n","protected":false},"excerpt":{"rendered":"<p>El rector de la Universidad Aut\u00f3noma de Tamaulipas (UAT), MVZ D\u00e1masoLeonardo Anaya Alvarado, presidi\u00f3 la firma del convenio marco de colaboraci\u00f3nentre la m\u00e1xima casa de estudios del estado y el Instituto Tamaulipeco deCapacitaci\u00f3n para el Empleo (ITACE), para impulsar de manera espec\u00edficaprogramas de educaci\u00f3n dual, servicio social, pr\u00e1cticas profesionales,capacitaci\u00f3n laboral y la incorporaci\u00f3n de proyectos [&hellip;]<\/p>\n","protected":false},"author":1,"featured_media":2515,"comment_status":"open","ping_status":"open","sticky":false,"template":"","format":"standard","meta":{"footnotes":""},"categories":[4],"tags":[],"class_list":["post-2514","post","type-post","status-publish","format-standard","has-post-thumbnail","hentry","category-universidades"],"blog_post_layout_featured_media_urls":{"thumbnail":["https:\/\/elregionaldigital.info\/wp-content\/uploads\/2024\/04\/2-1-150x150.jpeg",150,150,true],"full":["https:\/\/elregionaldigital.info\/wp-content\/uploads\/2024\/04\/2-1.jpeg",1600,1066,false]},"categories_names":{"4":{"name":"Universidades","link":"https:\/\/elregionaldigital.info\/?cat=4"}},"tags_names":[],"comments_number":"0","wpmagazine_modules_lite_featured_media_urls":{"thumbnail":["https:\/\/elregionaldigital.info\/wp-content\/uploads\/2024\/04\/2-1-150x150.jpeg",150,150,true],"cvmm-medium":["https:\/\/elregionaldigital.info\/wp-content\/uploads\/2024\/04\/2-1-300x300.jpeg",300,300,true],"cvmm-medium-plus":["https:\/\/elregionaldigital.info\/wp-content\/uploads\/2024\/04\/2-1-305x207.jpeg",305,207,true],"cvmm-portrait":["https:\/\/elregionaldigital.info\/wp-content\/uploads\/2024\/04\/2-1-400x600.jpeg",400,600,true],"cvmm-medium-square":["https:\/\/elregionaldigital.info\/wp-content\/uploads\/2024\/04\/2-1-600x600.jpeg",600,600,true],"cvmm-large":["https:\/\/elregionaldigital.info\/wp-content\/uploads\/2024\/04\/2-1-1024x1024.jpeg",1024,1024,true],"cvmm-small":["https:\/\/elregionaldigital.info\/wp-content\/uploads\/2024\/04\/2-1-130x95.jpeg",130,95,true],"full":["https:\/\/elregionaldigital.info\/wp-content\/uploads\/2024\/04\/2-1.jpeg",1600,1066,false]},"_links":{"self":[{"href":"https:\/\/elregionaldigital.info\/index.php?rest_route=\/wp\/v2\/posts\/2514","targetHints":{"allow":["GET"]}}],"collection":[{"href":"https:\/\/elregionaldigital.info\/index.php?rest_route=\/wp\/v2\/posts"}],"about":[{"href":"https:\/\/elregionaldigital.info\/index.php?rest_route=\/wp\/v2\/types\/post"}],"author":[{"embeddable":true,"href":"https:\/\/elregionaldigital.info\/index.php?rest_route=\/wp\/v2\/users\/1"}],"replies":[{"embeddable":true,"href":"https:\/\/elregionaldigital.info\/index.php?rest_route=%2Fwp%2Fv2%2Fcomments&post=2514"}],"version-history":[{"count":1,"href":"https:\/\/elregionaldigital.info\/index.php?rest_route=\/wp\/v2\/posts\/2514\/revisions"}],"predecessor-version":[{"id":2516,"href":"https:\/\/elregionaldigital.info\/index.php?rest_route=\/wp\/v2\/posts\/2514\/revisions\/2516"}],"wp:featuredmedia":[{"embeddable":true,"href":"https:\/\/elregionaldigital.info\/index.php?rest_route=\/wp\/v2\/media\/2515"}],"wp:attachment":[{"href":"https:\/\/elregionaldigital.info\/index.php?rest_route=%2Fwp%2Fv2%2Fmedia&parent=2514"}],"wp:term":[{"taxonomy":"category","embeddable":true,"href":"https:\/\/elregionaldigital.info\/index.php?rest_route=%2Fwp%2Fv2%2Fcategories&post=2514"},{"taxonomy":"post_tag","embeddable":true,"href":"https:\/\/elregionaldigital.info\/index.php?rest_route=%2Fwp%2Fv2%2Ftags&post=2514"}],"curies":[{"name":"wp","href":"https:\/\/api.w.org\/{rel}","templated":true}]}}