{"id":2501,"date":"2024-04-03T17:24:48","date_gmt":"2024-04-03T17:24:48","guid":{"rendered":"https:\/\/elregionaldigital.info\/?p=2501"},"modified":"2024-07-17T21:57:28","modified_gmt":"2024-07-17T21:57:28","slug":"comisiones-del-senado-aprueban-tipificar-el-cobro-de-derecho-de-piso-con-hasta-12-anos-de-carcel","status":"publish","type":"post","link":"https:\/\/elregionaldigital.info\/?p=2501","title":{"rendered":"Comisiones del Senado aprueban tipificar el \u2018cobro de derecho de piso\u2019 con hasta 12 a\u00f1os de c\u00e1rcel"},"content":{"rendered":"\n<p>Avanza en Comisiones del Senado sancionar el \u2018cobro de derecho de piso\u2019 con 12 a\u00f1os de&nbsp;Las Comisiones Unidas de Justicia y de Estudios Legislativos Segunda del Senado de la Rep\u00fablica aprobaron un dictamen para sancionar el delito de \u2018cobro de derecho de piso\u2019 con hasta 12 a\u00f1os de prisi\u00f3n y de 80 a 120 d\u00edas de multa a quien lo cometa.<\/p>\n\n\n\n<p>El dictamen contemplas reformas al C\u00f3digo Penal Federal y la Ley Federal Contra la Delincuencia Organizada, a fin de considerar el cobro de derecho de piso como un acto de la delincuencia organizada.<\/p>\n\n\n\n<p>El dictamen tiene la finalidad de sancionar a quien realice actos para \u201ccoaccionar a personas f\u00edsicas o morales para obtener recursos pecuniarios, en especie o de cualquier otra \u00edndole, para s\u00ed o para otro, a cambio de no interferir en que se dedique a la profesi\u00f3n, industria, comercio o trabajo que le acomode, siendo l\u00edcitos, mediante el amago, el empleo de la fuerza, o cualquier otro medio de amenazas\u201d.<\/p>\n\n\n\n<p>La coacci\u00f3n, se\u00f1ala el dictamen, se sancionar\u00eda cuando se realice de manera directa o a trav\u00e9s de cualquier dispositivo o tecnolog\u00eda, hacia la persona, a miembros de su familia, trabajadores o propiedades.<\/p>\n\n\n\n<p>Los legisladores que integran las comisiones encabezadas por Olga S\u00e1nchez Cordero y Rafael Espino de la Pe\u00f1a consideraron que es fundamental que el cobro de derecho de piso sea considerado como un delito de la delincuencia organizada, ya que eso permitir\u00e1 tener una respuesta m\u00e1s coordinada y efectiva por parte de las autoridades.<\/p>\n\n\n\n<p>Los senadores tambi\u00e9n aprobaron reformar la Ley Nacional del Sistema Integral de Justicia Penal para Adolescentes y la Ley Nacional de Ejecuci\u00f3n Penal, a fin de procurar la reinserci\u00f3n social de las personas adolescentes de manera especializada.<\/p>\n\n\n\n<p>La propuesta busca que la prevenci\u00f3n y atenci\u00f3n de la reincidencia se contemplen desde la concepci\u00f3n misma de la reinserci\u00f3n social, pues ello marcar\u00eda la pauta desde el propio concepto legal para que las autoridades penitenciarias puedan desarrollar programas, planes y actividades que atiendan con una mayor integralidad el tema de la reinserci\u00f3n.<\/p>\n","protected":false},"excerpt":{"rendered":"<p>Avanza en Comisiones del Senado sancionar el \u2018cobro de derecho de piso\u2019 con 12 a\u00f1os de&nbsp;Las Comisiones Unidas de Justicia y de Estudios Legislativos Segunda del Senado de la Rep\u00fablica aprobaron un dictamen para sancionar el delito de \u2018cobro de derecho de piso\u2019 con hasta 12 a\u00f1os de prisi\u00f3n y de 80 a 120 d\u00edas [&hellip;]<\/p>\n","protected":false},"author":1,"featured_media":2502,"comment_status":"open","ping_status":"open","sticky":false,"template":"","format":"standard","meta":{"footnotes":""},"categories":[5],"tags":[],"class_list":["post-2501","post","type-post","status-publish","format-standard","has-post-thumbnail","hentry","category-nacional"],"blog_post_layout_featured_media_urls":{"thumbnail":["https:\/\/elregionaldigital.info\/wp-content\/uploads\/2024\/04\/3senado-750x563-1-150x150.webp",150,150,true],"full":["https:\/\/elregionaldigital.info\/wp-content\/uploads\/2024\/04\/3senado-750x563-1.webp",750,563,false]},"categories_names":{"5":{"name":"Nacional","link":"https:\/\/elregionaldigital.info\/?cat=5"}},"tags_names":[],"comments_number":"0","wpmagazine_modules_lite_featured_media_urls":{"thumbnail":["https:\/\/elregionaldigital.info\/wp-content\/uploads\/2024\/04\/3senado-750x563-1-150x150.webp",150,150,true],"cvmm-medium":["https:\/\/elregionaldigital.info\/wp-content\/uploads\/2024\/04\/3senado-750x563-1-300x300.webp",300,300,true],"cvmm-medium-plus":["https:\/\/elregionaldigital.info\/wp-content\/uploads\/2024\/04\/3senado-750x563-1-305x207.webp",305,207,true],"cvmm-portrait":["https:\/\/elregionaldigital.info\/wp-content\/uploads\/2024\/04\/3senado-750x563-1-400x563.webp",400,563,true],"cvmm-medium-square":["https:\/\/elregionaldigital.info\/wp-content\/uploads\/2024\/04\/3senado-750x563-1-600x563.webp",600,563,true],"cvmm-large":["https:\/\/elregionaldigital.info\/wp-content\/uploads\/2024\/04\/3senado-750x563-1.webp",750,563,false],"cvmm-small":["https:\/\/elregionaldigital.info\/wp-content\/uploads\/2024\/04\/3senado-750x563-1-130x95.webp",130,95,true],"full":["https:\/\/elregionaldigital.info\/wp-content\/uploads\/2024\/04\/3senado-750x563-1.webp",750,563,false]},"_links":{"self":[{"href":"https:\/\/elregionaldigital.info\/index.php?rest_route=\/wp\/v2\/posts\/2501","targetHints":{"allow":["GET"]}}],"collection":[{"href":"https:\/\/elregionaldigital.info\/index.php?rest_route=\/wp\/v2\/posts"}],"about":[{"href":"https:\/\/elregionaldigital.info\/index.php?rest_route=\/wp\/v2\/types\/post"}],"author":[{"embeddable":true,"href":"https:\/\/elregionaldigital.info\/index.php?rest_route=\/wp\/v2\/users\/1"}],"replies":[{"embeddable":true,"href":"https:\/\/elregionaldigital.info\/index.php?rest_route=%2Fwp%2Fv2%2Fcomments&post=2501"}],"version-history":[{"count":1,"href":"https:\/\/elregionaldigital.info\/index.php?rest_route=\/wp\/v2\/posts\/2501\/revisions"}],"predecessor-version":[{"id":2503,"href":"https:\/\/elregionaldigital.info\/index.php?rest_route=\/wp\/v2\/posts\/2501\/revisions\/2503"}],"wp:featuredmedia":[{"embeddable":true,"href":"https:\/\/elregionaldigital.info\/index.php?rest_route=\/wp\/v2\/media\/2502"}],"wp:attachment":[{"href":"https:\/\/elregionaldigital.info\/index.php?rest_route=%2Fwp%2Fv2%2Fmedia&parent=2501"}],"wp:term":[{"taxonomy":"category","embeddable":true,"href":"https:\/\/elregionaldigital.info\/index.php?rest_route=%2Fwp%2Fv2%2Fcategories&post=2501"},{"taxonomy":"post_tag","embeddable":true,"href":"https:\/\/elregionaldigital.info\/index.php?rest_route=%2Fwp%2Fv2%2Ftags&post=2501"}],"curies":[{"name":"wp","href":"https:\/\/api.w.org\/{rel}","templated":true}]}}