{"id":2492,"date":"2024-03-30T17:18:58","date_gmt":"2024-03-30T17:18:58","guid":{"rendered":"https:\/\/elregionaldigital.info\/?p=2492"},"modified":"2024-07-17T21:58:16","modified_gmt":"2024-07-17T21:58:16","slug":"el-papa-francisco-preside-la-vigilia-de-pascua-tras-preocupaciones-por-su-salud","status":"publish","type":"post","link":"https:\/\/elregionaldigital.info\/?p=2492","title":{"rendered":"El Papa Francisco preside la vigilia de Pascua tras preocupaciones por su salud."},"content":{"rendered":"\n<p>El sumo pont\u00edfice, de 87 a\u00f1os, lleg\u00f3 a la bas\u00edlica poco antes de las 19H30 (18H30 GMT) y en silla de ruedas para una liturgia que dura al menos dos horas, en presencia de miles de peregrinos de todo el mundo, antes de la misa del domingo por la ma\u00f1ana y la bendici\u00f3n \u201c<strong>Urbi et Orbi<\/strong>\u201d.<\/p>\n\n\n\n<p>Tras el rito de la luz en una bas\u00edlica a oscuras, que simboliza el paso de Cristo de la muerte a la vida para los cat\u00f3licos, Francisco pronunciar\u00e1 la homil\u00eda y bautizar\u00e1 a ocho adultos.<\/p>\n\n\n\n<p>Su presencia el s\u00e1bado fue confirmada por el Vaticano al mediod\u00eda, a pesar de la cancelaci\u00f3n el viernes por la noche, en el \u00faltimo minuto, de su visita al v\u00eda crucis que se celebr\u00f3 en el Coliseo ante 25.000 personas.<\/p>\n\n\n\n<p>\u201c<em>Para preservar su salud en vista de la vigilia de ma\u00f1ana y de la misa del domingo de Pascua, el&nbsp;<\/em><em><strong>papa Francisco<\/strong><\/em><em>&nbsp;seguir\u00e1 esta tarde el&nbsp;<\/em><em><strong>v\u00eda crucis<\/strong><\/em><em>&nbsp;en el Coliseo desde la residencia de&nbsp;<\/em><em><strong>Santa Marta<\/strong><\/em>\u201d, anunci\u00f3 en la v\u00edspera el Vaticano.<\/p>\n\n\n\n<p>El momento del anuncio -poco antes del inicio de la ceremonia, obligando a los organizadores a retirar apresuradamente la silla del papa- y la comunicaci\u00f3n lac\u00f3nica del Vaticano contribuyeron a relanzar las inquietudes sobre la salud de&nbsp;<strong>Jorge Bergoglio<\/strong>.<\/p>\n\n\n\n<p>\u201c<em>El v\u00eda crucis del papa fr\u00e1gil<\/em>\u201d, titul\u00f3 el s\u00e1bado el diario La Stampa, mientras que Il Messaggero lo ve como una \u201c<em>renuncia de Francisco<\/em>\u201d.<\/p>\n","protected":false},"excerpt":{"rendered":"<p>El sumo pont\u00edfice, de 87 a\u00f1os, lleg\u00f3 a la bas\u00edlica poco antes de las 19H30 (18H30 GMT) y en silla de ruedas para una liturgia que dura al menos dos horas, en presencia de miles de peregrinos de todo el mundo, antes de la misa del domingo por la ma\u00f1ana y la bendici\u00f3n \u201cUrbi et [&hellip;]<\/p>\n","protected":false},"author":1,"featured_media":2493,"comment_status":"open","ping_status":"open","sticky":false,"template":"","format":"standard","meta":{"footnotes":""},"categories":[11],"tags":[],"class_list":["post-2492","post","type-post","status-publish","format-standard","has-post-thumbnail","hentry","category-mundo"],"blog_post_layout_featured_media_urls":{"thumbnail":["https:\/\/elregionaldigital.info\/wp-content\/uploads\/2024\/04\/f960x540-556036_630111_5050-150x150.webp",150,150,true],"full":["https:\/\/elregionaldigital.info\/wp-content\/uploads\/2024\/04\/f960x540-556036_630111_5050.webp",960,540,false]},"categories_names":{"11":{"name":"Mundo","link":"https:\/\/elregionaldigital.info\/?cat=11"}},"tags_names":[],"comments_number":"0","wpmagazine_modules_lite_featured_media_urls":{"thumbnail":["https:\/\/elregionaldigital.info\/wp-content\/uploads\/2024\/04\/f960x540-556036_630111_5050-150x150.webp",150,150,true],"cvmm-medium":["https:\/\/elregionaldigital.info\/wp-content\/uploads\/2024\/04\/f960x540-556036_630111_5050-300x300.webp",300,300,true],"cvmm-medium-plus":["https:\/\/elregionaldigital.info\/wp-content\/uploads\/2024\/04\/f960x540-556036_630111_5050-305x207.webp",305,207,true],"cvmm-portrait":["https:\/\/elregionaldigital.info\/wp-content\/uploads\/2024\/04\/f960x540-556036_630111_5050-400x540.webp",400,540,true],"cvmm-medium-square":["https:\/\/elregionaldigital.info\/wp-content\/uploads\/2024\/04\/f960x540-556036_630111_5050-600x540.webp",600,540,true],"cvmm-large":["https:\/\/elregionaldigital.info\/wp-content\/uploads\/2024\/04\/f960x540-556036_630111_5050.webp",960,540,false],"cvmm-small":["https:\/\/elregionaldigital.info\/wp-content\/uploads\/2024\/04\/f960x540-556036_630111_5050-130x95.webp",130,95,true],"full":["https:\/\/elregionaldigital.info\/wp-content\/uploads\/2024\/04\/f960x540-556036_630111_5050.webp",960,540,false]},"_links":{"self":[{"href":"https:\/\/elregionaldigital.info\/index.php?rest_route=\/wp\/v2\/posts\/2492","targetHints":{"allow":["GET"]}}],"collection":[{"href":"https:\/\/elregionaldigital.info\/index.php?rest_route=\/wp\/v2\/posts"}],"about":[{"href":"https:\/\/elregionaldigital.info\/index.php?rest_route=\/wp\/v2\/types\/post"}],"author":[{"embeddable":true,"href":"https:\/\/elregionaldigital.info\/index.php?rest_route=\/wp\/v2\/users\/1"}],"replies":[{"embeddable":true,"href":"https:\/\/elregionaldigital.info\/index.php?rest_route=%2Fwp%2Fv2%2Fcomments&post=2492"}],"version-history":[{"count":1,"href":"https:\/\/elregionaldigital.info\/index.php?rest_route=\/wp\/v2\/posts\/2492\/revisions"}],"predecessor-version":[{"id":2494,"href":"https:\/\/elregionaldigital.info\/index.php?rest_route=\/wp\/v2\/posts\/2492\/revisions\/2494"}],"wp:featuredmedia":[{"embeddable":true,"href":"https:\/\/elregionaldigital.info\/index.php?rest_route=\/wp\/v2\/media\/2493"}],"wp:attachment":[{"href":"https:\/\/elregionaldigital.info\/index.php?rest_route=%2Fwp%2Fv2%2Fmedia&parent=2492"}],"wp:term":[{"taxonomy":"category","embeddable":true,"href":"https:\/\/elregionaldigital.info\/index.php?rest_route=%2Fwp%2Fv2%2Fcategories&post=2492"},{"taxonomy":"post_tag","embeddable":true,"href":"https:\/\/elregionaldigital.info\/index.php?rest_route=%2Fwp%2Fv2%2Ftags&post=2492"}],"curies":[{"name":"wp","href":"https:\/\/api.w.org\/{rel}","templated":true}]}}