{"id":2489,"date":"2024-03-29T17:12:49","date_gmt":"2024-03-29T17:12:49","guid":{"rendered":"https:\/\/elregionaldigital.info\/?p=2489"},"modified":"2024-04-07T17:18:04","modified_gmt":"2024-04-07T17:18:04","slug":"los-5-mandamientos-para-una-rutina-de-belleza-facial-basica","status":"publish","type":"post","link":"https:\/\/elregionaldigital.info\/?p=2489","title":{"rendered":"Los 5 mandamientos para una rutina de belleza facial b\u00e1sica."},"content":{"rendered":"\n<p>Para lucir un&nbsp;<strong>rostro sano<\/strong>&nbsp;y&nbsp;<strong>luminoso<\/strong>&nbsp;tenemos que establecer una&nbsp;<a href=\"https:\/\/www.elmundo.es\/yodona\/belleza\/2024\/01\/27\/65b02140e4d4d8576e8b45f9.html\" target=\"_blank\" rel=\"noreferrer noopener\">rutina de belleza<\/a>&nbsp;y en ella no puede faltar un&nbsp;<strong>t\u00f3nico facial<\/strong>&nbsp;despu\u00e9s de&nbsp;<strong>limpiar la cara<\/strong>, paso fundamental donde los haya. Sin embargo, no solo vale con aplicarnos este&nbsp;<strong>cosm\u00e9tico<\/strong>, sino que es conveniente realizar una&nbsp;<strong>serie de pautas<\/strong>&nbsp;para conseguir un&nbsp;<strong>cutis hidratado<\/strong>&nbsp;y<strong>&nbsp;liso<\/strong>. Veamos cu\u00e1les son los&nbsp;<strong>siete mandamientos<\/strong>&nbsp;m\u00e1s&nbsp;<strong>importantes<\/strong>&nbsp;y&nbsp;<strong>b\u00e1sicos<\/strong>&nbsp;que has de seguir.<\/p>\n\n\n\n<h2 class=\"wp-block-heading\">1. Desmaquillar antes de dormir (y por la ma\u00f1ana)<\/h2>\n\n\n\n<p>Sabemos que&nbsp;<strong>quitarse el maquillaje<\/strong>&nbsp;da mucha&nbsp;<strong>pereza<\/strong>&nbsp;porque lo \u00fanico que quieres es irte a la&nbsp;<strong>cama<\/strong>&nbsp;y&nbsp;<strong>descansar<\/strong>, pero es fundamental que lo lleves a cabo. &#8220;Por la&nbsp;<strong>noche<\/strong>&nbsp;es cuando las&nbsp;<strong>c\u00e9lulas faciales&nbsp;<\/strong>se regeneran y, si dejas&nbsp;<strong>capas de cosm\u00e9ticos<\/strong>&nbsp;en tu tez, se crea una&nbsp;<strong>barrera<\/strong>&nbsp;impidiendo una&nbsp;<strong>regeneraci\u00f3n normal<\/strong>&nbsp;de los tejidos. Adem\u00e1s de esto, provocas un&nbsp;<strong>taponamiento<\/strong>&nbsp;de los<strong>&nbsp;poros<\/strong>&nbsp;y habr\u00e1 una mayor probabilidad de&nbsp;<a href=\"https:\/\/www.elmundo.es\/yodona\/belleza\/2024\/01\/10\/659833a2e4d4d83c6e8b45d6.html\" target=\"_blank\" rel=\"noreferrer noopener\">aparici\u00f3n del acn\u00e9<\/a>&#8220;, explica la marca&nbsp;<strong>Garnier&nbsp;<\/strong>en su p\u00e1gina web.<\/p>\n\n\n\n<p>Si no ejecutas este paso, tu\u00a0<strong>dermis<\/strong>\u00a0perder\u00e1\u00a0<strong>luminosidad<\/strong>, ya que continuar\u00e1s con\u00a0<a href=\"https:\/\/www.elmundo.es\/yodona\/belleza\/2023\/10\/26\/65321410e85ece68388b45af.html\" target=\"_blank\" rel=\"noreferrer noopener\">restos de maquillaje<\/a>. Esto provocar\u00e1 que nuestra piel no est\u00e9 ni<strong>\u00a0hidratada<\/strong>\u00a0ni\u00a0<strong>nutrida<\/strong>, pero s\u00ed\u00a0<strong>apagada<\/strong>. La marca francesa tambi\u00e9n insiste en que &#8220;llevar\u00a0<strong>maquillaje<\/strong>\u00a0antes de dormir puede provocar la aparici\u00f3n de\u00a0<strong>dermatitis<\/strong>,\u00a0<strong>alergias<\/strong>\u00a0en la piel, que tu cutis est\u00e9\u00a0<strong>irritado<\/strong>, que\u00a0<strong>se produzcan escamas<\/strong>\u00a0y que tengas un rostro con mucha m\u00e1s\u00a0<strong>sensibilidad<\/strong>&#8220;. Por cierto, la\u00a0<strong>limpieza<\/strong>\u00a0tambi\u00e9n hay que repetirla\u00a0<strong>por la ma\u00f1ana<\/strong>&#8230; Y, a veces, no est\u00e1 de m\u00e1s practicar la\u00a0<strong>doble limpieza<\/strong>.<\/p>\n\n\n\n<h2 class=\"wp-block-heading\">2. Tratar las arrugas y las l\u00edneas de expresi\u00f3n<\/h2>\n\n\n\n<p>Dicen que es mejor prevenir que curar. Por ello, en tu&nbsp;<strong>rutina diaria<\/strong>&nbsp;de&nbsp;<strong>belleza<\/strong>&nbsp;no puede faltar una&nbsp;<strong>crema<\/strong>&nbsp;con&nbsp;<a href=\"https:\/\/www.elmundo.es\/yodona\/belleza\/2023\/09\/30\/6512a03c21efa004218b45b2.html\" target=\"_blank\" rel=\"noreferrer noopener\">activos antioxidantes<\/a>&nbsp;para&nbsp;<strong>regenerar tu cutis<\/strong>. &#8220;De este modo, adem\u00e1s de&nbsp;<strong>atenuar las l\u00edneas<\/strong>&nbsp;existentes, se retrasa y previene la&nbsp;<strong>aparici\u00f3n de nuevas<\/strong>&#8220;, aclaran en la p\u00e1gina web del centro est\u00e9tico<strong>&nbsp;Joyma<\/strong>. Para saber la&nbsp;<strong>mejor crema<\/strong>&nbsp;para tu&nbsp;<strong>dermis<\/strong>, tendr\u00e1s que consultar con un&nbsp;<strong>especialista<\/strong>.<\/p>\n\n\n\n<h2 class=\"wp-block-heading\">3. Hidratar la piel dos veces al d\u00eda<\/h2>\n\n\n\n<p>&#8220;La\u00a0<strong>deshidrataci\u00f3n<\/strong>\u00a0debilita la\u00a0<strong>piel<\/strong>\u00a0y la hace m\u00e1s\u00a0<strong>sensible<\/strong>\u00a0a las\u00a0<strong>imperfecciones<\/strong>. Por lo tanto, es importante\u00a0<a href=\"https:\/\/www.elmundo.es\/yodona\/belleza\/2023\/09\/14\/65002645e9cf4a5d728b456d.html\" target=\"_blank\" rel=\"noreferrer noopener\">hidratar la tez<\/a>\u00a0del rostro para eliminar la\u00a0<strong>retenci\u00f3n de l\u00edquidos<\/strong>\u00a0en los\u00a0<strong>p\u00e1rpados<\/strong>, evitar la\u00a0<strong>aparici\u00f3n de imperfecciones\u00a0<\/strong>y, sobre todo, devolverle su\u00a0<strong>brillo natural<\/strong>&#8220;, sostienen desde\u00a0<strong>Biotherm<\/strong>. En este sentido, la farmacia\u00a0<strong>Sanifarma\u00a0<\/strong>aclara que la piel se debe hidratar al menos\u00a0<strong>dos veces<\/strong>\u00a0al d\u00eda: una por la\u00a0<strong>ma\u00f1ana<\/strong>\u00a0y otra por la\u00a0<strong>noche<\/strong>, justo despu\u00e9s de aplicarse el\u00a0<strong>t\u00f3nico facial<\/strong>.<\/p>\n\n\n\n<h2 class=\"wp-block-heading\">4. Cuidar el contorno de ojos a diario<\/h2>\n\n\n\n<p>&#8220;La piel que\u00a0<strong>rodea tus ojos<\/strong>\u00a0es mucho m\u00e1s\u00a0<strong>fina<\/strong>\u00a0y\u00a0<strong>delicada<\/strong>\u00a0que la del resto de tu rostro, por eso necesita\u00a0<strong>atenciones especiales<\/strong>&#8220;, afirman en la web de\u00a0<strong>L&#8217;Or\u00e9al<\/strong>. Por esta raz\u00f3n, igualmente aconsejan que te apliques tu\u00a0<a href=\"https:\/\/www.elmundo.es\/yodona\/belleza\/2023\/10\/21\/652fb87ae85ece6b0e8b4573.html\" target=\"_blank\" rel=\"noreferrer noopener\">contorno de ojos<\/a>\u00a0a\u00a0<strong>diario<\/strong>. La manera correcta de hacerlo es\u00a0<strong>dar peque\u00f1os toques<\/strong>\u00a0con la\u00a0<strong>yema<\/strong>\u00a0de los\u00a0<strong>dedos<\/strong>.<\/p>\n\n\n\n<h2 class=\"wp-block-heading\">5. Realizar masajes faciales<\/h2>\n\n\n\n<p>La cara est\u00e1 formada por una serie de&nbsp;<strong>m\u00fasculos<\/strong>&nbsp;que no paramos de&nbsp;<strong>mover<\/strong>&nbsp;en todo el d\u00eda. Lo hacemos al&nbsp;<strong>fruncir las cejas<\/strong>, al&nbsp;<strong>masticar<\/strong>, cuando nos&nbsp;<strong>preocupamos<\/strong>&#8230; Para&nbsp;<strong>reducir su tensi\u00f3n<\/strong>&nbsp;y estimular la&nbsp;<strong>circulaci\u00f3n sangu\u00ednea<\/strong>&nbsp;en la zona, es conveniente realizar&nbsp;<a href=\"https:\/\/www.elmundo.es\/yodona\/belleza\/2023\/10\/21\/652fb87ae85ece6b0e8b4573.html\" target=\"_blank\" rel=\"noreferrer noopener\">masajes faciales<\/a>. De esta forma, tambi\u00e9n estamos contribuyendo a la<strong>&nbsp;regeneraci\u00f3n celular<\/strong>.<\/p>\n","protected":false},"excerpt":{"rendered":"<p>Para lucir un&nbsp;rostro sano&nbsp;y&nbsp;luminoso&nbsp;tenemos que establecer una&nbsp;rutina de belleza&nbsp;y en ella no puede faltar un&nbsp;t\u00f3nico facial&nbsp;despu\u00e9s de&nbsp;limpiar la cara, paso fundamental donde los haya. Sin embargo, no solo vale con aplicarnos este&nbsp;cosm\u00e9tico, sino que es conveniente realizar una&nbsp;serie de pautas&nbsp;para conseguir un&nbsp;cutis hidratado&nbsp;y&nbsp;liso. Veamos cu\u00e1les son los&nbsp;siete mandamientos&nbsp;m\u00e1s&nbsp;importantes&nbsp;y&nbsp;b\u00e1sicos&nbsp;que has de seguir. 1. Desmaquillar antes de [&hellip;]<\/p>\n","protected":false},"author":1,"featured_media":2490,"comment_status":"open","ping_status":"open","sticky":false,"template":"","format":"standard","meta":{"footnotes":""},"categories":[1],"tags":[],"class_list":["post-2489","post","type-post","status-publish","format-standard","has-post-thumbnail","hentry","category-sin-categoria"],"blog_post_layout_featured_media_urls":{"thumbnail":["https:\/\/elregionaldigital.info\/wp-content\/uploads\/2024\/04\/images-1-150x150.jpg",150,150,true],"full":["https:\/\/elregionaldigital.info\/wp-content\/uploads\/2024\/04\/images-1.jpg",318,159,false]},"categories_names":{"1":{"name":"Sin categor\u00eda","link":"https:\/\/elregionaldigital.info\/?cat=1"}},"tags_names":[],"comments_number":"0","wpmagazine_modules_lite_featured_media_urls":{"thumbnail":["https:\/\/elregionaldigital.info\/wp-content\/uploads\/2024\/04\/images-1-150x150.jpg",150,150,true],"cvmm-medium":["https:\/\/elregionaldigital.info\/wp-content\/uploads\/2024\/04\/images-1-300x159.jpg",300,159,true],"cvmm-medium-plus":["https:\/\/elregionaldigital.info\/wp-content\/uploads\/2024\/04\/images-1-305x159.jpg",305,159,true],"cvmm-portrait":["https:\/\/elregionaldigital.info\/wp-content\/uploads\/2024\/04\/images-1.jpg",318,159,false],"cvmm-medium-square":["https:\/\/elregionaldigital.info\/wp-content\/uploads\/2024\/04\/images-1.jpg",318,159,false],"cvmm-large":["https:\/\/elregionaldigital.info\/wp-content\/uploads\/2024\/04\/images-1.jpg",318,159,false],"cvmm-small":["https:\/\/elregionaldigital.info\/wp-content\/uploads\/2024\/04\/images-1-130x95.jpg",130,95,true],"full":["https:\/\/elregionaldigital.info\/wp-content\/uploads\/2024\/04\/images-1.jpg",318,159,false]},"_links":{"self":[{"href":"https:\/\/elregionaldigital.info\/index.php?rest_route=\/wp\/v2\/posts\/2489","targetHints":{"allow":["GET"]}}],"collection":[{"href":"https:\/\/elregionaldigital.info\/index.php?rest_route=\/wp\/v2\/posts"}],"about":[{"href":"https:\/\/elregionaldigital.info\/index.php?rest_route=\/wp\/v2\/types\/post"}],"author":[{"embeddable":true,"href":"https:\/\/elregionaldigital.info\/index.php?rest_route=\/wp\/v2\/users\/1"}],"replies":[{"embeddable":true,"href":"https:\/\/elregionaldigital.info\/index.php?rest_route=%2Fwp%2Fv2%2Fcomments&post=2489"}],"version-history":[{"count":1,"href":"https:\/\/elregionaldigital.info\/index.php?rest_route=\/wp\/v2\/posts\/2489\/revisions"}],"predecessor-version":[{"id":2491,"href":"https:\/\/elregionaldigital.info\/index.php?rest_route=\/wp\/v2\/posts\/2489\/revisions\/2491"}],"wp:featuredmedia":[{"embeddable":true,"href":"https:\/\/elregionaldigital.info\/index.php?rest_route=\/wp\/v2\/media\/2490"}],"wp:attachment":[{"href":"https:\/\/elregionaldigital.info\/index.php?rest_route=%2Fwp%2Fv2%2Fmedia&parent=2489"}],"wp:term":[{"taxonomy":"category","embeddable":true,"href":"https:\/\/elregionaldigital.info\/index.php?rest_route=%2Fwp%2Fv2%2Fcategories&post=2489"},{"taxonomy":"post_tag","embeddable":true,"href":"https:\/\/elregionaldigital.info\/index.php?rest_route=%2Fwp%2Fv2%2Ftags&post=2489"}],"curies":[{"name":"wp","href":"https:\/\/api.w.org\/{rel}","templated":true}]}}