{"id":2480,"date":"2024-03-25T17:03:10","date_gmt":"2024-03-25T17:03:10","guid":{"rendered":"https:\/\/elregionaldigital.info\/?p=2480"},"modified":"2024-07-17T21:59:00","modified_gmt":"2024-07-17T21:59:00","slug":"grupo-frontera-y-morat-anuncian-una-nueva-colaboracion-musical","status":"publish","type":"post","link":"https:\/\/elregionaldigital.info\/?p=2480","title":{"rendered":"Grupo Frontera y Morat anuncian una nueva colaboraci\u00f3n musical"},"content":{"rendered":"\n<p>Payo, el vocalista de Grupo Frontera, emocion\u00f3 a sus seguidores al anunciar a trav\u00e9s de sus redes sociales que pr\u00f3ximamente lanzar\u00e1n un nuevo tema en colaboraci\u00f3n con Morat. En un video compartido, Payo revel\u00f3 un fragmento de la canci\u00f3n, mostrando el estilo caracter\u00edstico de ambas agrupaciones.<\/p>\n\n\n\n<p>Aunque muchos pensaron que se trataba de otro cover de Morat, todo indica que esta vez se trata de una canci\u00f3n original. Grupo Frontera ha sorprendido en los \u00faltimos a\u00f1os con diversas colaboraciones exitosas, y esta no ser\u00e1 la excepci\u00f3n, especialmente despu\u00e9s de su pr\u00f3xima colaboraci\u00f3n con Shakira.<\/p>\n\n\n\n<p>La reacci\u00f3n de Morat no se hizo esperar, y a trav\u00e9s de TikTok, la banda colombiana realiz\u00f3 un \u201cd\u00fao\u201d con Payo, confirmando as\u00ed su participaci\u00f3n en esta nueva canci\u00f3n. La expectativa es alta y se espera que esta colaboraci\u00f3n se convierta en otro \u00e9xito para ambas agrupaciones.<\/p>\n","protected":false},"excerpt":{"rendered":"<p>Payo, el vocalista de Grupo Frontera, emocion\u00f3 a sus seguidores al anunciar a trav\u00e9s de sus redes sociales que pr\u00f3ximamente lanzar\u00e1n un nuevo tema en colaboraci\u00f3n con Morat. En un video compartido, Payo revel\u00f3 un fragmento de la canci\u00f3n, mostrando el estilo caracter\u00edstico de ambas agrupaciones. Aunque muchos pensaron que se trataba de otro cover [&hellip;]<\/p>\n","protected":false},"author":1,"featured_media":2481,"comment_status":"open","ping_status":"open","sticky":false,"template":"","format":"standard","meta":{"footnotes":""},"categories":[3],"tags":[],"class_list":["post-2480","post","type-post","status-publish","format-standard","has-post-thumbnail","hentry","category-entretenimiento"],"blog_post_layout_featured_media_urls":{"thumbnail":["https:\/\/elregionaldigital.info\/wp-content\/uploads\/2024\/04\/moratfrontera-750x450-1-150x150.jpg",150,150,true],"full":["https:\/\/elregionaldigital.info\/wp-content\/uploads\/2024\/04\/moratfrontera-750x450-1.jpg",750,450,false]},"categories_names":{"3":{"name":"Entretenimiento","link":"https:\/\/elregionaldigital.info\/?cat=3"}},"tags_names":[],"comments_number":"0","wpmagazine_modules_lite_featured_media_urls":{"thumbnail":["https:\/\/elregionaldigital.info\/wp-content\/uploads\/2024\/04\/moratfrontera-750x450-1-150x150.jpg",150,150,true],"cvmm-medium":["https:\/\/elregionaldigital.info\/wp-content\/uploads\/2024\/04\/moratfrontera-750x450-1-300x300.jpg",300,300,true],"cvmm-medium-plus":["https:\/\/elregionaldigital.info\/wp-content\/uploads\/2024\/04\/moratfrontera-750x450-1-305x207.jpg",305,207,true],"cvmm-portrait":["https:\/\/elregionaldigital.info\/wp-content\/uploads\/2024\/04\/moratfrontera-750x450-1-400x450.jpg",400,450,true],"cvmm-medium-square":["https:\/\/elregionaldigital.info\/wp-content\/uploads\/2024\/04\/moratfrontera-750x450-1-600x450.jpg",600,450,true],"cvmm-large":["https:\/\/elregionaldigital.info\/wp-content\/uploads\/2024\/04\/moratfrontera-750x450-1.jpg",750,450,false],"cvmm-small":["https:\/\/elregionaldigital.info\/wp-content\/uploads\/2024\/04\/moratfrontera-750x450-1-130x95.jpg",130,95,true],"full":["https:\/\/elregionaldigital.info\/wp-content\/uploads\/2024\/04\/moratfrontera-750x450-1.jpg",750,450,false]},"_links":{"self":[{"href":"https:\/\/elregionaldigital.info\/index.php?rest_route=\/wp\/v2\/posts\/2480","targetHints":{"allow":["GET"]}}],"collection":[{"href":"https:\/\/elregionaldigital.info\/index.php?rest_route=\/wp\/v2\/posts"}],"about":[{"href":"https:\/\/elregionaldigital.info\/index.php?rest_route=\/wp\/v2\/types\/post"}],"author":[{"embeddable":true,"href":"https:\/\/elregionaldigital.info\/index.php?rest_route=\/wp\/v2\/users\/1"}],"replies":[{"embeddable":true,"href":"https:\/\/elregionaldigital.info\/index.php?rest_route=%2Fwp%2Fv2%2Fcomments&post=2480"}],"version-history":[{"count":1,"href":"https:\/\/elregionaldigital.info\/index.php?rest_route=\/wp\/v2\/posts\/2480\/revisions"}],"predecessor-version":[{"id":2482,"href":"https:\/\/elregionaldigital.info\/index.php?rest_route=\/wp\/v2\/posts\/2480\/revisions\/2482"}],"wp:featuredmedia":[{"embeddable":true,"href":"https:\/\/elregionaldigital.info\/index.php?rest_route=\/wp\/v2\/media\/2481"}],"wp:attachment":[{"href":"https:\/\/elregionaldigital.info\/index.php?rest_route=%2Fwp%2Fv2%2Fmedia&parent=2480"}],"wp:term":[{"taxonomy":"category","embeddable":true,"href":"https:\/\/elregionaldigital.info\/index.php?rest_route=%2Fwp%2Fv2%2Fcategories&post=2480"},{"taxonomy":"post_tag","embeddable":true,"href":"https:\/\/elregionaldigital.info\/index.php?rest_route=%2Fwp%2Fv2%2Ftags&post=2480"}],"curies":[{"name":"wp","href":"https:\/\/api.w.org\/{rel}","templated":true}]}}