{"id":2474,"date":"2024-03-21T16:59:08","date_gmt":"2024-03-21T16:59:08","guid":{"rendered":"https:\/\/elregionaldigital.info\/?p=2474"},"modified":"2024-07-17T22:00:30","modified_gmt":"2024-07-17T22:00:30","slug":"amlo-no-habra-brazos-cruzados-ante-la-ley-cazamigrantes-de-texas","status":"publish","type":"post","link":"https:\/\/elregionaldigital.info\/?p=2474","title":{"rendered":"AMLO: no habr\u00e1 brazos cruzados ante la ley\u00a0cazamigrantes\u00a0de Texas."},"content":{"rendered":"\n<p>M\u00e9xico&nbsp;<q>no se quedar\u00e1 de brazos cruzados<\/q>&nbsp;ante la eventual entrada en vigor de la ley SB4 de Texas, asegur\u00f3 ayer el presidente Andr\u00e9s Manuel L\u00f3pez Obrador y rechaz\u00f3 cualquier posibilidad de que su gobierno acepte deportaciones hechas por la administraci\u00f3n del gobernador texano, el republicano Greg Abbott.<\/p>\n\n\n\n<p>Al preguntarle sobre el tema en su conferencia de prensa diaria en Palacio Nacional, subray\u00f3 que se trata de una norma&nbsp;<q>deshumanizada<\/q>&nbsp;y contraria no s\u00f3lo al derecho internacional, sino a la Biblia, y que el propio gobierno de Joe Biden se opone a ella.<\/p>\n\n\n\n<p>La legislaci\u00f3n, aprobada en diciembre, faculta a la polic\u00eda local y otras fuerzas de seguridad a arrestar, encarcelar y hasta deportar a M\u00e9xico a cualquier sospechoso de ser un migrante irregular, y hab\u00eda entrado en vigor el martes, pero su aplicaci\u00f3n fue frenada por un tribunal de apelaciones.<\/p>\n\n\n\n<p>L\u00f3pez Obrador subray\u00f3 que se trata de una ley \u201cdraconiana, completamente opuesta, contraria a los derechos humanos, una ley deshumanizada por completo, anticristiana, injusta, violatoria de preceptos, normas de la convivencia humana, no s\u00f3lo del derecho internacional, sino hasta violatoria de la Biblia, y esto lo digo porque quienes aplican estas medidas injustas, inhumanas, van a los templos, y se les olvida que en la Biblia se habla de tratar bien al forastero y desde luego del amor al pr\u00f3jimo.<\/p>\n\n\n\n<p><q>Adem\u00e1s es violatoria del derecho internacional: no puede un Estado tener una legislaci\u00f3n que corresponde al fuero federal. Es como si el gobernador de Tamaulipas aplicara una ley en contra de los texanos que visitaran M\u00e9xico o transitaran por Tamaulipas, no les corresponde a los gobiernos estatales todo lo relacionado con pol\u00edtica exterior. Es lo mismo. El gobierno federal de Estados Unidos est\u00e1 en contra de esta decisi\u00f3n<\/q>, enfatiz\u00f3.<\/p>\n\n\n\n<p>Al entrar en detalle sobre las eventuales medidas que adoptar\u00e1 M\u00e9xico en contra de la ley SB4, el jefe del Ejecutivo recalc\u00f3 que no se aceptar\u00e1 ninguna deportaci\u00f3n hecha por las autoridades estatales texanas.<\/p>\n\n\n\n<p>\u201cNo queremos adelantar lo que podr\u00edamos hacer en caso de que quieran en Texas, el gobernador y todos estos antinmigrantes, antimexicanos, si pretendieran deportar, por ejemplo, que no les corresponde, nosotros no aceptar\u00edamos deportaciones, de una vez lo adelanto, del gobierno de Texas.<\/p>\n\n\n\n<p><q>Y no nos vamos a quedar con los brazos cruzados<\/q>, sostuvo al se\u00f1alar que la Secretar\u00eda de Relaciones Exteriores tiene una estrategia diplom\u00e1tica contra la medida.<\/p>\n\n\n\n<p><\/p>\n","protected":false},"excerpt":{"rendered":"<p>M\u00e9xico&nbsp;no se quedar\u00e1 de brazos cruzados&nbsp;ante la eventual entrada en vigor de la ley SB4 de Texas, asegur\u00f3 ayer el presidente Andr\u00e9s Manuel L\u00f3pez Obrador y rechaz\u00f3 cualquier posibilidad de que su gobierno acepte deportaciones hechas por la administraci\u00f3n del gobernador texano, el republicano Greg Abbott. Al preguntarle sobre el tema en su conferencia de [&hellip;]<\/p>\n","protected":false},"author":1,"featured_media":2475,"comment_status":"open","ping_status":"open","sticky":false,"template":"","format":"standard","meta":{"footnotes":""},"categories":[5],"tags":[],"class_list":["post-2474","post","type-post","status-publish","format-standard","has-post-thumbnail","hentry","category-nacional"],"blog_post_layout_featured_media_urls":{"thumbnail":["https:\/\/elregionaldigital.info\/wp-content\/uploads\/2024\/04\/AP_16316089192407-scaled.jpg",150,100,false],"full":["https:\/\/elregionaldigital.info\/wp-content\/uploads\/2024\/04\/AP_16316089192407-scaled.jpg",2560,1707,false]},"categories_names":{"5":{"name":"Nacional","link":"https:\/\/elregionaldigital.info\/?cat=5"}},"tags_names":[],"comments_number":"0","wpmagazine_modules_lite_featured_media_urls":{"thumbnail":["https:\/\/elregionaldigital.info\/wp-content\/uploads\/2024\/04\/AP_16316089192407-scaled.jpg",150,100,false],"cvmm-medium":["https:\/\/elregionaldigital.info\/wp-content\/uploads\/2024\/04\/AP_16316089192407-scaled.jpg",300,200,false],"cvmm-medium-plus":["https:\/\/elregionaldigital.info\/wp-content\/uploads\/2024\/04\/AP_16316089192407-scaled.jpg",305,203,false],"cvmm-portrait":["https:\/\/elregionaldigital.info\/wp-content\/uploads\/2024\/04\/AP_16316089192407-scaled.jpg",400,267,false],"cvmm-medium-square":["https:\/\/elregionaldigital.info\/wp-content\/uploads\/2024\/04\/AP_16316089192407-scaled.jpg",600,400,false],"cvmm-large":["https:\/\/elregionaldigital.info\/wp-content\/uploads\/2024\/04\/AP_16316089192407-scaled.jpg",1024,683,false],"cvmm-small":["https:\/\/elregionaldigital.info\/wp-content\/uploads\/2024\/04\/AP_16316089192407-scaled.jpg",130,87,false],"full":["https:\/\/elregionaldigital.info\/wp-content\/uploads\/2024\/04\/AP_16316089192407-scaled.jpg",2560,1707,false]},"_links":{"self":[{"href":"https:\/\/elregionaldigital.info\/index.php?rest_route=\/wp\/v2\/posts\/2474","targetHints":{"allow":["GET"]}}],"collection":[{"href":"https:\/\/elregionaldigital.info\/index.php?rest_route=\/wp\/v2\/posts"}],"about":[{"href":"https:\/\/elregionaldigital.info\/index.php?rest_route=\/wp\/v2\/types\/post"}],"author":[{"embeddable":true,"href":"https:\/\/elregionaldigital.info\/index.php?rest_route=\/wp\/v2\/users\/1"}],"replies":[{"embeddable":true,"href":"https:\/\/elregionaldigital.info\/index.php?rest_route=%2Fwp%2Fv2%2Fcomments&post=2474"}],"version-history":[{"count":1,"href":"https:\/\/elregionaldigital.info\/index.php?rest_route=\/wp\/v2\/posts\/2474\/revisions"}],"predecessor-version":[{"id":2476,"href":"https:\/\/elregionaldigital.info\/index.php?rest_route=\/wp\/v2\/posts\/2474\/revisions\/2476"}],"wp:featuredmedia":[{"embeddable":true,"href":"https:\/\/elregionaldigital.info\/index.php?rest_route=\/wp\/v2\/media\/2475"}],"wp:attachment":[{"href":"https:\/\/elregionaldigital.info\/index.php?rest_route=%2Fwp%2Fv2%2Fmedia&parent=2474"}],"wp:term":[{"taxonomy":"category","embeddable":true,"href":"https:\/\/elregionaldigital.info\/index.php?rest_route=%2Fwp%2Fv2%2Fcategories&post=2474"},{"taxonomy":"post_tag","embeddable":true,"href":"https:\/\/elregionaldigital.info\/index.php?rest_route=%2Fwp%2Fv2%2Ftags&post=2474"}],"curies":[{"name":"wp","href":"https:\/\/api.w.org\/{rel}","templated":true}]}}