{"id":2471,"date":"2024-03-20T16:56:16","date_gmt":"2024-03-20T16:56:16","guid":{"rendered":"https:\/\/elregionaldigital.info\/?p=2471"},"modified":"2024-07-17T22:00:38","modified_gmt":"2024-07-17T22:00:38","slug":"cinco-mitos-de-los-trastornos-de-la-conducta-alimentaria","status":"publish","type":"post","link":"https:\/\/elregionaldigital.info\/?p=2471","title":{"rendered":"Cinco mitos de los trastornos de la conducta alimentaria"},"content":{"rendered":"\n<p>Desde la pandemia, la incidencia de trastornos de la conducta alimentaria (TCA) ha aumentado un 30% y se presenta en edades m\u00e1s tempranas. El aislamiento social durante el confinamiento y\u00a0<a href=\"https:\/\/elpais.com\/salud-y-bienestar\/2022-12-30\/el-trampolin-de-las-redes-sociales-a-los-trastornos-alimentarios.html\">el mayor uso de redes sociales\u00a0<\/a>como Instagram sirvi\u00f3 de detonante para muchos trastornos que estaban de forma latente y para inocular el germen perfecto del inicio de otros.<\/p>\n\n\n\n<p>Seg\u00fan la presidenta de la Sociedad Espa\u00f1ola de Psiquiatr\u00eda y jefa de la Unidad de Trastornos de la Conducta Alimentaria (TCA) del Hospital Universitario Cl\u00ednico San Carlos de Madrid, la doctora&nbsp;<a href=\"https:\/\/www.servimedia.es\/noticias\/expertos-advierten-una-cada-cinco-pacientes-anorexia-muere-causa-suicidio\/3409867\" target=\"_blank\" rel=\"noreferrer noopener\">Marina D\u00edaz Mars\u00e1: uno de cada cinco pacientes que padece anorexia muere a causa de un suicidio<\/a>. El 25% de las personas que sufren un TCA tienen intentos de suicidio y el 60% de ellos presenta pensamientos suicidas y autolesiones.<\/p>\n\n\n\n<p>Cada vez tenemos m\u00e1s conocimiento sobre los trastornos de la conducta alimentaria, pero sigue habiendo muchos mitos que se reproducen y se dan por ciertos. Algunos de los mitos m\u00e1s extendidos son los siguientes.<\/p>\n\n\n\n<h3 class=\"wp-block-heading\">1. Los pacientes con TCA est\u00e1n en infrapeso<\/h3>\n\n\n\n<p>La realidad es bien distinta, ya que solo un 7% de los enfermos presentan un peso bajo seg\u00fan el \u00edndice de masa corporal (IMC). La sociedad representa a las personas que tiene un TCA con un peso muy bajo, pero lo cierto es que no se puede diagnosticar un trastorno de la conducta alimentaria solo mirando su cuerpo.<\/p>\n\n\n\n<p>Esto hace que muchos casos pasen desapercibidos y sin diagn\u00f3stico, haciendo que las personas enfermas no pidan ayuda al no sentirse \u201csuficientemente enfermos\u201d por no cumplir el mito del bajo peso, y creen que no merecen tratamiento. Usar el peso como criba en la detecci\u00f3n y diagn\u00f3stico de los trastornos de la conducta alimentaria supone una negligencia.<\/p>\n\n\n\n<h3 class=\"wp-block-heading\">2. Los TCA solo son cosas de mujeres<\/h3>\n\n\n\n<p>Es cierto que la enfermedad&nbsp;<a href=\"https:\/\/elpais.com\/salud-y-bienestar\/2022-11-26\/vivir-con-un-trastorno-alimentario-me-di-cuenta-cuando-me-mire-al-espejo-y-vi-la-muerte.html\" target=\"_blank\" rel=\"noreferrer noopener\">es mucho m\u00e1s frecuente en<\/a>&nbsp;<a href=\"https:\/\/elpais.com\/salud-y-bienestar\/2022-11-26\/vivir-con-un-trastorno-alimentario-me-di-cuenta-cuando-me-mire-al-espejo-y-vi-la-muerte.html\" target=\"_blank\" rel=\"noreferrer noopener\">mujeres<\/a>. De diez casos de TCA, nueve son mujeres y uno es hombre, por lo que ser mujer implica mayor riesgo de padecer un TCA.<\/p>\n\n\n\n<p>Esto hace que los hombres no pidan ayuda o tarden en hacerlo, ya que el estigma social les hace m\u00e1s complicado identificarse como enfermos.<\/p>\n\n\n\n<h3 class=\"wp-block-heading\">3. Si tienes un TCA es porque quieres<\/h3>\n\n\n\n<p>La causa de los TCA es multifactorial, nadie enferma por propia voluntad.<\/p>\n\n\n\n<p>Los factores de riesgo en los TCA son: la predisposici\u00f3n gen\u00e9tica, ciertos rasgos de personalidad como el perfeccionismo y alto nivel de exigencia, la adolescencia, ser mujer, y est\u00e1 relacionado con otras enfermedades mentales como depresi\u00f3n,&nbsp;<a href=\"https:\/\/elpais.com\/salud-y-bienestar\/2023-10-06\/video-vivir-con-toc-la-enfermedad-de-la-duda-por-mi-nivel-de-inseguridad-dudaba-de-si-habia-cerrado-la-puerta-y-me-creaba-mucha-angustia.html\" target=\"_blank\" rel=\"noreferrer noopener\">trastorno obsesivo-compulsivo (TOC)<\/a>, ansiedad, consumo de t\u00f3xicos, un ambiente familiar controlador o desestructurado, as\u00ed como la excesiva preocupaci\u00f3n hacia la alimentaci\u00f3n y el cuerpo por parte de los padres o tutores.<\/p>\n\n\n\n<p>Los factores sociales como la presi\u00f3n ante la imagen y el \u00e9xito depositado en la delgadez, determinados deportes o profesiones muy asociadas a un f\u00edsico determinado (bailarinas, moda, gimnasia) en los que su cuerpo est\u00e1 muy expuesto, ni\u00f1os y adolescentes que han sufrido comentarios sobre su cuerpo son m\u00e1s susceptibles de desarrollar un trastorno.<\/p>\n\n\n\n<h3 class=\"wp-block-heading\">4. Son enfermedades de adolescentes<\/h3>\n\n\n\n<p>Los TCA afectan a todas las edades, teniendo&nbsp;<a href=\"https:\/\/elpais.com\/tecnologia\/2023-06-11\/la-epidemia-de-mala-salud-mental-que-crece-entre-las-adolescentes-las-redes-sociales-me-quitaron-calidad-de-vida.html\" target=\"_blank\" rel=\"noreferrer noopener\">como punto clave la adolescencia.<\/a>&nbsp;Se ven inicios cada vez m\u00e1s tempranos, ahora est\u00e1 en los 12 a\u00f1os.<\/p>\n\n\n\n<p>Se sit\u00faa en una edad media de debut entre los 17 y los 25 a\u00f1os, sin embargo, hay un porcentaje muy elevado de mujeres de mediana edad que tiene s\u00edntomas compatibles con estos cuadros, bien porque se ha cronificado un TCA que se inici\u00f3 en la adolescencia y nunca se cur\u00f3, o bien porque lo ha desarrollado por primera vez en este momento de su vida. El t\u00e9rmino \u201cmediana edad\u201d o \u201cedad madura\u201d est\u00e1 definido en el rango de 35 a 55 a\u00f1os; otros autores han propuesto la franja de 40 a 65 a\u00f1os.<\/p>\n\n\n\n<h3 class=\"wp-block-heading\">5. Las dietas estrictas y las dietas de moda no son peligrosas<\/h3>\n\n\n\n<p>No se puede decir que las<a href=\"https:\/\/elpais.com\/elpais\/2017\/05\/08\/ciencia\/1494243255_390247.html\" target=\"_blank\" rel=\"noreferrer noopener\">&nbsp;dietas restrictivas<\/a>&nbsp;sean las causantes de los trastornos del comportamiento alimentario, pero s\u00ed el 40% de ellos se han desencadenado a ra\u00edz de una dieta.<\/p>\n\n\n\n<p>Por ello es muy importante no poner en riesgo nuestra salud saltando de dieta en dieta como si fueran inocuas. Y lo m\u00e1s relevante, proteger a los ni\u00f1os: no se les puede someter a dietas, ni estar continuamente pes\u00e1ndolos. Se pueden hacer cambios de h\u00e1bitos, pero hacer que un ni\u00f1o viva en privaci\u00f3n suele ser un desencadenante de un trastorno por atrac\u00f3n. Generalmente, los cambios en los h\u00e1bitos de los ni\u00f1os tienen que ver m\u00e1s con los h\u00e1bitos de los padres o cuidadores porque, al final, los ni\u00f1os acceden a lo que los adultos les dan.<\/p>\n\n\n\n<p>El trastorno por atrac\u00f3n es quiz\u00e1s el TCA m\u00e1s desconocido porque no se describi\u00f3 como tal hasta hace 10 a\u00f1os, en el 2013 se incluy\u00f3 en el&nbsp;<a href=\"https:\/\/elpais.com\/salud-y-bienestar\/2022-05-30\/orgullo-loco-los-activistas-de-la-salud-mental-se-rebelan-por-un-trato-digno.html\" target=\"_blank\" rel=\"noreferrer noopener\">Manual Diagn\u00f3stico y Estad\u00edstico de los Trastornos Mentales (DSM -5)<\/a>. Se caracteriza por la ingesta de grandes cantidades de comida en un espacio de tiempo corto, con sensaci\u00f3n de falta de voluntad, normalmente en solitario. Genera verg\u00fcenza y malestar f\u00edsico por la gran ingesta de comida y, sobre todo, emocional.<\/p>\n\n\n\n<p>Hasta hace muy poco, a las personas que sufr\u00edan un trastorno por atrac\u00f3n se les pautaba una dieta de p\u00e9rdida de peso, lo que a su vez provocaba m\u00e1s atracones y m\u00e1s verg\u00fcenza al no poder seguirla. Muchos adultos que hoy sienten verg\u00fcenza por comer algunos alimentos son esos ni\u00f1os a los que se les rega\u00f1aba por comerlos porque pesaban demasiado.<\/p>\n\n\n\n<p>Los TCA no entienden de edades, sexo, etnia, ni nivel socioecon\u00f3mico. Estas son unas fechas complicadas para las personas que los sufren. Si quieres echar una mano, estas fiestas no hables de comida, no te fijes en qu\u00e9 come o deja de comer cada uno, no comentes los cambios f\u00edsicos de nadie, ni siquiera los de tu cuerpo. Tengamos la fiesta en paz.<\/p>\n\n\n\n<p><a href=\"https:\/\/elpais.com\/salud-y-bienestar\/nutrir-con-ciencia\/\"><em><strong>NUTRIR CON CIENCIA<\/strong><\/em><\/a><em>es una secci\u00f3n sobre alimentaci\u00f3n basada en evidencias cient\u00edficas y en el conocimiento contrastado por especialistas. Comer es mucho m\u00e1s que un placer y una necesidad: la dieta y los h\u00e1bitos alimenticios son ahora mismo el factor de salud p\u00fablica que m\u00e1s puede ayudarnos a prevenir numerosas enfermedades, desde muchos tipos de c\u00e1ncer hasta la diabetes. Un equipo de dietistas-nutricionistas nos ayudar\u00e1 a conocer mejor la importancia de la alimentaci\u00f3n y a derribar, gracias a la ciencia, los mitos que nos llevan a comer mal.<\/em><\/p>\n","protected":false},"excerpt":{"rendered":"<p>Desde la pandemia, la incidencia de trastornos de la conducta alimentaria (TCA) ha aumentado un 30% y se presenta en edades m\u00e1s tempranas. El aislamiento social durante el confinamiento y\u00a0el mayor uso de redes sociales\u00a0como Instagram sirvi\u00f3 de detonante para muchos trastornos que estaban de forma latente y para inocular el germen perfecto del inicio [&hellip;]<\/p>\n","protected":false},"author":1,"featured_media":2472,"comment_status":"open","ping_status":"open","sticky":false,"template":"","format":"standard","meta":{"footnotes":""},"categories":[1],"tags":[],"class_list":["post-2471","post","type-post","status-publish","format-standard","has-post-thumbnail","hentry","category-sin-categoria"],"blog_post_layout_featured_media_urls":{"thumbnail":["https:\/\/elregionaldigital.info\/wp-content\/uploads\/2024\/04\/fd2920e2-blog1-1024x683-1-150x150.jpg",150,150,true],"full":["https:\/\/elregionaldigital.info\/wp-content\/uploads\/2024\/04\/fd2920e2-blog1-1024x683-1.jpg",1024,683,false]},"categories_names":{"1":{"name":"Sin categor\u00eda","link":"https:\/\/elregionaldigital.info\/?cat=1"}},"tags_names":[],"comments_number":"0","wpmagazine_modules_lite_featured_media_urls":{"thumbnail":["https:\/\/elregionaldigital.info\/wp-content\/uploads\/2024\/04\/fd2920e2-blog1-1024x683-1-150x150.jpg",150,150,true],"cvmm-medium":["https:\/\/elregionaldigital.info\/wp-content\/uploads\/2024\/04\/fd2920e2-blog1-1024x683-1-300x300.jpg",300,300,true],"cvmm-medium-plus":["https:\/\/elregionaldigital.info\/wp-content\/uploads\/2024\/04\/fd2920e2-blog1-1024x683-1-305x207.jpg",305,207,true],"cvmm-portrait":["https:\/\/elregionaldigital.info\/wp-content\/uploads\/2024\/04\/fd2920e2-blog1-1024x683-1-400x600.jpg",400,600,true],"cvmm-medium-square":["https:\/\/elregionaldigital.info\/wp-content\/uploads\/2024\/04\/fd2920e2-blog1-1024x683-1-600x600.jpg",600,600,true],"cvmm-large":["https:\/\/elregionaldigital.info\/wp-content\/uploads\/2024\/04\/fd2920e2-blog1-1024x683-1.jpg",1024,683,false],"cvmm-small":["https:\/\/elregionaldigital.info\/wp-content\/uploads\/2024\/04\/fd2920e2-blog1-1024x683-1-130x95.jpg",130,95,true],"full":["https:\/\/elregionaldigital.info\/wp-content\/uploads\/2024\/04\/fd2920e2-blog1-1024x683-1.jpg",1024,683,false]},"_links":{"self":[{"href":"https:\/\/elregionaldigital.info\/index.php?rest_route=\/wp\/v2\/posts\/2471","targetHints":{"allow":["GET"]}}],"collection":[{"href":"https:\/\/elregionaldigital.info\/index.php?rest_route=\/wp\/v2\/posts"}],"about":[{"href":"https:\/\/elregionaldigital.info\/index.php?rest_route=\/wp\/v2\/types\/post"}],"author":[{"embeddable":true,"href":"https:\/\/elregionaldigital.info\/index.php?rest_route=\/wp\/v2\/users\/1"}],"replies":[{"embeddable":true,"href":"https:\/\/elregionaldigital.info\/index.php?rest_route=%2Fwp%2Fv2%2Fcomments&post=2471"}],"version-history":[{"count":1,"href":"https:\/\/elregionaldigital.info\/index.php?rest_route=\/wp\/v2\/posts\/2471\/revisions"}],"predecessor-version":[{"id":2473,"href":"https:\/\/elregionaldigital.info\/index.php?rest_route=\/wp\/v2\/posts\/2471\/revisions\/2473"}],"wp:featuredmedia":[{"embeddable":true,"href":"https:\/\/elregionaldigital.info\/index.php?rest_route=\/wp\/v2\/media\/2472"}],"wp:attachment":[{"href":"https:\/\/elregionaldigital.info\/index.php?rest_route=%2Fwp%2Fv2%2Fmedia&parent=2471"}],"wp:term":[{"taxonomy":"category","embeddable":true,"href":"https:\/\/elregionaldigital.info\/index.php?rest_route=%2Fwp%2Fv2%2Fcategories&post=2471"},{"taxonomy":"post_tag","embeddable":true,"href":"https:\/\/elregionaldigital.info\/index.php?rest_route=%2Fwp%2Fv2%2Ftags&post=2471"}],"curies":[{"name":"wp","href":"https:\/\/api.w.org\/{rel}","templated":true}]}}