{"id":2468,"date":"2024-03-22T14:40:37","date_gmt":"2024-03-22T14:40:37","guid":{"rendered":"https:\/\/elregionaldigital.info\/?p=2468"},"modified":"2024-07-17T22:00:04","modified_gmt":"2024-07-17T22:00:04","slug":"a-que-hora-juega-la-seleccion-mexicana-horario-vs-estados-unidos-por-la-final-de-concacaf-nations-league","status":"publish","type":"post","link":"https:\/\/elregionaldigital.info\/?p=2468","title":{"rendered":"\u00bfA qu\u00e9 hora juega la Selecci\u00f3n Mexicana?: Horario vs Estados Unidos, por la Final de Concacaf Nations League"},"content":{"rendered":"\n<p>El Tri contin\u00faa su camino hacia la Copa Am\u00e9rica 2024 con la final de la Concacaf Nations League.<\/p>\n\n\n\n<p><strong>M\u00e9xico<\/strong>&nbsp;tendr\u00e1 un nuevo compromiso en 2024 frente a&nbsp;<strong>Estados Unidos&nbsp;<\/strong>en lo que ser\u00e1 su decimoquinto duelo dentro del nuevo proceso mundialista,<strong>&nbsp;<\/strong>donde&nbsp;<strong>Jaime Lozano<\/strong>&nbsp;buscar\u00e1 encontrar un cambio generacional rumbo a la Copa del Mundo, con la posibilidad de sumar un nuevo t\u00edtulo.<\/p>\n\n\n\n<p>El combinado Tricolor<strong>&nbsp;<\/strong>enfrentar\u00e1 al combinado de las barras y las estrellas en su segundo compromiso del a\u00f1o.<\/p>\n\n\n\n<p>El partido se jugar\u00e1 el pr\u00f3ximo&nbsp;<strong>domingo 24 de marzo&nbsp;<\/strong>a las 19:15 horas, tiempo del centro de M\u00e9xico en el AT&amp;T Stadium, en Arlington, Texas. Se podr\u00e1 seguir a trav\u00e9s de&nbsp;<strong>Canal 5<\/strong>,&nbsp;<strong>Azteca 7&nbsp;<\/strong>y&nbsp;<strong>TUDN<\/strong>.<\/p>\n\n\n\n<p>Pese a que un buen porcentaje\u00a0de la\u00a0<strong>Rep\u00fablica Mexicana\u00a0<\/strong>se localiza\u00a0dentro\u00a0del\u00a0<strong>huso horario\u00a0<\/strong>del Tiempo del Centro de M\u00e9xico, igualmente\u00a0hay\u00a0otras zonas con uno distinto\u00a0<\/p>\n\n\n\n<p>Vale se\u00f1alar&nbsp;que el Tiempo del Centro rige para&nbsp;San Luis Potos\u00ed, Aguascalientes, Campeche, Chiapas, Coahuila, Colima, Ciudad de M\u00e9xico, Durango, Guanajuato, Guerrero, Hidalgo, Jalisco, Estado de M\u00e9xico, Michoac\u00e1n, Morelos, Nuevo Le\u00f3n, Oaxaca, Puebla, Quer\u00e9taro, Tabasco, Tamaulipas, Tlaxcala, Veracruz, Yucat\u00e1n y Zacatecas.<\/p>\n\n\n\n<p>El del Noroeste en Baja California; el del Pac\u00edfico en&nbsp;Baja California Sur, Colima, Chihuahua, Nayarit, Sinaloa y Sonora; y, finalmente, el del Sureste en Quintana Roo y Yucat\u00e1n.<\/p>\n\n\n\n<figure class=\"wp-block-table\"><table><tbody><tr><td>Tiempo del Centro<\/td><td>Tiempo del Noroeste (-2)<\/td><td>Tiempo del Pac\u00edfico (-1)<\/td><td>Tiempo del Sureste (+1)<\/td><\/tr><tr><td>19:15<\/td><td>17:15<\/td><td>18:15<\/td><td>20:15<\/td><\/tr><\/tbody><\/table><\/figure>\n","protected":false},"excerpt":{"rendered":"<p>El Tri contin\u00faa su camino hacia la Copa Am\u00e9rica 2024 con la final de la Concacaf Nations League. M\u00e9xico&nbsp;tendr\u00e1 un nuevo compromiso en 2024 frente a&nbsp;Estados Unidos&nbsp;en lo que ser\u00e1 su decimoquinto duelo dentro del nuevo proceso mundialista,&nbsp;donde&nbsp;Jaime Lozano&nbsp;buscar\u00e1 encontrar un cambio generacional rumbo a la Copa del Mundo, con la posibilidad de sumar un [&hellip;]<\/p>\n","protected":false},"author":1,"featured_media":2469,"comment_status":"open","ping_status":"open","sticky":false,"template":"","format":"standard","meta":{"footnotes":""},"categories":[6],"tags":[],"class_list":["post-2468","post","type-post","status-publish","format-standard","has-post-thumbnail","hentry","category-deportes"],"blog_post_layout_featured_media_urls":{"thumbnail":["https:\/\/elregionaldigital.info\/wp-content\/uploads\/2024\/04\/seleccion-mexicana-150x150.webp",150,150,true],"full":["https:\/\/elregionaldigital.info\/wp-content\/uploads\/2024\/04\/seleccion-mexicana.webp",2560,1440,false]},"categories_names":{"6":{"name":"Deportes","link":"https:\/\/elregionaldigital.info\/?cat=6"}},"tags_names":[],"comments_number":"0","wpmagazine_modules_lite_featured_media_urls":{"thumbnail":["https:\/\/elregionaldigital.info\/wp-content\/uploads\/2024\/04\/seleccion-mexicana-150x150.webp",150,150,true],"cvmm-medium":["https:\/\/elregionaldigital.info\/wp-content\/uploads\/2024\/04\/seleccion-mexicana-300x300.webp",300,300,true],"cvmm-medium-plus":["https:\/\/elregionaldigital.info\/wp-content\/uploads\/2024\/04\/seleccion-mexicana-305x207.webp",305,207,true],"cvmm-portrait":["https:\/\/elregionaldigital.info\/wp-content\/uploads\/2024\/04\/seleccion-mexicana-400x600.webp",400,600,true],"cvmm-medium-square":["https:\/\/elregionaldigital.info\/wp-content\/uploads\/2024\/04\/seleccion-mexicana-600x600.webp",600,600,true],"cvmm-large":["https:\/\/elregionaldigital.info\/wp-content\/uploads\/2024\/04\/seleccion-mexicana-1024x1024.webp",1024,1024,true],"cvmm-small":["https:\/\/elregionaldigital.info\/wp-content\/uploads\/2024\/04\/seleccion-mexicana-130x95.webp",130,95,true],"full":["https:\/\/elregionaldigital.info\/wp-content\/uploads\/2024\/04\/seleccion-mexicana.webp",2560,1440,false]},"_links":{"self":[{"href":"https:\/\/elregionaldigital.info\/index.php?rest_route=\/wp\/v2\/posts\/2468","targetHints":{"allow":["GET"]}}],"collection":[{"href":"https:\/\/elregionaldigital.info\/index.php?rest_route=\/wp\/v2\/posts"}],"about":[{"href":"https:\/\/elregionaldigital.info\/index.php?rest_route=\/wp\/v2\/types\/post"}],"author":[{"embeddable":true,"href":"https:\/\/elregionaldigital.info\/index.php?rest_route=\/wp\/v2\/users\/1"}],"replies":[{"embeddable":true,"href":"https:\/\/elregionaldigital.info\/index.php?rest_route=%2Fwp%2Fv2%2Fcomments&post=2468"}],"version-history":[{"count":1,"href":"https:\/\/elregionaldigital.info\/index.php?rest_route=\/wp\/v2\/posts\/2468\/revisions"}],"predecessor-version":[{"id":2470,"href":"https:\/\/elregionaldigital.info\/index.php?rest_route=\/wp\/v2\/posts\/2468\/revisions\/2470"}],"wp:featuredmedia":[{"embeddable":true,"href":"https:\/\/elregionaldigital.info\/index.php?rest_route=\/wp\/v2\/media\/2469"}],"wp:attachment":[{"href":"https:\/\/elregionaldigital.info\/index.php?rest_route=%2Fwp%2Fv2%2Fmedia&parent=2468"}],"wp:term":[{"taxonomy":"category","embeddable":true,"href":"https:\/\/elregionaldigital.info\/index.php?rest_route=%2Fwp%2Fv2%2Fcategories&post=2468"},{"taxonomy":"post_tag","embeddable":true,"href":"https:\/\/elregionaldigital.info\/index.php?rest_route=%2Fwp%2Fv2%2Ftags&post=2468"}],"curies":[{"name":"wp","href":"https:\/\/api.w.org\/{rel}","templated":true}]}}