{"id":2452,"date":"2024-04-02T07:09:28","date_gmt":"2024-04-02T07:09:28","guid":{"rendered":"https:\/\/elregionaldigital.info\/?p=2452"},"modified":"2024-07-17T21:57:49","modified_gmt":"2024-07-17T21:57:49","slug":"refuerza-uat-la-participacion-de-sus-estudiantes-en-programas-de-movilidad-internacional","status":"publish","type":"post","link":"https:\/\/elregionaldigital.info\/?p=2452","title":{"rendered":"Refuerza UAT la participaci\u00f3n de sus estudiantes en programas de movilidad internacional."},"content":{"rendered":"\n<figure class=\"wp-block-image size-large\"><img loading=\"lazy\" decoding=\"async\" width=\"1024\" height=\"683\" src=\"https:\/\/elregionaldigital.info\/wp-content\/uploads\/2024\/04\/2-1024x683.jpg\" alt=\"\" class=\"wp-image-2453\" srcset=\"https:\/\/elregionaldigital.info\/wp-content\/uploads\/2024\/04\/2-1024x683.jpg 1024w, https:\/\/elregionaldigital.info\/wp-content\/uploads\/2024\/04\/2-300x200.jpg 300w, https:\/\/elregionaldigital.info\/wp-content\/uploads\/2024\/04\/2-768x512.jpg 768w, https:\/\/elregionaldigital.info\/wp-content\/uploads\/2024\/04\/2-1536x1024.jpg 1536w, https:\/\/elregionaldigital.info\/wp-content\/uploads\/2024\/04\/2.jpg 2048w\" sizes=\"auto, (max-width: 1024px) 100vw, 1024px\" \/><\/figure>\n\n\n\n<p>La Universidad Aut\u00f3noma de Tamaulipas (UAT) promueve la participaci\u00f3n de sus<br>estudiantes en los programas de movilidad acad\u00e9mica con proyecci\u00f3n<br>internacional, lo que reafirma su compromiso de impulsar la excelencia educativa<br>mediante el establecimiento de v\u00ednculos globales a trav\u00e9s de la educaci\u00f3n.<br>Atendiendo este rubro dentro de las pol\u00edticas institucionales que impulsa el<br>rector D\u00e1maso Anaya Alvarado, la Facultad de Comercio y Administraci\u00f3n Victoria<br>(FCAV) est\u00e1 reforzando sus programas de internacionalizaci\u00f3n y apoya a trece<br>estudiantes que realizan movilidad acad\u00e9mica, tanto a nivel de posgrado como de<br>licenciatura.<br>Al respecto, la Dra. Yesenia S\u00e1nchez Tovar, coordinadora de la Divisi\u00f3n de<br>Estudios de Posgrado e Investigaci\u00f3n en la FCAV, destac\u00f3 la importancia de esta<br>iniciativa y se\u00f1al\u00f3: \u201cTratar de impulsar que los j\u00f3venes que cursan nuestros<br>posgrados y que tienen el tiempo puedan realizar una movilidad a nivel nacional o<br>internacional, es fundamental para enriquecer su formaci\u00f3n y ampliar sus<br>perspectivas laborales\u201d.<br>Coment\u00f3 que recientemente, la FCAV llev\u00f3 a cabo una exitosa experiencia<br>de movilidad estudiantil, donde ocho alumnos de posgrado tuvieron la oportunidad<br>de cursar un semestre en universidades extranjeras, sumergi\u00e9ndose en nuevos<br>entornos acad\u00e9micos y culturales.<br>Precis\u00f3 que dos de estos estudiantes realizaron su movilidad a nivel<br>nacional, mientras que los seis restantes tuvieron la oportunidad de estudiar en<br>pa\u00edses como Espa\u00f1a, Colombia, Estados Unidos y M\u00e9xico. Cuatro de ellos<br>escogieron la Universidad EAFIT en Medell\u00edn, Colombia, para especializarse en<br>\u00e1reas como mercadotecnia, estrategia y finanzas; otros dos optaron por la<br>Universidad de Burgos, Espa\u00f1a, con enfoque en el \u00e1rea de finanzas; mientras que<br>los dos restantes eligieron la Universidad de Guadalajara, en M\u00e9xico, para su<\/p>\n\n\n\n<p>formaci\u00f3n avanzada en administraci\u00f3n de negocios y direcci\u00f3n de mercadotecnia.<br>Inform\u00f3 que cinco estudiantes pertenecientes a las licenciaturas en<br>Administraci\u00f3n y Contador P\u00fablico participan en programas de movilidad<br>acad\u00e9mica asignados a diversas ciudades y universidades; dos de ellos en la<br>Universidad de Guadalajara, en M\u00e9xico, y tres en la Universidad de Valencia,<br>Espa\u00f1a, lo que evidencia su inter\u00e9s por enriquecer su formaci\u00f3n acad\u00e9mica y<br>cultural en entornos acad\u00e9micos de prestigio internacional.<br>Este enfoque innovador hacia la educaci\u00f3n superior refleja el compromiso<br>de la UAT con la formaci\u00f3n integral de sus estudiantes y su preparaci\u00f3n para el<br>\u00e9xito en un mundo cada vez m\u00e1s globalizado y competitivo. La UAT contin\u00faa<br>siendo un referente de excelencia educativa en la regi\u00f3n, abriendo puertas hacia<br>un futuro lleno de posibilidades tanto para sus alumnos como para la sociedad<\/p>\n","protected":false},"excerpt":{"rendered":"<p>La Universidad Aut\u00f3noma de Tamaulipas (UAT) promueve la participaci\u00f3n de susestudiantes en los programas de movilidad acad\u00e9mica con proyecci\u00f3ninternacional, lo que reafirma su compromiso de impulsar la excelencia educativamediante el establecimiento de v\u00ednculos globales a trav\u00e9s de la educaci\u00f3n.Atendiendo este rubro dentro de las pol\u00edticas institucionales que impulsa elrector D\u00e1maso Anaya Alvarado, la Facultad de [&hellip;]<\/p>\n","protected":false},"author":1,"featured_media":2454,"comment_status":"open","ping_status":"open","sticky":false,"template":"","format":"standard","meta":{"footnotes":""},"categories":[4],"tags":[],"class_list":["post-2452","post","type-post","status-publish","format-standard","has-post-thumbnail","hentry","category-universidades"],"blog_post_layout_featured_media_urls":{"thumbnail":["https:\/\/elregionaldigital.info\/wp-content\/uploads\/2024\/04\/1-1-150x150.jpg",150,150,true],"full":["https:\/\/elregionaldigital.info\/wp-content\/uploads\/2024\/04\/1-1.jpg",2048,1365,false]},"categories_names":{"4":{"name":"Universidades","link":"https:\/\/elregionaldigital.info\/?cat=4"}},"tags_names":[],"comments_number":"0","wpmagazine_modules_lite_featured_media_urls":{"thumbnail":["https:\/\/elregionaldigital.info\/wp-content\/uploads\/2024\/04\/1-1-150x150.jpg",150,150,true],"cvmm-medium":["https:\/\/elregionaldigital.info\/wp-content\/uploads\/2024\/04\/1-1-300x300.jpg",300,300,true],"cvmm-medium-plus":["https:\/\/elregionaldigital.info\/wp-content\/uploads\/2024\/04\/1-1-305x207.jpg",305,207,true],"cvmm-portrait":["https:\/\/elregionaldigital.info\/wp-content\/uploads\/2024\/04\/1-1-400x600.jpg",400,600,true],"cvmm-medium-square":["https:\/\/elregionaldigital.info\/wp-content\/uploads\/2024\/04\/1-1-600x600.jpg",600,600,true],"cvmm-large":["https:\/\/elregionaldigital.info\/wp-content\/uploads\/2024\/04\/1-1-1024x1024.jpg",1024,1024,true],"cvmm-small":["https:\/\/elregionaldigital.info\/wp-content\/uploads\/2024\/04\/1-1-130x95.jpg",130,95,true],"full":["https:\/\/elregionaldigital.info\/wp-content\/uploads\/2024\/04\/1-1.jpg",2048,1365,false]},"_links":{"self":[{"href":"https:\/\/elregionaldigital.info\/index.php?rest_route=\/wp\/v2\/posts\/2452","targetHints":{"allow":["GET"]}}],"collection":[{"href":"https:\/\/elregionaldigital.info\/index.php?rest_route=\/wp\/v2\/posts"}],"about":[{"href":"https:\/\/elregionaldigital.info\/index.php?rest_route=\/wp\/v2\/types\/post"}],"author":[{"embeddable":true,"href":"https:\/\/elregionaldigital.info\/index.php?rest_route=\/wp\/v2\/users\/1"}],"replies":[{"embeddable":true,"href":"https:\/\/elregionaldigital.info\/index.php?rest_route=%2Fwp%2Fv2%2Fcomments&post=2452"}],"version-history":[{"count":1,"href":"https:\/\/elregionaldigital.info\/index.php?rest_route=\/wp\/v2\/posts\/2452\/revisions"}],"predecessor-version":[{"id":2455,"href":"https:\/\/elregionaldigital.info\/index.php?rest_route=\/wp\/v2\/posts\/2452\/revisions\/2455"}],"wp:featuredmedia":[{"embeddable":true,"href":"https:\/\/elregionaldigital.info\/index.php?rest_route=\/wp\/v2\/media\/2454"}],"wp:attachment":[{"href":"https:\/\/elregionaldigital.info\/index.php?rest_route=%2Fwp%2Fv2%2Fmedia&parent=2452"}],"wp:term":[{"taxonomy":"category","embeddable":true,"href":"https:\/\/elregionaldigital.info\/index.php?rest_route=%2Fwp%2Fv2%2Fcategories&post=2452"},{"taxonomy":"post_tag","embeddable":true,"href":"https:\/\/elregionaldigital.info\/index.php?rest_route=%2Fwp%2Fv2%2Ftags&post=2452"}],"curies":[{"name":"wp","href":"https:\/\/api.w.org\/{rel}","templated":true}]}}