{"id":2433,"date":"2024-03-25T15:08:43","date_gmt":"2024-03-25T15:08:43","guid":{"rendered":"https:\/\/elregionaldigital.info\/?p=2433"},"modified":"2024-07-17T21:59:10","modified_gmt":"2024-07-17T21:59:10","slug":"realiza-la-uat-con-exito-el-congreso-del-negociador-internacional-2024","status":"publish","type":"post","link":"https:\/\/elregionaldigital.info\/?p=2433","title":{"rendered":"Realiza la UAT con \u00e9xito el Congreso del Negociador Internacional 2024"},"content":{"rendered":"\n<figure class=\"wp-block-image size-large\"><img loading=\"lazy\" decoding=\"async\" width=\"1024\" height=\"682\" src=\"https:\/\/elregionaldigital.info\/wp-content\/uploads\/2024\/04\/4-1024x682.jpeg\" alt=\"\" class=\"wp-image-2434\" srcset=\"https:\/\/elregionaldigital.info\/wp-content\/uploads\/2024\/04\/4-1024x682.jpeg 1024w, https:\/\/elregionaldigital.info\/wp-content\/uploads\/2024\/04\/4-300x200.jpeg 300w, https:\/\/elregionaldigital.info\/wp-content\/uploads\/2024\/04\/4-768x512.jpeg 768w, https:\/\/elregionaldigital.info\/wp-content\/uploads\/2024\/04\/4-1536x1023.jpeg 1536w, https:\/\/elregionaldigital.info\/wp-content\/uploads\/2024\/04\/4.jpeg 1600w\" sizes=\"auto, (max-width: 1024px) 100vw, 1024px\" \/><\/figure>\n\n\n\n<p>La Universidad Aut\u00f3noma de Tamaulipas (UAT), mediante la Facultad de Derecho<br>y Ciencias Sociales Victoria, realiz\u00f3 con \u00e9xito el S\u00e9ptimo Congreso del Negociador<br>Internacional 2024, con el objetivo de proporcionar un espacio de encuentro y<br>discusi\u00f3n para acad\u00e9micos, profesionales y estudiantes interesados en ese tema.<br>El evento se present\u00f3 como una plataforma de intercambio de ideas y<br>experiencias que fusion\u00f3 actividades te\u00f3rico-pr\u00e1cticas mediante siete conferencias<br>magistrales y cuatro talleres pr\u00e1cticos, con el fin de brindar un espacio de<br>encuentro y discusi\u00f3n enriquecedora sobre temas econ\u00f3micos de relevancia<br>regional, nacional e internacional.<br>El Dr. Eddy Izaguirre Trevi\u00f1o, director de la Facultad de Derecho y Ciencias<br>Sociales Victoria, enfatiz\u00f3 la importancia de este congreso como un punto de<br>encuentro para la comunidad acad\u00e9mica, y destac\u00f3 el compromiso del rector de la<br>UAT, MVZ D\u00e1maso Anaya Alvarado, con la excelencia educativa y el desarrollo<br>socioecon\u00f3mico de la regi\u00f3n y el pa\u00eds.<br>Con la participaci\u00f3n de conferencistas nacionales e internacionales; los<br>primeros procedentes de instituciones como la Universidad Aut\u00f3noma de<br>Coahuila, la Universidad Aut\u00f3noma de Guanajuato y la EGADE Monterrey; y los<br>segundos, de pa\u00edses como Colombia, Per\u00fa y Espa\u00f1a, el congreso enriqueci\u00f3 el<br>debate mediante temas cruciales para el \u00e1mbito empresarial global.<br>Las conferencias ofrecieron una visi\u00f3n profunda de los desaf\u00edos y<br>oportunidades en el mundo de los negocios internacionales, incluyendo la<br>inversi\u00f3n extranjera directa, la log\u00edstica empresarial, la gesti\u00f3n de riesgos y la<br>adaptaci\u00f3n cultural, entre otros aspectos fundamentales.<br>Estudiantes de la Licenciatura en Negocios Internacionales que imparte la<br>Facultad de Derecho Victoria participaron activamente en las actividades, en<\/p>\n\n\n\n<p>donde se organizaron diversos talleres pr\u00e1cticos en colaboraci\u00f3n con el Gobierno<br>del Estado mediante el Consejo Tamaulipeco de Ciencia y Tecnolog\u00eda<br>(COTACYT), el Ayuntamiento de Victoria y expertos en la materia, que<br>proporcionaron herramientas concretas en \u00e1reas como la gesti\u00f3n de la propiedad<br>intelectual, la investigaci\u00f3n de mercados y la resoluci\u00f3n de problemas aduaneros,<br>ofreciendo as\u00ed una experiencia educativa integral y orientada a resultados.<\/p>\n","protected":false},"excerpt":{"rendered":"<p>La Universidad Aut\u00f3noma de Tamaulipas (UAT), mediante la Facultad de Derechoy Ciencias Sociales Victoria, realiz\u00f3 con \u00e9xito el S\u00e9ptimo Congreso del NegociadorInternacional 2024, con el objetivo de proporcionar un espacio de encuentro ydiscusi\u00f3n para acad\u00e9micos, profesionales y estudiantes interesados en ese tema.El evento se present\u00f3 como una plataforma de intercambio de ideas yexperiencias que fusion\u00f3 [&hellip;]<\/p>\n","protected":false},"author":1,"featured_media":2435,"comment_status":"open","ping_status":"open","sticky":false,"template":"","format":"standard","meta":{"footnotes":""},"categories":[4],"tags":[],"class_list":["post-2433","post","type-post","status-publish","format-standard","has-post-thumbnail","hentry","category-universidades"],"blog_post_layout_featured_media_urls":{"thumbnail":["https:\/\/elregionaldigital.info\/wp-content\/uploads\/2024\/04\/5-150x150.jpg",150,150,true],"full":["https:\/\/elregionaldigital.info\/wp-content\/uploads\/2024\/04\/5.jpg",2048,1152,false]},"categories_names":{"4":{"name":"Universidades","link":"https:\/\/elregionaldigital.info\/?cat=4"}},"tags_names":[],"comments_number":"0","wpmagazine_modules_lite_featured_media_urls":{"thumbnail":["https:\/\/elregionaldigital.info\/wp-content\/uploads\/2024\/04\/5-150x150.jpg",150,150,true],"cvmm-medium":["https:\/\/elregionaldigital.info\/wp-content\/uploads\/2024\/04\/5-300x300.jpg",300,300,true],"cvmm-medium-plus":["https:\/\/elregionaldigital.info\/wp-content\/uploads\/2024\/04\/5-305x207.jpg",305,207,true],"cvmm-portrait":["https:\/\/elregionaldigital.info\/wp-content\/uploads\/2024\/04\/5-400x600.jpg",400,600,true],"cvmm-medium-square":["https:\/\/elregionaldigital.info\/wp-content\/uploads\/2024\/04\/5-600x600.jpg",600,600,true],"cvmm-large":["https:\/\/elregionaldigital.info\/wp-content\/uploads\/2024\/04\/5-1024x1024.jpg",1024,1024,true],"cvmm-small":["https:\/\/elregionaldigital.info\/wp-content\/uploads\/2024\/04\/5-130x95.jpg",130,95,true],"full":["https:\/\/elregionaldigital.info\/wp-content\/uploads\/2024\/04\/5.jpg",2048,1152,false]},"_links":{"self":[{"href":"https:\/\/elregionaldigital.info\/index.php?rest_route=\/wp\/v2\/posts\/2433","targetHints":{"allow":["GET"]}}],"collection":[{"href":"https:\/\/elregionaldigital.info\/index.php?rest_route=\/wp\/v2\/posts"}],"about":[{"href":"https:\/\/elregionaldigital.info\/index.php?rest_route=\/wp\/v2\/types\/post"}],"author":[{"embeddable":true,"href":"https:\/\/elregionaldigital.info\/index.php?rest_route=\/wp\/v2\/users\/1"}],"replies":[{"embeddable":true,"href":"https:\/\/elregionaldigital.info\/index.php?rest_route=%2Fwp%2Fv2%2Fcomments&post=2433"}],"version-history":[{"count":1,"href":"https:\/\/elregionaldigital.info\/index.php?rest_route=\/wp\/v2\/posts\/2433\/revisions"}],"predecessor-version":[{"id":2436,"href":"https:\/\/elregionaldigital.info\/index.php?rest_route=\/wp\/v2\/posts\/2433\/revisions\/2436"}],"wp:featuredmedia":[{"embeddable":true,"href":"https:\/\/elregionaldigital.info\/index.php?rest_route=\/wp\/v2\/media\/2435"}],"wp:attachment":[{"href":"https:\/\/elregionaldigital.info\/index.php?rest_route=%2Fwp%2Fv2%2Fmedia&parent=2433"}],"wp:term":[{"taxonomy":"category","embeddable":true,"href":"https:\/\/elregionaldigital.info\/index.php?rest_route=%2Fwp%2Fv2%2Fcategories&post=2433"},{"taxonomy":"post_tag","embeddable":true,"href":"https:\/\/elregionaldigital.info\/index.php?rest_route=%2Fwp%2Fv2%2Ftags&post=2433"}],"curies":[{"name":"wp","href":"https:\/\/api.w.org\/{rel}","templated":true}]}}