{"id":2422,"date":"2024-03-22T13:50:49","date_gmt":"2024-03-22T13:50:49","guid":{"rendered":"https:\/\/elregionaldigital.info\/?p=2422"},"modified":"2024-07-17T22:00:12","modified_gmt":"2024-07-17T22:00:12","slug":"preside-isolda-rendon-el-festival-de-primavera-2024","status":"publish","type":"post","link":"https:\/\/elregionaldigital.info\/?p=2422","title":{"rendered":"Preside Isolda Rend\u00f3n el Festival de Primavera 2024"},"content":{"rendered":"\n<figure class=\"wp-block-image size-large\"><img loading=\"lazy\" decoding=\"async\" width=\"1024\" height=\"768\" src=\"https:\/\/elregionaldigital.info\/wp-content\/uploads\/2024\/03\/3-1024x768.jpg\" alt=\"\" class=\"wp-image-2423\" srcset=\"https:\/\/elregionaldigital.info\/wp-content\/uploads\/2024\/03\/3-1024x768.jpg 1024w, https:\/\/elregionaldigital.info\/wp-content\/uploads\/2024\/03\/3-300x225.jpg 300w, https:\/\/elregionaldigital.info\/wp-content\/uploads\/2024\/03\/3-768x576.jpg 768w, https:\/\/elregionaldigital.info\/wp-content\/uploads\/2024\/03\/3-1536x1152.jpg 1536w, https:\/\/elregionaldigital.info\/wp-content\/uploads\/2024\/03\/3-136x102.jpg 136w, https:\/\/elregionaldigital.info\/wp-content\/uploads\/2024\/03\/3.jpg 2048w\" sizes=\"auto, (max-width: 1024px) 100vw, 1024px\" \/><\/figure>\n\n\n\n<p>Con la presencia de la Lic. Isolda Rend\u00f3n de Anaya, presidenta del voluntariado<br>universitario Familia UAT, el C\u00edrculo de Desarrollo Infantil Victoria de la Universidad<br>Aut\u00f3noma de Tamaulipas llev\u00f3 a cabo con gran \u00e9xito el Festival de Primavera<br>2024, evento que celebra la belleza de la temporada primaveral y el esp\u00edritu<br>comunitario.<br>Los peque\u00f1os que forman parte del C\u00edrculo de Desarrollo Infantil, destinado<br>a la formaci\u00f3n de hijos de estudiantes universitarios, fueron los protagonistas de<br>esta celebraci\u00f3n, donde participaron entusiastamente en el cl\u00e1sico desfile de la<br>primavera y en la coronaci\u00f3n del Rey y la Reina 2024, eventos que destacaron su<br>creatividad y habilidades.<br>La Lic. Isolda Julieta Rend\u00f3n de Anaya resalt\u00f3 la importancia de estas<br>actividades para fomentar el sentido de comunidad y promover el bienestar de los<br>m\u00e1s peque\u00f1os dentro del \u00e1mbito universitario, como as\u00ed lo ha manifestado su<br>esposo, el rector D\u00e1maso Anaya Alvarado.<br>Reconoci\u00f3 el apoyo y la participaci\u00f3n de padres y madres universitarios en<br>la celebraci\u00f3n, y elogi\u00f3 el talento de los ni\u00f1os y ni\u00f1as que participaron en este<br>evento festivo y lleno de energ\u00eda positiva.<br>En el evento, estuvo acompa\u00f1ada por la Mtra. Laura Garc\u00eda \u00c1lvarez,<br>coordinadora de Familia UAT, y la Mtra. Carolina Orteg\u00f3n Ram\u00edrez, directora del<br>Centro de Desarrollo Infantil de Victoria, as\u00ed como directoras de otros centros de<br>atenci\u00f3n infantil de la UAT, comunidad universitaria, familiares, padres y madres<br>de los peque\u00f1os participantes.<br>Los asistentes disfrutaron del desfile de primavera que recorri\u00f3 todo el<br>Centro Universitario Victoria, donde cada participante mostr\u00f3 su creatividad en los<br>carros aleg\u00f3ricos y disfraces alusivos a la temporada. Adem\u00e1s, se llev\u00f3 a cabo la<br>Coronaci\u00f3n del Rey y la Reina 2024.<\/p>\n\n\n\n<p>Esta actividad se enmarca en la educaci\u00f3n integral que se brinda a los hijos<br>de j\u00f3venes universitarios a trav\u00e9s del C\u00edrculo de Desarrollo Infantil, donde reciben<br>instrucci\u00f3n pedag\u00f3gica y atenci\u00f3n psicol\u00f3gica para su desarrollo adecuado.<\/p>\n","protected":false},"excerpt":{"rendered":"<p>Con la presencia de la Lic. Isolda Rend\u00f3n de Anaya, presidenta del voluntariadouniversitario Familia UAT, el C\u00edrculo de Desarrollo Infantil Victoria de la UniversidadAut\u00f3noma de Tamaulipas llev\u00f3 a cabo con gran \u00e9xito el Festival de Primavera2024, evento que celebra la belleza de la temporada primaveral y el esp\u00edritucomunitario.Los peque\u00f1os que forman parte del C\u00edrculo de [&hellip;]<\/p>\n","protected":false},"author":1,"featured_media":2424,"comment_status":"open","ping_status":"open","sticky":false,"template":"","format":"standard","meta":{"footnotes":""},"categories":[4],"tags":[],"class_list":["post-2422","post","type-post","status-publish","format-standard","has-post-thumbnail","hentry","category-universidades"],"blog_post_layout_featured_media_urls":{"thumbnail":["https:\/\/elregionaldigital.info\/wp-content\/uploads\/2024\/03\/1-150x150.jpg",150,150,true],"full":["https:\/\/elregionaldigital.info\/wp-content\/uploads\/2024\/03\/1.jpg",2048,1536,false]},"categories_names":{"4":{"name":"Universidades","link":"https:\/\/elregionaldigital.info\/?cat=4"}},"tags_names":[],"comments_number":"0","wpmagazine_modules_lite_featured_media_urls":{"thumbnail":["https:\/\/elregionaldigital.info\/wp-content\/uploads\/2024\/03\/1-150x150.jpg",150,150,true],"cvmm-medium":["https:\/\/elregionaldigital.info\/wp-content\/uploads\/2024\/03\/1-300x300.jpg",300,300,true],"cvmm-medium-plus":["https:\/\/elregionaldigital.info\/wp-content\/uploads\/2024\/03\/1-305x207.jpg",305,207,true],"cvmm-portrait":["https:\/\/elregionaldigital.info\/wp-content\/uploads\/2024\/03\/1-400x600.jpg",400,600,true],"cvmm-medium-square":["https:\/\/elregionaldigital.info\/wp-content\/uploads\/2024\/03\/1-600x600.jpg",600,600,true],"cvmm-large":["https:\/\/elregionaldigital.info\/wp-content\/uploads\/2024\/03\/1-1024x1024.jpg",1024,1024,true],"cvmm-small":["https:\/\/elregionaldigital.info\/wp-content\/uploads\/2024\/03\/1-130x95.jpg",130,95,true],"full":["https:\/\/elregionaldigital.info\/wp-content\/uploads\/2024\/03\/1.jpg",2048,1536,false]},"_links":{"self":[{"href":"https:\/\/elregionaldigital.info\/index.php?rest_route=\/wp\/v2\/posts\/2422","targetHints":{"allow":["GET"]}}],"collection":[{"href":"https:\/\/elregionaldigital.info\/index.php?rest_route=\/wp\/v2\/posts"}],"about":[{"href":"https:\/\/elregionaldigital.info\/index.php?rest_route=\/wp\/v2\/types\/post"}],"author":[{"embeddable":true,"href":"https:\/\/elregionaldigital.info\/index.php?rest_route=\/wp\/v2\/users\/1"}],"replies":[{"embeddable":true,"href":"https:\/\/elregionaldigital.info\/index.php?rest_route=%2Fwp%2Fv2%2Fcomments&post=2422"}],"version-history":[{"count":1,"href":"https:\/\/elregionaldigital.info\/index.php?rest_route=\/wp\/v2\/posts\/2422\/revisions"}],"predecessor-version":[{"id":2425,"href":"https:\/\/elregionaldigital.info\/index.php?rest_route=\/wp\/v2\/posts\/2422\/revisions\/2425"}],"wp:featuredmedia":[{"embeddable":true,"href":"https:\/\/elregionaldigital.info\/index.php?rest_route=\/wp\/v2\/media\/2424"}],"wp:attachment":[{"href":"https:\/\/elregionaldigital.info\/index.php?rest_route=%2Fwp%2Fv2%2Fmedia&parent=2422"}],"wp:term":[{"taxonomy":"category","embeddable":true,"href":"https:\/\/elregionaldigital.info\/index.php?rest_route=%2Fwp%2Fv2%2Fcategories&post=2422"},{"taxonomy":"post_tag","embeddable":true,"href":"https:\/\/elregionaldigital.info\/index.php?rest_route=%2Fwp%2Fv2%2Ftags&post=2422"}],"curies":[{"name":"wp","href":"https:\/\/api.w.org\/{rel}","templated":true}]}}