{"id":2406,"date":"2024-03-20T14:29:46","date_gmt":"2024-03-20T14:29:46","guid":{"rendered":"https:\/\/elregionaldigital.info\/?p=2406"},"modified":"2024-07-17T22:00:47","modified_gmt":"2024-07-17T22:00:47","slug":"recibe-la-uat-reconocimientos-a-la-calidad-educativa","status":"publish","type":"post","link":"https:\/\/elregionaldigital.info\/?p=2406","title":{"rendered":"Recibe la UAT reconocimientos a la Calidad Educativa"},"content":{"rendered":"\n<figure class=\"wp-block-image size-large\"><img loading=\"lazy\" decoding=\"async\" width=\"1024\" height=\"682\" src=\"https:\/\/elregionaldigital.info\/wp-content\/uploads\/2024\/03\/1-1024x682.jpeg\" alt=\"\" class=\"wp-image-2407\" srcset=\"https:\/\/elregionaldigital.info\/wp-content\/uploads\/2024\/03\/1-1024x682.jpeg 1024w, https:\/\/elregionaldigital.info\/wp-content\/uploads\/2024\/03\/1-300x200.jpeg 300w, https:\/\/elregionaldigital.info\/wp-content\/uploads\/2024\/03\/1-768x512.jpeg 768w, https:\/\/elregionaldigital.info\/wp-content\/uploads\/2024\/03\/1-1536x1023.jpeg 1536w, https:\/\/elregionaldigital.info\/wp-content\/uploads\/2024\/03\/1.jpeg 1600w\" sizes=\"auto, (max-width: 1024px) 100vw, 1024px\" \/><\/figure>\n\n\n\n<p>\uf0b7 Con el titular de los CIEES y directivos de organismos evaluadores de la<br>educaci\u00f3n superior, el rector D\u00e1maso Anaya encabez\u00f3 la entrega de<br>documentos que certifican la calidad de 17 programas educativos de la UAT<br>y los 3 centros de idiomas.<\/p>\n\n\n\n<p>El rector D\u00e1maso Leonardo Anaya Alvarado presidi\u00f3 en el Campus Tampico la<br>ceremonia de entrega de acreditaciones de programas educativos y Centros<br>Universitarios de Idiomas de la Universidad Aut\u00f3noma de Tamaulipas (UAT) que<br>fueron evaluados por los Comit\u00e9s Interinstitucionales para la Evaluaci\u00f3n de la<br>Educaci\u00f3n Superior (CIEES) y por organismos del Sistema de Evaluaci\u00f3n y<br>Acreditaci\u00f3n de la Educaci\u00f3n Superior (SEAES).<br>Durante el evento realizado en el Aula Magna del Centro Universitario Sur,<br>el MVZ D\u00e1maso Anaya Alvarado recibi\u00f3 al Mtro. Miguel \u00c1ngel Tamayo Taype,<br>coordinador general de los CIEES, as\u00ed como a los titulares de los organismos<br>externos de evaluaci\u00f3n, acompa\u00f1ado de funcionarios de la rector\u00eda y directores de<br>las facultades y unidades acad\u00e9micas de la UAT.<br>El rector felicit\u00f3 el esfuerzo de la comunidad universitaria al ser reconocidos<br>diecisiete programas educativos de distintas instituciones acad\u00e9micas y los tres<br>Centros Universitarios de Idiomas de la UAT, se\u00f1alando que este logro fortalece el<br>proyecto acad\u00e9mico de la m\u00e1xima casa de estudios de la entidad.<br>Subray\u00f3 que con esta meta cumplida la UAT refrenda el compromiso social<br>con la educaci\u00f3n de Tamaulipas, y que su administraci\u00f3n seguir\u00e1 trabajando por la<br>excelencia acad\u00e9mica, as\u00ed como por la mejora continua de los servicios<br>acad\u00e9micos que se brindan a los estudiantes y a la sociedad.<br>\u201cEl resultado de los programas acad\u00e9micos que reciben reconocimiento<br>hace patente el compromiso que tenemos con la calidad\u201d, indic\u00f3, y a\u00f1adi\u00f3 que su<\/p>\n\n\n\n<p>compromiso es con una educaci\u00f3n que enaltezca la formaci\u00f3n de profesionistas<br>con un enfoque humanista al servicio de nuestro estado.<br>\u201cDe igual forma \u2014continu\u00f3 el rector\u2014 seguiremos apostando para que<br>todos los servicios que ofrezcamos cuenten con reconocimiento de calidad en sus<br>procesos; muestra de ello es la reacreditaci\u00f3n de los tres Centros Universitarios de<br>Idiomas\u201d.<br>El MVZ D\u00e1maso Anaya concluy\u00f3 diciendo que el resultado de los<br>programas acad\u00e9micos y servicios reconocidos se suma a los indicadores de<br>calidad que permiten a la UAT ubicarse como la instituci\u00f3n de educaci\u00f3n superior<br>de mayor cobertura en la entidad.<br>Por su parte, el Mtro. Miguel \u00c1ngel Tamayo Taype, coordinador general de<br>los CIEES, felicit\u00f3 a la UAT por lograr la acreditaci\u00f3n de sus programas y dijo que<br>esto es reflejo del empuje y la fuerza de su comunidad educativa.<br>Se\u00f1al\u00f3 que una acreditaci\u00f3n significa la rendici\u00f3n de cuentas a la sociedad<br>y el desempe\u00f1o de excelencia de la Universidad, y \u201ca la vez, es un sistema de<br>protecci\u00f3n a los alumnos, porque una acreditaci\u00f3n les dice c\u00f3mo va el programa,<br>las fortalezas y las \u00e1reas de oportunidad\u201d.<br>Correspondi\u00f3 a la Dra. Rosa Issel Acosta Gonz\u00e1lez, secretaria acad\u00e9mica<br>de la UAT, exponer los objetivos y los alcances de los reconocimientos entregados<br>tanto por los CIEES como por los organismos del Sistema de Evaluaci\u00f3n y<br>Acreditaci\u00f3n de la Educaci\u00f3n Superior.<br>De manera respectiva, hicieron entrega la Dra. Irma Lorena Zald\u00edvar<br>Bribiesca, presidenta del Consejo de Acreditaci\u00f3n de la Comunicaci\u00f3n y las<br>Ciencias Sociales (CONAC); la Dra. Dea Herrera Ruiz, presidenta del Consejo<br>Mexicano para la Acreditaci\u00f3n de la Educaci\u00f3n Farmac\u00e9utica (COMAEF), y el Dr.<br>Eduardo \u00c1valos Lira, presidente del Consejo de Acreditaci\u00f3n de Ciencias<br>Administrativas, Confiables y Afines (CACECA).<br>Adem\u00e1s, el Dr. Manuel L\u00f3pez Cabanillas Lomel\u00ed, presidente del Consejo<br>Nacional para la Calidad de Programas Educativos en Nutriolog\u00eda (CONCAPREN);<\/p>\n\n\n\n<p>el Dr. Julio C\u00e9sar Quintero Hern\u00e1ndez, representante del Consejo para la<br>Acreditaci\u00f3n de la Educaci\u00f3n Superior de Artes (CAESA), y el Mtro. Felipe Pearl<br>Zorrilla, representante del Consejo para la Acreditaci\u00f3n del Comercio Internacional<\/p>\n","protected":false},"excerpt":{"rendered":"<p>\uf0b7 Con el titular de los CIEES y directivos de organismos evaluadores de laeducaci\u00f3n superior, el rector D\u00e1maso Anaya encabez\u00f3 la entrega dedocumentos que certifican la calidad de 17 programas educativos de la UATy los 3 centros de idiomas. El rector D\u00e1maso Leonardo Anaya Alvarado presidi\u00f3 en el Campus Tampico laceremonia de entrega de acreditaciones [&hellip;]<\/p>\n","protected":false},"author":1,"featured_media":2408,"comment_status":"open","ping_status":"open","sticky":false,"template":"","format":"standard","meta":{"footnotes":""},"categories":[4],"tags":[],"class_list":["post-2406","post","type-post","status-publish","format-standard","has-post-thumbnail","hentry","category-universidades"],"blog_post_layout_featured_media_urls":{"thumbnail":["https:\/\/elregionaldigital.info\/wp-content\/uploads\/2024\/03\/4-150x150.jpeg",150,150,true],"full":["https:\/\/elregionaldigital.info\/wp-content\/uploads\/2024\/03\/4.jpeg",1600,1066,false]},"categories_names":{"4":{"name":"Universidades","link":"https:\/\/elregionaldigital.info\/?cat=4"}},"tags_names":[],"comments_number":"0","wpmagazine_modules_lite_featured_media_urls":{"thumbnail":["https:\/\/elregionaldigital.info\/wp-content\/uploads\/2024\/03\/4-150x150.jpeg",150,150,true],"cvmm-medium":["https:\/\/elregionaldigital.info\/wp-content\/uploads\/2024\/03\/4-300x300.jpeg",300,300,true],"cvmm-medium-plus":["https:\/\/elregionaldigital.info\/wp-content\/uploads\/2024\/03\/4-305x207.jpeg",305,207,true],"cvmm-portrait":["https:\/\/elregionaldigital.info\/wp-content\/uploads\/2024\/03\/4-400x600.jpeg",400,600,true],"cvmm-medium-square":["https:\/\/elregionaldigital.info\/wp-content\/uploads\/2024\/03\/4-600x600.jpeg",600,600,true],"cvmm-large":["https:\/\/elregionaldigital.info\/wp-content\/uploads\/2024\/03\/4-1024x1024.jpeg",1024,1024,true],"cvmm-small":["https:\/\/elregionaldigital.info\/wp-content\/uploads\/2024\/03\/4-130x95.jpeg",130,95,true],"full":["https:\/\/elregionaldigital.info\/wp-content\/uploads\/2024\/03\/4.jpeg",1600,1066,false]},"_links":{"self":[{"href":"https:\/\/elregionaldigital.info\/index.php?rest_route=\/wp\/v2\/posts\/2406","targetHints":{"allow":["GET"]}}],"collection":[{"href":"https:\/\/elregionaldigital.info\/index.php?rest_route=\/wp\/v2\/posts"}],"about":[{"href":"https:\/\/elregionaldigital.info\/index.php?rest_route=\/wp\/v2\/types\/post"}],"author":[{"embeddable":true,"href":"https:\/\/elregionaldigital.info\/index.php?rest_route=\/wp\/v2\/users\/1"}],"replies":[{"embeddable":true,"href":"https:\/\/elregionaldigital.info\/index.php?rest_route=%2Fwp%2Fv2%2Fcomments&post=2406"}],"version-history":[{"count":1,"href":"https:\/\/elregionaldigital.info\/index.php?rest_route=\/wp\/v2\/posts\/2406\/revisions"}],"predecessor-version":[{"id":2409,"href":"https:\/\/elregionaldigital.info\/index.php?rest_route=\/wp\/v2\/posts\/2406\/revisions\/2409"}],"wp:featuredmedia":[{"embeddable":true,"href":"https:\/\/elregionaldigital.info\/index.php?rest_route=\/wp\/v2\/media\/2408"}],"wp:attachment":[{"href":"https:\/\/elregionaldigital.info\/index.php?rest_route=%2Fwp%2Fv2%2Fmedia&parent=2406"}],"wp:term":[{"taxonomy":"category","embeddable":true,"href":"https:\/\/elregionaldigital.info\/index.php?rest_route=%2Fwp%2Fv2%2Fcategories&post=2406"},{"taxonomy":"post_tag","embeddable":true,"href":"https:\/\/elregionaldigital.info\/index.php?rest_route=%2Fwp%2Fv2%2Ftags&post=2406"}],"curies":[{"name":"wp","href":"https:\/\/api.w.org\/{rel}","templated":true}]}}