{"id":2401,"date":"2024-03-19T14:44:47","date_gmt":"2024-03-19T14:44:47","guid":{"rendered":"https:\/\/elregionaldigital.info\/?p=2401"},"modified":"2024-07-17T22:01:07","modified_gmt":"2024-07-17T22:01:07","slug":"christopher-gomez-interpretara-a-cristo-en-la-pasion-de-iztapalapa","status":"publish","type":"post","link":"https:\/\/elregionaldigital.info\/?p=2401","title":{"rendered":"Christopher G\u00f3mez Interpretar\u00e1 a Cristo en la Pasi\u00f3n de Iztapalapa."},"content":{"rendered":"\n<figure class=\"wp-block-image size-full\"><img loading=\"lazy\" decoding=\"async\" width=\"1024\" height=\"683\" src=\"https:\/\/elregionaldigital.info\/wp-content\/uploads\/2024\/03\/quien-sera-jesus-pasion-de-cristo-iztapalapa-semana-santa-6-1024x683-1.jpg\" alt=\"\" class=\"wp-image-2402\" srcset=\"https:\/\/elregionaldigital.info\/wp-content\/uploads\/2024\/03\/quien-sera-jesus-pasion-de-cristo-iztapalapa-semana-santa-6-1024x683-1.jpg 1024w, https:\/\/elregionaldigital.info\/wp-content\/uploads\/2024\/03\/quien-sera-jesus-pasion-de-cristo-iztapalapa-semana-santa-6-1024x683-1-300x200.jpg 300w, https:\/\/elregionaldigital.info\/wp-content\/uploads\/2024\/03\/quien-sera-jesus-pasion-de-cristo-iztapalapa-semana-santa-6-1024x683-1-768x512.jpg 768w\" sizes=\"auto, (max-width: 1024px) 100vw, 1024px\" \/><\/figure>\n\n\n\n<p>Christopher G\u00f3mez Interpretar\u00e1 a Cristo en la Pasi\u00f3n de Iztapalapa<\/p>\n\n\n\n<p>MARZO 19 2024<\/p>\n\n\n\n<p>Christopher es un&nbsp;<strong>hombre alt\u00edsimo, de un metro y 90 cent\u00edmetros.<\/strong>&nbsp;Es delgado, con una figura definida por el ejercicio, fuerte, de piel cobriza, pero posee una cara que delata su juventud. No tiene facciones duras y sonr\u00ede con facilidad al hablar. Ante el micr\u00f3fono fue serio, conciso, sin muchos rodeos, casi podr\u00eda decirse que con cierta timidez.<\/p>\n\n\n\n<p>Es un joven activo. Aunque ahora se dedica de lleno a su papel como Jesucristo, tiene una vida muy agitada. Es entrenador deportivo,&nbsp;<strong>estudia la carrera de Derecho<\/strong>, pasa tiempo en la alberca y juega basquetbol. Tambi\u00e9n corre maratones y carreras de cinco a 10 kil\u00f3metros de manera profesional. Por supuesto, le da tiempo a su fe cat\u00f3lica.<\/p>\n\n\n\n<p><strong>\u201cLa religi\u00f3n me la inculcaron mis pap\u00e1s.<\/strong>\u00a0Ellos son los que me bautizaron, me enviaron a mi primera comuni\u00f3n y me llevaron a misa, pero esta tradici\u00f3n (Pasi\u00f3n de Cristo) me la inculcaron mis bisabuelos, mis vecinos, todos. Es una tradici\u00f3n con la que se nace, no se hacen; ya nacemos con ella todos los oriundos de Iztapalapa\u201d, dijo.<\/p>\n\n\n\n<p>Cuando apenas ten\u00eda 6 a\u00f1os, emocionado por la participaci\u00f3n de su hermano mayo y sus t\u00edos en la&nbsp;<strong><a href=\"https:\/\/www.chilango.com\/ocio\/pasion-de-cristo-de-iztapalapa\/\">Pasi\u00f3n de Cristo en Iztapalapa<\/a>,&nbsp;<\/strong>Christopher le coment\u00f3 a su mam\u00e1 que tambi\u00e9n quer\u00eda ir. Le hicieron una t\u00fanica, una peque\u00f1a cruz y se fue con ellos para ser un nazareno m\u00e1s en la representaci\u00f3n.<\/p>\n\n\n\n<p>Su madre cuenta que, tras un largo camino descalzo, cansado por la extensa caminata y bajo el intenso calor, el peque\u00f1o se rindi\u00f3. Llorando, le pidi\u00f3 a su mam\u00e1 que lo ayudara con su cruz. Sin embargo, ella le neg\u00f3 el favor y le inst\u00f3 a que continuara con el camino que \u00e9l hab\u00eda decidido.<\/p>\n\n\n\n<p>\u201cLe pusieron sus vendas, su curaci\u00f3n y sigui\u00f3.&nbsp;<strong>Termin\u00f3 hasta arriba, casi llorando.&nbsp;<\/strong>Ahorita que platicamos le dije: \u2018si yo te hubiera ayudado, tal vez no estar\u00edas en d\u00f3nde est\u00e1s\u2019. Yo creo que tambi\u00e9n lo motiv\u00f3 a este a seguir luchando a\u00f1o tras a\u00f1o por este papel\u201d, expres\u00f3.<\/p>\n","protected":false},"excerpt":{"rendered":"<p>Christopher G\u00f3mez Interpretar\u00e1 a Cristo en la Pasi\u00f3n de Iztapalapa MARZO 19 2024 Christopher es un&nbsp;hombre alt\u00edsimo, de un metro y 90 cent\u00edmetros.&nbsp;Es delgado, con una figura definida por el ejercicio, fuerte, de piel cobriza, pero posee una cara que delata su juventud. No tiene facciones duras y sonr\u00ede con facilidad al hablar. Ante el [&hellip;]<\/p>\n","protected":false},"author":1,"featured_media":2403,"comment_status":"open","ping_status":"open","sticky":false,"template":"","format":"standard","meta":{"footnotes":""},"categories":[5],"tags":[],"class_list":["post-2401","post","type-post","status-publish","format-standard","has-post-thumbnail","hentry","category-nacional"],"blog_post_layout_featured_media_urls":{"thumbnail":["https:\/\/elregionaldigital.info\/wp-content\/uploads\/2024\/03\/quien-sera-jesus-pasion-de-cristo-iztapalapa-semana-santa-7-687x1024-1-150x150.webp",150,150,true],"full":["https:\/\/elregionaldigital.info\/wp-content\/uploads\/2024\/03\/quien-sera-jesus-pasion-de-cristo-iztapalapa-semana-santa-7-687x1024-1.webp",687,1024,false]},"categories_names":{"5":{"name":"Nacional","link":"https:\/\/elregionaldigital.info\/?cat=5"}},"tags_names":[],"comments_number":"0","wpmagazine_modules_lite_featured_media_urls":{"thumbnail":["https:\/\/elregionaldigital.info\/wp-content\/uploads\/2024\/03\/quien-sera-jesus-pasion-de-cristo-iztapalapa-semana-santa-7-687x1024-1-150x150.webp",150,150,true],"cvmm-medium":["https:\/\/elregionaldigital.info\/wp-content\/uploads\/2024\/03\/quien-sera-jesus-pasion-de-cristo-iztapalapa-semana-santa-7-687x1024-1-300x300.webp",300,300,true],"cvmm-medium-plus":["https:\/\/elregionaldigital.info\/wp-content\/uploads\/2024\/03\/quien-sera-jesus-pasion-de-cristo-iztapalapa-semana-santa-7-687x1024-1-305x207.webp",305,207,true],"cvmm-portrait":["https:\/\/elregionaldigital.info\/wp-content\/uploads\/2024\/03\/quien-sera-jesus-pasion-de-cristo-iztapalapa-semana-santa-7-687x1024-1-400x600.webp",400,600,true],"cvmm-medium-square":["https:\/\/elregionaldigital.info\/wp-content\/uploads\/2024\/03\/quien-sera-jesus-pasion-de-cristo-iztapalapa-semana-santa-7-687x1024-1-600x600.webp",600,600,true],"cvmm-large":["https:\/\/elregionaldigital.info\/wp-content\/uploads\/2024\/03\/quien-sera-jesus-pasion-de-cristo-iztapalapa-semana-santa-7-687x1024-1.webp",687,1024,false],"cvmm-small":["https:\/\/elregionaldigital.info\/wp-content\/uploads\/2024\/03\/quien-sera-jesus-pasion-de-cristo-iztapalapa-semana-santa-7-687x1024-1-130x95.webp",130,95,true],"full":["https:\/\/elregionaldigital.info\/wp-content\/uploads\/2024\/03\/quien-sera-jesus-pasion-de-cristo-iztapalapa-semana-santa-7-687x1024-1.webp",687,1024,false]},"_links":{"self":[{"href":"https:\/\/elregionaldigital.info\/index.php?rest_route=\/wp\/v2\/posts\/2401","targetHints":{"allow":["GET"]}}],"collection":[{"href":"https:\/\/elregionaldigital.info\/index.php?rest_route=\/wp\/v2\/posts"}],"about":[{"href":"https:\/\/elregionaldigital.info\/index.php?rest_route=\/wp\/v2\/types\/post"}],"author":[{"embeddable":true,"href":"https:\/\/elregionaldigital.info\/index.php?rest_route=\/wp\/v2\/users\/1"}],"replies":[{"embeddable":true,"href":"https:\/\/elregionaldigital.info\/index.php?rest_route=%2Fwp%2Fv2%2Fcomments&post=2401"}],"version-history":[{"count":1,"href":"https:\/\/elregionaldigital.info\/index.php?rest_route=\/wp\/v2\/posts\/2401\/revisions"}],"predecessor-version":[{"id":2404,"href":"https:\/\/elregionaldigital.info\/index.php?rest_route=\/wp\/v2\/posts\/2401\/revisions\/2404"}],"wp:featuredmedia":[{"embeddable":true,"href":"https:\/\/elregionaldigital.info\/index.php?rest_route=\/wp\/v2\/media\/2403"}],"wp:attachment":[{"href":"https:\/\/elregionaldigital.info\/index.php?rest_route=%2Fwp%2Fv2%2Fmedia&parent=2401"}],"wp:term":[{"taxonomy":"category","embeddable":true,"href":"https:\/\/elregionaldigital.info\/index.php?rest_route=%2Fwp%2Fv2%2Fcategories&post=2401"},{"taxonomy":"post_tag","embeddable":true,"href":"https:\/\/elregionaldigital.info\/index.php?rest_route=%2Fwp%2Fv2%2Ftags&post=2401"}],"curies":[{"name":"wp","href":"https:\/\/api.w.org\/{rel}","templated":true}]}}