{"id":2395,"date":"2024-03-18T23:47:15","date_gmt":"2024-03-18T23:47:15","guid":{"rendered":"https:\/\/elregionaldigital.info\/?p=2395"},"modified":"2024-03-19T00:21:06","modified_gmt":"2024-03-19T00:21:06","slug":"marco-batarse-ferrer-le-da-la-bienvenida-a-la-candidata-a-la-presidencia-de-la-republica-claudia-sheinbaum-pardo","status":"publish","type":"post","link":"https:\/\/elregionaldigital.info\/?p=2395","title":{"rendered":"Marco Batarse Ferrel le da la bienvenida a la candidata a la presidencia de la Rep\u00fablica Claudia Sheinbaum Pardo"},"content":{"rendered":"\n<figure class=\"wp-block-image size-large\"><img loading=\"lazy\" decoding=\"async\" width=\"576\" height=\"1024\" src=\"http:\/\/elregionaldigital.info\/wp-content\/uploads\/2024\/03\/da389a01-64fa-4124-92e6-62836e0ff0fd-576x1024.jpg\" alt=\"\" class=\"wp-image-2397\" srcset=\"https:\/\/elregionaldigital.info\/wp-content\/uploads\/2024\/03\/da389a01-64fa-4124-92e6-62836e0ff0fd-576x1024.jpg 576w, https:\/\/elregionaldigital.info\/wp-content\/uploads\/2024\/03\/da389a01-64fa-4124-92e6-62836e0ff0fd-169x300.jpg 169w, https:\/\/elregionaldigital.info\/wp-content\/uploads\/2024\/03\/da389a01-64fa-4124-92e6-62836e0ff0fd-768x1365.jpg 768w, https:\/\/elregionaldigital.info\/wp-content\/uploads\/2024\/03\/da389a01-64fa-4124-92e6-62836e0ff0fd-864x1536.jpg 864w, https:\/\/elregionaldigital.info\/wp-content\/uploads\/2024\/03\/da389a01-64fa-4124-92e6-62836e0ff0fd.jpg 900w\" sizes=\"auto, (max-width: 576px) 100vw, 576px\" \/><\/figure>\n\n\n\n<p>La coordinaci\u00f3n de la campa\u00f1a en Tamaulipas de Clauida Sheinbaum a cargo de Marco Batarse Ferrel le da la bienvenida a la candidata a la presidencia de la Rep\u00fablica de la aliaza de MORENA; Partido Verde y PT.  Esta ser\u00e1 la intensa gira de trabajo por el norte del Pa\u00eds.<\/p>\n\n\n\n<p><\/p>\n","protected":false},"excerpt":{"rendered":"<p>La coordinaci\u00f3n de la campa\u00f1a en Tamaulipas de Clauida Sheinbaum a cargo de Marco Batarse Ferrel le da la bienvenida a la candidata a la presidencia de la Rep\u00fablica de la aliaza de MORENA; Partido Verde y PT. Esta ser\u00e1 la intensa gira de trabajo por el norte del Pa\u00eds.<\/p>\n","protected":false},"author":1,"featured_media":2397,"comment_status":"open","ping_status":"open","sticky":false,"template":"","format":"standard","meta":{"footnotes":""},"categories":[6,3,5,2],"tags":[],"class_list":["post-2395","post","type-post","status-publish","format-standard","has-post-thumbnail","hentry","category-deportes","category-entretenimiento","category-nacional","category-tamaulipas"],"blog_post_layout_featured_media_urls":{"thumbnail":["https:\/\/elregionaldigital.info\/wp-content\/uploads\/2024\/03\/da389a01-64fa-4124-92e6-62836e0ff0fd-150x150.jpg",150,150,true],"full":["https:\/\/elregionaldigital.info\/wp-content\/uploads\/2024\/03\/da389a01-64fa-4124-92e6-62836e0ff0fd.jpg",900,1600,false]},"categories_names":{"6":{"name":"Deportes","link":"https:\/\/elregionaldigital.info\/?cat=6"},"3":{"name":"Entretenimiento","link":"https:\/\/elregionaldigital.info\/?cat=3"},"5":{"name":"Nacional","link":"https:\/\/elregionaldigital.info\/?cat=5"},"2":{"name":"Tamaulipas","link":"https:\/\/elregionaldigital.info\/?cat=2"}},"tags_names":[],"comments_number":"0","wpmagazine_modules_lite_featured_media_urls":{"thumbnail":["https:\/\/elregionaldigital.info\/wp-content\/uploads\/2024\/03\/da389a01-64fa-4124-92e6-62836e0ff0fd-150x150.jpg",150,150,true],"cvmm-medium":["https:\/\/elregionaldigital.info\/wp-content\/uploads\/2024\/03\/da389a01-64fa-4124-92e6-62836e0ff0fd-300x300.jpg",300,300,true],"cvmm-medium-plus":["https:\/\/elregionaldigital.info\/wp-content\/uploads\/2024\/03\/da389a01-64fa-4124-92e6-62836e0ff0fd-305x207.jpg",305,207,true],"cvmm-portrait":["https:\/\/elregionaldigital.info\/wp-content\/uploads\/2024\/03\/da389a01-64fa-4124-92e6-62836e0ff0fd-400x600.jpg",400,600,true],"cvmm-medium-square":["https:\/\/elregionaldigital.info\/wp-content\/uploads\/2024\/03\/da389a01-64fa-4124-92e6-62836e0ff0fd-600x600.jpg",600,600,true],"cvmm-large":["https:\/\/elregionaldigital.info\/wp-content\/uploads\/2024\/03\/da389a01-64fa-4124-92e6-62836e0ff0fd-900x1024.jpg",900,1024,true],"cvmm-small":["https:\/\/elregionaldigital.info\/wp-content\/uploads\/2024\/03\/da389a01-64fa-4124-92e6-62836e0ff0fd-130x95.jpg",130,95,true],"full":["https:\/\/elregionaldigital.info\/wp-content\/uploads\/2024\/03\/da389a01-64fa-4124-92e6-62836e0ff0fd.jpg",900,1600,false]},"_links":{"self":[{"href":"https:\/\/elregionaldigital.info\/index.php?rest_route=\/wp\/v2\/posts\/2395","targetHints":{"allow":["GET"]}}],"collection":[{"href":"https:\/\/elregionaldigital.info\/index.php?rest_route=\/wp\/v2\/posts"}],"about":[{"href":"https:\/\/elregionaldigital.info\/index.php?rest_route=\/wp\/v2\/types\/post"}],"author":[{"embeddable":true,"href":"https:\/\/elregionaldigital.info\/index.php?rest_route=\/wp\/v2\/users\/1"}],"replies":[{"embeddable":true,"href":"https:\/\/elregionaldigital.info\/index.php?rest_route=%2Fwp%2Fv2%2Fcomments&post=2395"}],"version-history":[{"count":3,"href":"https:\/\/elregionaldigital.info\/index.php?rest_route=\/wp\/v2\/posts\/2395\/revisions"}],"predecessor-version":[{"id":2400,"href":"https:\/\/elregionaldigital.info\/index.php?rest_route=\/wp\/v2\/posts\/2395\/revisions\/2400"}],"wp:featuredmedia":[{"embeddable":true,"href":"https:\/\/elregionaldigital.info\/index.php?rest_route=\/wp\/v2\/media\/2397"}],"wp:attachment":[{"href":"https:\/\/elregionaldigital.info\/index.php?rest_route=%2Fwp%2Fv2%2Fmedia&parent=2395"}],"wp:term":[{"taxonomy":"category","embeddable":true,"href":"https:\/\/elregionaldigital.info\/index.php?rest_route=%2Fwp%2Fv2%2Fcategories&post=2395"},{"taxonomy":"post_tag","embeddable":true,"href":"https:\/\/elregionaldigital.info\/index.php?rest_route=%2Fwp%2Fv2%2Ftags&post=2395"}],"curies":[{"name":"wp","href":"https:\/\/api.w.org\/{rel}","templated":true}]}}