{"id":2392,"date":"2024-03-17T23:37:25","date_gmt":"2024-03-17T23:37:25","guid":{"rendered":"https:\/\/elregionaldigital.info\/?p=2392"},"modified":"2024-03-18T23:41:22","modified_gmt":"2024-03-18T23:41:22","slug":"cae-a-barranco-camioneta-de-el-costeno","status":"publish","type":"post","link":"https:\/\/elregionaldigital.info\/?p=2392","title":{"rendered":"Cae a barranco camioneta de &#8216;El Coste\u00f1o&#8217;"},"content":{"rendered":"\n<p>Javier Carranza &#8216;El Coste\u00f1o&#8217; inform\u00f3 que \u00e9l y su equipo se lesionaron tras un accidente en carretera; acus\u00f3 negligencia en Hidalgo<\/p>\n\n\n\n<p>Agencia Reforma<small>domingo, 17 marzo 2024 <\/small><\/p>\n\n\n\n<p><em><strong>Cd. de M\u00e9xico<\/strong><\/em>.- El comediante Javier Carranza, mejor conocido como &#8220;El Coste\u00f1o&#8221;, inform\u00f3 a trav\u00e9s de un par de posteos en sus redes sociales que la camioneta en la que viajaba junto a su equipo de trabajo cay\u00f3 en un barranco en un accidente registrado en la carretera M\u00e9xico-Tampico.<\/p>\n\n\n\n<p>Este domingo, el c\u00f3mico acudi\u00f3 a su cuenta de Facebook para dar a conocer detalles sobre un accidente que vivi\u00f3 despu\u00e9s de dar un show con su colega&nbsp;Edson Z\u00fa\u00f1iga &#8220;El Norte\u00f1o&#8221;&nbsp;en el Estado de Hidalgo.<\/p>\n\n\n\n<p>En el video, que transmiti\u00f3 en vivo, &#8220;El Coste\u00f1o&#8221; explic\u00f3 que se encontraba desde un centro de salud p\u00fablica en Calnali, donde \u00e9l y algunos integrantes de su equipo recibieron una atenci\u00f3n b\u00e1sica, debido a que las ambulancias de la localidad se negaron a trasladarlos a un hospital en\u00a0Pachuca.<\/p>\n\n\n\n<figure class=\"wp-block-image\"><img decoding=\"async\" src=\"https:\/\/diario.mx\/jrz\/media\/froala\/898ae31b7d3bca9aa249ad67c11b8222.png\" alt=\"\"\/><\/figure>\n\n\n\n<p>&#8220;Estoy en un centro de salud, en una cl\u00ednica de salud, podr\u00edamos decirlo b\u00e1sica de primera atenci\u00f3n que realmente carece de casi todo, aqu\u00ed en Calnali, Hidalgo. Pero no carece de alma, hay una doctora, una enfermera que nos atendieron aqu\u00ed a las 02:20 de la madrugada que llegamos aqu\u00ed accidentados.<\/p>\n\n\n\n<p>&#8220;Sufrimos un accidente anoche a la 01:30 de la ma\u00f1ana nos presentamos en&nbsp;Atlapexco,&nbsp;Hidalgo, junto con mi hermano Edson Z\u00fa\u00f1iga &#8216;El Norte\u00f1o&#8217;, \u00e9l decidi\u00f3 quedarse y yo decid\u00ed regresarme porque hoy tenemos compromiso. Una de sus bailarinas pidi\u00f3 regresarse con nosotros, con mi equipo, y le dijimos que s\u00ed, que s\u00ed cab\u00eda, el ingeniero tambi\u00e9n. Pero en una curva cerrada nuestro chofer derrap\u00f3 y fuimos a dar a un barranco de aproximadamente unos dos metros de profundidad&#8221;, relat\u00f3 &#8220;El&nbsp;Coste\u00f1o&#8221;.<\/p>\n\n\n\n<p>El veh\u00edculo termin\u00f3 con muchos da\u00f1os, seg\u00fan im\u00e1genes compartidas en Facebook por &#8220;El Coste\u00f1o&#8221;, quien cont\u00f3 que el accidente caus\u00f3 lesiones, de las que se desconoce la gravedad, en los miembros de su equipo.<\/p>\n\n\n\n<p>&#8220;La camioneta qued\u00f3 bastante desbaratada, es una camioneta que nos hab\u00eda acompa\u00f1ado los \u00faltimos 12 a\u00f1os de viajes. Estaba en un estado impecable, muy bien cuidada, y bueno mi equipo de trabajo ha resultado muy lastimado. Afortunadamente todos vivos. Bendito sea Dios, todos bien, todos respirando, todos vivos, pero muy golpeados y muy lastimados. Tengo el famoso chicotazo en el cuello&#8221;.<\/p>\n\n\n\n<p><strong>&#8216;El Coste\u00f1o&#8217; expone negligencia en Hidalgo<\/strong><\/p>\n\n\n\n<p>Despu\u00e9s de informar los detalles del accidente,&nbsp;Javier Carranza&nbsp;dio a conocer que las ambulancias de&nbsp;Hidalgo&nbsp;se negaron a trasladarlo a \u00e9l y a su equipo a un hospital en Pachuca, alegando que s\u00f3lo el Presidente municipal ten\u00eda la facultad de autorizar dicho traslado.<\/p>\n\n\n\n<figure class=\"wp-block-image\"><img decoding=\"async\" src=\"https:\/\/diario.mx\/jrz\/media\/froala\/4d8bdd981d8d645d1428495aef1adb01.png\" alt=\"\"\/><\/figure>\n\n\n\n<p>&#8220;Las ambulancias de aqu\u00ed no nos quisieron llevar a Hidalgo, a Pachuca&#8230; Nos dijeron que solo el Presidente municipal puede autorizar eso, entonces le hablamos al empresario que nos trajo para pedirle de favor que interviniera por nosotros para que el Presidente municipal con quien estuvimos horas anteriores interviniera para que se llevara a los m\u00e1s lastimados a alg\u00fan hospital de Pachuca y resulta ser que no obtuvimos respuesta&#8221;, asever\u00f3 &#8220;El Coste\u00f1o&#8221;.<\/p>\n\n\n\n<p>Durante el video en vivo, el comediante de &#8220;Tal Para Cual&#8221; asegur\u00f3 que tuvo que pedir apoyo a sus allegados en la Capital del Pa\u00eds, para que llegaran veh\u00edculos que los pudieran trasladar a un nosocomio en&nbsp;Pachuca.<\/p>\n\n\n\n<p>&#8220;Han venido a rescatarnos y vamos a trasladarnos a Pachuca, a los hospitales de Pachuca a recibir atenci\u00f3n y que revisen, y descartar cualquier lesi\u00f3n que pudiera resultar en un futuro. Son los gajes del oficio, nosotros elegimos el espect\u00e1culo, no tenemos la vida comprada, as\u00ed nos la vivimos, arriba de un avi\u00f3n, un autob\u00fas, una camioneta y pues ahora nos toc\u00f3 a nosotros.<\/p>\n\n\n\n<p>&#8220;Desafortunadamente no pudieron ayudarnos las autoridades a los lesionados, a los que est\u00e1n m\u00e1s lastimados y pues afortunadamente ya llegaron nuestros auxilios de la Ciudad de M\u00e9xico. Ya trajeron una de mis camionetas, ya vino mi manager con otra camioneta y aqu\u00ed nos vamos a ir porque el empresario que nos trajo pues se desentendi\u00f3, no nos quiso ayudar y al parecer las autoridades tampoco&#8221;, dijo.<\/p>\n","protected":false},"excerpt":{"rendered":"<p>Javier Carranza &#8216;El Coste\u00f1o&#8217; inform\u00f3 que \u00e9l y su equipo se lesionaron tras un accidente en carretera; acus\u00f3 negligencia en Hidalgo Agencia Reformadomingo, 17 marzo 2024 Cd. de M\u00e9xico.- El comediante Javier Carranza, mejor conocido como &#8220;El Coste\u00f1o&#8221;, inform\u00f3 a trav\u00e9s de un par de posteos en sus redes sociales que la camioneta en la [&hellip;]<\/p>\n","protected":false},"author":1,"featured_media":2393,"comment_status":"open","ping_status":"open","sticky":false,"template":"","format":"standard","meta":{"footnotes":""},"categories":[3],"tags":[],"class_list":["post-2392","post","type-post","status-publish","format-standard","has-post-thumbnail","hentry","category-entretenimiento"],"blog_post_layout_featured_media_urls":{"thumbnail":["https:\/\/elregionaldigital.info\/wp-content\/uploads\/2024\/03\/20240317035658339-0-2164258-150x150.jpg",150,150,true],"full":["https:\/\/elregionaldigital.info\/wp-content\/uploads\/2024\/03\/20240317035658339-0-2164258.jpg",960,640,false]},"categories_names":{"3":{"name":"Entretenimiento","link":"https:\/\/elregionaldigital.info\/?cat=3"}},"tags_names":[],"comments_number":"0","wpmagazine_modules_lite_featured_media_urls":{"thumbnail":["https:\/\/elregionaldigital.info\/wp-content\/uploads\/2024\/03\/20240317035658339-0-2164258-150x150.jpg",150,150,true],"cvmm-medium":["https:\/\/elregionaldigital.info\/wp-content\/uploads\/2024\/03\/20240317035658339-0-2164258-300x300.jpg",300,300,true],"cvmm-medium-plus":["https:\/\/elregionaldigital.info\/wp-content\/uploads\/2024\/03\/20240317035658339-0-2164258-305x207.jpg",305,207,true],"cvmm-portrait":["https:\/\/elregionaldigital.info\/wp-content\/uploads\/2024\/03\/20240317035658339-0-2164258-400x600.jpg",400,600,true],"cvmm-medium-square":["https:\/\/elregionaldigital.info\/wp-content\/uploads\/2024\/03\/20240317035658339-0-2164258-600x600.jpg",600,600,true],"cvmm-large":["https:\/\/elregionaldigital.info\/wp-content\/uploads\/2024\/03\/20240317035658339-0-2164258.jpg",960,640,false],"cvmm-small":["https:\/\/elregionaldigital.info\/wp-content\/uploads\/2024\/03\/20240317035658339-0-2164258-130x95.jpg",130,95,true],"full":["https:\/\/elregionaldigital.info\/wp-content\/uploads\/2024\/03\/20240317035658339-0-2164258.jpg",960,640,false]},"_links":{"self":[{"href":"https:\/\/elregionaldigital.info\/index.php?rest_route=\/wp\/v2\/posts\/2392","targetHints":{"allow":["GET"]}}],"collection":[{"href":"https:\/\/elregionaldigital.info\/index.php?rest_route=\/wp\/v2\/posts"}],"about":[{"href":"https:\/\/elregionaldigital.info\/index.php?rest_route=\/wp\/v2\/types\/post"}],"author":[{"embeddable":true,"href":"https:\/\/elregionaldigital.info\/index.php?rest_route=\/wp\/v2\/users\/1"}],"replies":[{"embeddable":true,"href":"https:\/\/elregionaldigital.info\/index.php?rest_route=%2Fwp%2Fv2%2Fcomments&post=2392"}],"version-history":[{"count":1,"href":"https:\/\/elregionaldigital.info\/index.php?rest_route=\/wp\/v2\/posts\/2392\/revisions"}],"predecessor-version":[{"id":2394,"href":"https:\/\/elregionaldigital.info\/index.php?rest_route=\/wp\/v2\/posts\/2392\/revisions\/2394"}],"wp:featuredmedia":[{"embeddable":true,"href":"https:\/\/elregionaldigital.info\/index.php?rest_route=\/wp\/v2\/media\/2393"}],"wp:attachment":[{"href":"https:\/\/elregionaldigital.info\/index.php?rest_route=%2Fwp%2Fv2%2Fmedia&parent=2392"}],"wp:term":[{"taxonomy":"category","embeddable":true,"href":"https:\/\/elregionaldigital.info\/index.php?rest_route=%2Fwp%2Fv2%2Fcategories&post=2392"},{"taxonomy":"post_tag","embeddable":true,"href":"https:\/\/elregionaldigital.info\/index.php?rest_route=%2Fwp%2Fv2%2Ftags&post=2392"}],"curies":[{"name":"wp","href":"https:\/\/api.w.org\/{rel}","templated":true}]}}