{"id":2389,"date":"2024-03-16T23:35:31","date_gmt":"2024-03-16T23:35:31","guid":{"rendered":"https:\/\/elregionaldigital.info\/?p=2389"},"modified":"2024-03-18T23:37:19","modified_gmt":"2024-03-18T23:37:19","slug":"pide-colosio-que-aburto-salga-de-prision-y-deje-mexico","status":"publish","type":"post","link":"https:\/\/elregionaldigital.info\/?p=2389","title":{"rendered":"Pide Colosio que Aburto salga de prisi\u00f3n y deje M\u00e9xico"},"content":{"rendered":"\n<p>El emecista perdon\u00f3 al asesino de su padre y le dio su bendici\u00f3n<\/p>\n\n\n\n<p><small>s\u00e1bado, 16 marzo 2024 | 21:24<\/small><\/p>\n\n\n\n<p><em>Monterrey, M\u00e9xico<\/em>.- Al asegurar que en el asesinato de su padre, Luis Donaldo Colosio Murrieta, no busca venganza, sino justicia, su hijo, Luis Donaldo Colosio Riojas pidi\u00f3 que dejen libre a Mario Aburto y se vaya de M\u00e9xico.&nbsp;<\/p>\n\n\n\n<p>A una semana de cumplirse 30 a\u00f1os del asesinato del candidato priista, su hijo se\u00f1al\u00f3 que concuerda con el criterio de la Corte que definir\u00e1 en los pr\u00f3ximos d\u00edas si Mario Aburto se sujeta al fuero federal o com\u00fan para reducir su pena.<\/p>\n\n\n\n<p>Al concluir una gira por los Municipios de Los Aldamas, Doctor Coss, General Bravo, China y Los Ramones, el candidato al Senado por Movimiento Ciudadano perdon\u00f3 a Mario Aburto y le dio su bendici\u00f3n.<\/p>\n\n\n\n<p>&#8220;El argumento jur\u00eddico es muy claro, concuerdo con la argumentaci\u00f3n que est\u00e1 haciendo la Corte respecto a la aplicaci\u00f3n del C\u00f3digo Penal Federal versus local para un delito que deber\u00eda ser tratado como local&#8221;, coment\u00f3.<\/p>\n\n\n\n<p>&#8220;Se ha manoseado tanto este caso que yo hasta le suger\u00ed al presidente que usando sus facultades constitucionales, porque s\u00ed las tiene, pues ya indulte al se\u00f1or y dejemos que M\u00e9xico le d\u00e9 vuelta a la p\u00e1gina a una parte muy sombr\u00eda de su historia&#8221;.<\/p>\n\n\n\n<p>&#8220;Yo perdono a esa persona&#8221;, dijo, &#8220;que Dios lo bendiga, que salga libre, que se vaya de M\u00e9xico y que nos permita sanar como naci\u00f3n&#8221;.<\/p>\n\n\n\n<p>La Corte aplaz\u00f3 esta semana la decisi\u00f3n de tomar como criterio de sentencia el C\u00f3digo Penal de Baja California o el Federal, con lo que Aburto podr\u00eda quedar libre esta semana.<\/p>\n\n\n\n<p>Pues el criterio local da como sentencia 30 a\u00f1os que se cumplen este 23 de marzo, mientras que el Federal da 45 a\u00f1os de prisi\u00f3n, algo que al candidato al Senado se le hace correcto corregir.<\/p>\n\n\n\n<p>&#8220;No busco venganza, busco justicia&#8221;, finaliz\u00f3.<\/p>\n","protected":false},"excerpt":{"rendered":"<p>El emecista perdon\u00f3 al asesino de su padre y le dio su bendici\u00f3n s\u00e1bado, 16 marzo 2024 | 21:24 Monterrey, M\u00e9xico.- Al asegurar que en el asesinato de su padre, Luis Donaldo Colosio Murrieta, no busca venganza, sino justicia, su hijo, Luis Donaldo Colosio Riojas pidi\u00f3 que dejen libre a Mario Aburto y se vaya [&hellip;]<\/p>\n","protected":false},"author":1,"featured_media":2390,"comment_status":"open","ping_status":"open","sticky":false,"template":"","format":"standard","meta":{"footnotes":""},"categories":[5],"tags":[],"class_list":["post-2389","post","type-post","status-publish","format-standard","has-post-thumbnail","hentry","category-nacional"],"blog_post_layout_featured_media_urls":{"thumbnail":["https:\/\/elregionaldigital.info\/wp-content\/uploads\/2024\/03\/20240316092418-0-2164082-1-150x150.jpg",150,150,true],"full":["https:\/\/elregionaldigital.info\/wp-content\/uploads\/2024\/03\/20240316092418-0-2164082-1.jpg",980,617,false]},"categories_names":{"5":{"name":"Nacional","link":"https:\/\/elregionaldigital.info\/?cat=5"}},"tags_names":[],"comments_number":"0","wpmagazine_modules_lite_featured_media_urls":{"thumbnail":["https:\/\/elregionaldigital.info\/wp-content\/uploads\/2024\/03\/20240316092418-0-2164082-1-150x150.jpg",150,150,true],"cvmm-medium":["https:\/\/elregionaldigital.info\/wp-content\/uploads\/2024\/03\/20240316092418-0-2164082-1-300x300.jpg",300,300,true],"cvmm-medium-plus":["https:\/\/elregionaldigital.info\/wp-content\/uploads\/2024\/03\/20240316092418-0-2164082-1-305x207.jpg",305,207,true],"cvmm-portrait":["https:\/\/elregionaldigital.info\/wp-content\/uploads\/2024\/03\/20240316092418-0-2164082-1-400x600.jpg",400,600,true],"cvmm-medium-square":["https:\/\/elregionaldigital.info\/wp-content\/uploads\/2024\/03\/20240316092418-0-2164082-1-600x600.jpg",600,600,true],"cvmm-large":["https:\/\/elregionaldigital.info\/wp-content\/uploads\/2024\/03\/20240316092418-0-2164082-1.jpg",980,617,false],"cvmm-small":["https:\/\/elregionaldigital.info\/wp-content\/uploads\/2024\/03\/20240316092418-0-2164082-1-130x95.jpg",130,95,true],"full":["https:\/\/elregionaldigital.info\/wp-content\/uploads\/2024\/03\/20240316092418-0-2164082-1.jpg",980,617,false]},"_links":{"self":[{"href":"https:\/\/elregionaldigital.info\/index.php?rest_route=\/wp\/v2\/posts\/2389","targetHints":{"allow":["GET"]}}],"collection":[{"href":"https:\/\/elregionaldigital.info\/index.php?rest_route=\/wp\/v2\/posts"}],"about":[{"href":"https:\/\/elregionaldigital.info\/index.php?rest_route=\/wp\/v2\/types\/post"}],"author":[{"embeddable":true,"href":"https:\/\/elregionaldigital.info\/index.php?rest_route=\/wp\/v2\/users\/1"}],"replies":[{"embeddable":true,"href":"https:\/\/elregionaldigital.info\/index.php?rest_route=%2Fwp%2Fv2%2Fcomments&post=2389"}],"version-history":[{"count":1,"href":"https:\/\/elregionaldigital.info\/index.php?rest_route=\/wp\/v2\/posts\/2389\/revisions"}],"predecessor-version":[{"id":2391,"href":"https:\/\/elregionaldigital.info\/index.php?rest_route=\/wp\/v2\/posts\/2389\/revisions\/2391"}],"wp:featuredmedia":[{"embeddable":true,"href":"https:\/\/elregionaldigital.info\/index.php?rest_route=\/wp\/v2\/media\/2390"}],"wp:attachment":[{"href":"https:\/\/elregionaldigital.info\/index.php?rest_route=%2Fwp%2Fv2%2Fmedia&parent=2389"}],"wp:term":[{"taxonomy":"category","embeddable":true,"href":"https:\/\/elregionaldigital.info\/index.php?rest_route=%2Fwp%2Fv2%2Fcategories&post=2389"},{"taxonomy":"post_tag","embeddable":true,"href":"https:\/\/elregionaldigital.info\/index.php?rest_route=%2Fwp%2Fv2%2Ftags&post=2389"}],"curies":[{"name":"wp","href":"https:\/\/api.w.org\/{rel}","templated":true}]}}