{"id":2386,"date":"2024-03-15T23:29:24","date_gmt":"2024-03-15T23:29:24","guid":{"rendered":"https:\/\/elregionaldigital.info\/?p=2386"},"modified":"2024-03-18T23:32:39","modified_gmt":"2024-03-18T23:32:39","slug":"intensificaran-suministro-de-armas-a-ucrania","status":"publish","type":"post","link":"https:\/\/elregionaldigital.info\/?p=2386","title":{"rendered":"Intensificar\u00e1n suministro de armas a Ucrania"},"content":{"rendered":"\n<p>&#8211; Asumen compromiso Alemania, Francia y Polonia<\/p>\n\n\n\n<p>viernes, 15 de marzo de 2024<\/p>\n\n\n\n<p>BERLIN<\/p>\n\n\n\n<p>AGENCIA \/ EFE<\/p>\n\n\n\n<p>El canciller alem\u00e1n, Olaf Scholz; el presidente franc\u00e9s, Emmanuel Macron, y el primer ministro polaco, Donald Tusk, se comprometieron este viernes a intensificar su apoyo militar a Ucrania con una nueva coalici\u00f3n de misiles de largo alcance y la compra de m\u00e1s munici\u00f3n.<\/p>\n\n\n\n<p>\u201cNo cejaremos en nuestro apoyo\u201d, recalc\u00f3 Scholz al t\u00e9rmino de la reuni\u00f3n en el formato del Tri\u00e1ngulo de Weimar.<\/p>\n\n\n\n<p>Scholz tambi\u00e9n destac\u00f3 el acuerdo de la Uni\u00f3n Europea (UE) para impulsar un fondo espec\u00edfico de apoyo militar a Ucrania dotado con 5.000 millones de euros para este a\u00f1o, el reforzamiento de la misi\u00f3n de entrenamiento comunitaria de soldados ucranianos, as\u00ed como la decisi\u00f3n de utilizar los intereses de los activos rusos congelados en Europa para apoyar la compra de armas para Kiev.<\/p>\n\n\n\n<p>El pr\u00f3ximo martes se celebrar\u00e1 en la base a\u00e9rea estadounidense de Ramstein, en Alemania, una nueva reuni\u00f3n del Grupo de Contacto para la Defensa de Ucrania, en la que se propondr\u00e1 esa nueva coalici\u00f3n de misiles de largo alcance, si bien el propio canciller alem\u00e1n se ha negado tajantemente a enviar a Ucrania misiles Taurus, que tienen la capacidad de golpear objetivos a 500 kil\u00f3metros de distancia.<\/p>\n\n\n\n<p>Env\u00edo de los Taurus<\/p>\n\n\n\n<p>Con respecto a los Taurus hay diferencias incluso dentro del Gobierno alem\u00e1n donde parte de Los Verdes y del Partido Liberal (FDP) son partidarios de enviarlo, pese al rechazo que hay al respecto por parte del Partido Socialdem\u00f3crata (SPD) y de Scholz.<\/p>\n\n\n\n<p>En dos ocasiones la oposici\u00f3n ha aprovechado las diferencias dentro del Gobierno para intentar, sin \u00e9xito, sacar adelante en el Parlamento una resoluci\u00f3n pidiendo el env\u00edo de los Taurus.<\/p>\n\n\n\n<p>No obstante la coalici\u00f3n gubernamental adopt\u00f3 en febrero una resoluci\u00f3n en la C\u00e1mara Baja en la que pide \u201csistemas armament\u00edsticos de amplio alcance y munici\u00f3n\u201d para Ucrania.<\/p>\n\n\n\n<p>Scholz sostiene que esas armas no pueden usarse sin la participaci\u00f3n de soldados alemanes y ha pedido no desviar la atenci\u00f3n con un debate sobre un solo tipo de armas.<\/p>\n\n\n\n<p>Macron se\u00f1al\u00f3 que la coalici\u00f3n est\u00e1 abierta a todos los pa\u00edses, al igual que las m\u00faltiples otras que existen para el suministro de cazas F16 y drones para Ucrania, por ejemplo.<\/p>\n\n\n\n<p>El presidente franc\u00e9s, que reiter\u00f3 que la seguridad y el futuro de Europa est\u00e1 en juego por la guerra rusa en Ucrania, explic\u00f3 que los tres pa\u00edses apoyan la iniciativa checa, que en la Conferencia de Seguridad de M\u00fanich en febrero anunci\u00f3 que ha encontrado hasta 800.000 municiones del est\u00e1ndar de la OTAN que pueden ser enviadas a Ucrania si se encuentra la financiaci\u00f3n necesaria.<\/p>\n\n\n\n<p>De momento tiene compromisos para 500.000 piezas de munici\u00f3n a ra\u00edz de la iniciativa, a la que ya se hab\u00eda sumado Alemania.<\/p>\n\n\n\n<p>M\u00e1s munici\u00f3n<\/p>\n\n\n\n<p>Macron afirm\u00f3 que los tres pa\u00edses trabajar\u00e1n con la industria en Europa y en Ucrania para fomentar la producci\u00f3n de munici\u00f3n en territorio del pa\u00eds invadido.<\/p>\n\n\n\n<p>El mandatario franc\u00e9s se\u00f1al\u00f3 que impulsar la producci\u00f3n europea es una prioridad, pero que, \u201csi esto no es posible lo suficientemente r\u00e1pido o en el volumen necesario, vamos a poder movilizar financiaci\u00f3n para comprar munici\u00f3n y equipo militar en otros pa\u00edses para apoyar a Ucrania\u201d.<\/p>\n\n\n\n<p>El primer ministro polaco, Donald Tusk, se\u00f1al\u00f3 a su vez que para \u00e9l es muy importante que el Tri\u00e1ngulo de Weimar se haya reactivado y que la reuni\u00f3n trilateral haya servido para tomar decisiones concretas.<\/p>\n\n\n\n<p>Sostuvo que eso demuestra que \u201clos rumores malintencionados, las disputas o diferencias entre las capitales no son verdad\u201d, se\u00f1al\u00f3 en referencia a las diferencias entre el mandatario franc\u00e9s y Scholz en algunas cuestiones como el posible env\u00edo de tropas europeas o de la OTAN a Ucrania.<\/p>\n","protected":false},"excerpt":{"rendered":"<p>&#8211; Asumen compromiso Alemania, Francia y Polonia viernes, 15 de marzo de 2024 BERLIN AGENCIA \/ EFE El canciller alem\u00e1n, Olaf Scholz; el presidente franc\u00e9s, Emmanuel Macron, y el primer ministro polaco, Donald Tusk, se comprometieron este viernes a intensificar su apoyo militar a Ucrania con una nueva coalici\u00f3n de misiles de largo alcance y [&hellip;]<\/p>\n","protected":false},"author":1,"featured_media":2387,"comment_status":"open","ping_status":"open","sticky":false,"template":"","format":"standard","meta":{"footnotes":""},"categories":[11],"tags":[],"class_list":["post-2386","post","type-post","status-publish","format-standard","has-post-thumbnail","hentry","category-mundo"],"blog_post_layout_featured_media_urls":{"thumbnail":["https:\/\/elregionaldigital.info\/wp-content\/uploads\/2024\/03\/TROPAS-UCRANIA-150x150.jpg",150,150,true],"full":["https:\/\/elregionaldigital.info\/wp-content\/uploads\/2024\/03\/TROPAS-UCRANIA.jpg",300,210,false]},"categories_names":{"11":{"name":"Mundo","link":"https:\/\/elregionaldigital.info\/?cat=11"}},"tags_names":[],"comments_number":"0","wpmagazine_modules_lite_featured_media_urls":{"thumbnail":["https:\/\/elregionaldigital.info\/wp-content\/uploads\/2024\/03\/TROPAS-UCRANIA-150x150.jpg",150,150,true],"cvmm-medium":["https:\/\/elregionaldigital.info\/wp-content\/uploads\/2024\/03\/TROPAS-UCRANIA.jpg",300,210,false],"cvmm-medium-plus":["https:\/\/elregionaldigital.info\/wp-content\/uploads\/2024\/03\/TROPAS-UCRANIA-300x207.jpg",300,207,true],"cvmm-portrait":["https:\/\/elregionaldigital.info\/wp-content\/uploads\/2024\/03\/TROPAS-UCRANIA.jpg",300,210,false],"cvmm-medium-square":["https:\/\/elregionaldigital.info\/wp-content\/uploads\/2024\/03\/TROPAS-UCRANIA.jpg",300,210,false],"cvmm-large":["https:\/\/elregionaldigital.info\/wp-content\/uploads\/2024\/03\/TROPAS-UCRANIA.jpg",300,210,false],"cvmm-small":["https:\/\/elregionaldigital.info\/wp-content\/uploads\/2024\/03\/TROPAS-UCRANIA-130x95.jpg",130,95,true],"full":["https:\/\/elregionaldigital.info\/wp-content\/uploads\/2024\/03\/TROPAS-UCRANIA.jpg",300,210,false]},"_links":{"self":[{"href":"https:\/\/elregionaldigital.info\/index.php?rest_route=\/wp\/v2\/posts\/2386","targetHints":{"allow":["GET"]}}],"collection":[{"href":"https:\/\/elregionaldigital.info\/index.php?rest_route=\/wp\/v2\/posts"}],"about":[{"href":"https:\/\/elregionaldigital.info\/index.php?rest_route=\/wp\/v2\/types\/post"}],"author":[{"embeddable":true,"href":"https:\/\/elregionaldigital.info\/index.php?rest_route=\/wp\/v2\/users\/1"}],"replies":[{"embeddable":true,"href":"https:\/\/elregionaldigital.info\/index.php?rest_route=%2Fwp%2Fv2%2Fcomments&post=2386"}],"version-history":[{"count":1,"href":"https:\/\/elregionaldigital.info\/index.php?rest_route=\/wp\/v2\/posts\/2386\/revisions"}],"predecessor-version":[{"id":2388,"href":"https:\/\/elregionaldigital.info\/index.php?rest_route=\/wp\/v2\/posts\/2386\/revisions\/2388"}],"wp:featuredmedia":[{"embeddable":true,"href":"https:\/\/elregionaldigital.info\/index.php?rest_route=\/wp\/v2\/media\/2387"}],"wp:attachment":[{"href":"https:\/\/elregionaldigital.info\/index.php?rest_route=%2Fwp%2Fv2%2Fmedia&parent=2386"}],"wp:term":[{"taxonomy":"category","embeddable":true,"href":"https:\/\/elregionaldigital.info\/index.php?rest_route=%2Fwp%2Fv2%2Fcategories&post=2386"},{"taxonomy":"post_tag","embeddable":true,"href":"https:\/\/elregionaldigital.info\/index.php?rest_route=%2Fwp%2Fv2%2Ftags&post=2386"}],"curies":[{"name":"wp","href":"https:\/\/api.w.org\/{rel}","templated":true}]}}