{"id":2383,"date":"2024-03-14T23:26:59","date_gmt":"2024-03-14T23:26:59","guid":{"rendered":"https:\/\/elregionaldigital.info\/?p=2383"},"modified":"2024-03-18T23:29:21","modified_gmt":"2024-03-18T23:29:21","slug":"damaso-anaya-rinde-juramento-como-rector-de-la-uat-ante-la-asamblea-universitaria","status":"publish","type":"post","link":"https:\/\/elregionaldigital.info\/?p=2383","title":{"rendered":"D\u00e1maso Anaya rinde juramento como rector de la UAT ante la asamblea universitaria"},"content":{"rendered":"\n<p>Ciudad Victoria, Tamaulipas; 14 de marzo de 2024.<\/p>\n\n\n\n<p>D\u00e1maso Anaya rinde juramento como rector de la UAT ante la asamblea universitaria<\/p>\n\n\n\n<p>Teniendo como testigo de honor al gobernador del estado, Dr. Am\u00e9rico Villarreal<br>Anaya, se llev\u00f3 a cabo la ceremonia de Protocolo de Investidura del MVZ D\u00e1maso<br>Leonardo Anaya Alvarado, quien rindi\u00f3 el juramento como rector de la Universidad<br>Aut\u00f3noma de Tamaulipas (UAT) para el periodo 2024-2028.<br>En el marco de la Asamblea Universitaria Solemne realizada en el Gimnasio<br>Multidisciplinario del Campus Victoria, el gobernador felicit\u00f3 a la comunidad de la<br>m\u00e1xima casa de estudios por la elecci\u00f3n de un rector respaldado por una larga<br>trayectoria universitaria, \u201cun perfil honorable y un consenso que, de forma<br>ejemplarmente democr\u00e1tica, se expres\u00f3 contundentemente y con una<br>participaci\u00f3n muy amplia, lo cual, creo, no tiene precedente\u201d.<br>\u201cHa quedado perfectamente claro que en la Universidad Aut\u00f3noma de<br>Tamaulipas hay un nuevo liderazgo, y ese liderazgo es del m\u00e9dico D\u00e1maso Anaya<br>Alvarado\u201d, asever\u00f3 el mandatario tamaulipeco.<br>Sostuvo que en la UAT hay un \u00e1nimo de renovaci\u00f3n y un deseo<br>generalizado por reencauzarla hacia la esencia misma de la vida universitaria, y<br>se\u00f1al\u00f3 que, al renovar la vinculaci\u00f3n con los distintos sectores sociales, asume<br>cualidades para ser m\u00e1s solidaria y colaborativa.<br>\u201cSe han superado condiciones que entorpec\u00edan su avance; ustedes han<br>optado por la emergencia de un liderazgo transformador, humanista, \u00edntegro, que<br>les entregar\u00e1 extraordinarios resultados a los j\u00f3venes y a los estudiantes\u201d, indic\u00f3.<br>\u201cSu amigo, el gobernador del estado, les convoca a ser universitarios<br>integrales, a ser libres; libres de pensamiento, libres de conciencia, que son<br>aspectos que solo ustedes pueden conquistar personalmente\u201d, apunt\u00f3.<br>Tambi\u00e9n destac\u00f3 el compromiso en la formaci\u00f3n de profesionales que, <\/p>\n\n\n\n<p>adem\u00e1s, sean capaces de vivir e influir vitalmente seg\u00fan la altura de los tiempos.<br>\u201cSe\u00f1or rector, teniendo muy clara la responsabilidad que este acto representa para<br>usted, le reitero nuevamente que es un honor atestiguar su investidura. Le deseo<br>el mayor de los \u00e9xitos. Verdad, belleza y probidad, por su misi\u00f3n, por su gran<br>historia y por su prometedor futuro\u201d, subray\u00f3.<br>El MVZ D\u00e1maso Anaya Alvarado fue investido como rector y recibi\u00f3 los<br>s\u00edmbolos del cargo, como la venera o medalla, insignia que durante siglos ha<br>simbolizado un profundo reconocimiento por la entrega y el servicio a la educaci\u00f3n<br>en la universidad que se le conf\u00eda; as\u00ed como la toga, prenda universitaria que tiene<br>sus or\u00edgenes en el siglo XI.<br>En su mensaje, el rector D\u00e1maso Anaya Alvarado resalt\u00f3 la presencia del<br>gobernador, Dr. Am\u00e9rico Villarreal Anaya, y de su esposa, la Dra. Mar\u00eda Santiago<br>de Villarreal, en un acto que representa el inicio de la transformaci\u00f3n de la m\u00e1xima<br>casa de estudios de Tamaulipas.<br>Recalc\u00f3 el agradecimiento al Dr. Am\u00e9rico Villarreal Anaya y dijo que su<br>respaldo hace posible el proyecto de renovaci\u00f3n institucional que se ha planteado<br>esta instituci\u00f3n: \u201cNada de esto ser\u00eda posible sin el respaldo invaluable de quien no<br>ha titubeado en ning\u00fan momento para ello. Deseo agradecer a nombre de nuestra<br>comunidad universitaria a un acad\u00e9mico de estatura y convencido de la<br>importancia de nuestras tareas. Se\u00f1or gobernador, Dr. Am\u00e9rico Villarreal Anaya,<br>muchas gracias; con su apoyo decidido, la Universidad de los tamaulipecos vivir\u00e1<br>una nueva era renovada y de transformaci\u00f3n\u201d.<br>\u201cSe\u00f1or gobernador \u2014continu\u00f3 el rector\u2014, la UAT es su aliada. Aqu\u00ed<br>estamos las mujeres y hombres de la academia que conformamos esta comunidad<br>universitaria y que, como usted, tambi\u00e9n queremos lo mejor para Tamaulipas\u201d.<\/p>\n","protected":false},"excerpt":{"rendered":"<p>Ciudad Victoria, Tamaulipas; 14 de marzo de 2024. D\u00e1maso Anaya rinde juramento como rector de la UAT ante la asamblea universitaria Teniendo como testigo de honor al gobernador del estado, Dr. Am\u00e9rico VillarrealAnaya, se llev\u00f3 a cabo la ceremonia de Protocolo de Investidura del MVZ D\u00e1masoLeonardo Anaya Alvarado, quien rindi\u00f3 el juramento como rector de [&hellip;]<\/p>\n","protected":false},"author":1,"featured_media":2384,"comment_status":"open","ping_status":"open","sticky":false,"template":"","format":"standard","meta":{"footnotes":""},"categories":[4],"tags":[],"class_list":["post-2383","post","type-post","status-publish","format-standard","has-post-thumbnail","hentry","category-universidades"],"blog_post_layout_featured_media_urls":{"thumbnail":["https:\/\/elregionaldigital.info\/wp-content\/uploads\/2024\/03\/1-34-150x150.jpeg",150,150,true],"full":["https:\/\/elregionaldigital.info\/wp-content\/uploads\/2024\/03\/1-34.jpeg",1600,1066,false]},"categories_names":{"4":{"name":"Universidades","link":"https:\/\/elregionaldigital.info\/?cat=4"}},"tags_names":[],"comments_number":"0","wpmagazine_modules_lite_featured_media_urls":{"thumbnail":["https:\/\/elregionaldigital.info\/wp-content\/uploads\/2024\/03\/1-34-150x150.jpeg",150,150,true],"cvmm-medium":["https:\/\/elregionaldigital.info\/wp-content\/uploads\/2024\/03\/1-34-300x300.jpeg",300,300,true],"cvmm-medium-plus":["https:\/\/elregionaldigital.info\/wp-content\/uploads\/2024\/03\/1-34-305x207.jpeg",305,207,true],"cvmm-portrait":["https:\/\/elregionaldigital.info\/wp-content\/uploads\/2024\/03\/1-34-400x600.jpeg",400,600,true],"cvmm-medium-square":["https:\/\/elregionaldigital.info\/wp-content\/uploads\/2024\/03\/1-34-600x600.jpeg",600,600,true],"cvmm-large":["https:\/\/elregionaldigital.info\/wp-content\/uploads\/2024\/03\/1-34-1024x1024.jpeg",1024,1024,true],"cvmm-small":["https:\/\/elregionaldigital.info\/wp-content\/uploads\/2024\/03\/1-34-130x95.jpeg",130,95,true],"full":["https:\/\/elregionaldigital.info\/wp-content\/uploads\/2024\/03\/1-34.jpeg",1600,1066,false]},"_links":{"self":[{"href":"https:\/\/elregionaldigital.info\/index.php?rest_route=\/wp\/v2\/posts\/2383","targetHints":{"allow":["GET"]}}],"collection":[{"href":"https:\/\/elregionaldigital.info\/index.php?rest_route=\/wp\/v2\/posts"}],"about":[{"href":"https:\/\/elregionaldigital.info\/index.php?rest_route=\/wp\/v2\/types\/post"}],"author":[{"embeddable":true,"href":"https:\/\/elregionaldigital.info\/index.php?rest_route=\/wp\/v2\/users\/1"}],"replies":[{"embeddable":true,"href":"https:\/\/elregionaldigital.info\/index.php?rest_route=%2Fwp%2Fv2%2Fcomments&post=2383"}],"version-history":[{"count":1,"href":"https:\/\/elregionaldigital.info\/index.php?rest_route=\/wp\/v2\/posts\/2383\/revisions"}],"predecessor-version":[{"id":2385,"href":"https:\/\/elregionaldigital.info\/index.php?rest_route=\/wp\/v2\/posts\/2383\/revisions\/2385"}],"wp:featuredmedia":[{"embeddable":true,"href":"https:\/\/elregionaldigital.info\/index.php?rest_route=\/wp\/v2\/media\/2384"}],"wp:attachment":[{"href":"https:\/\/elregionaldigital.info\/index.php?rest_route=%2Fwp%2Fv2%2Fmedia&parent=2383"}],"wp:term":[{"taxonomy":"category","embeddable":true,"href":"https:\/\/elregionaldigital.info\/index.php?rest_route=%2Fwp%2Fv2%2Fcategories&post=2383"},{"taxonomy":"post_tag","embeddable":true,"href":"https:\/\/elregionaldigital.info\/index.php?rest_route=%2Fwp%2Fv2%2Ftags&post=2383"}],"curies":[{"name":"wp","href":"https:\/\/api.w.org\/{rel}","templated":true}]}}