{"id":2375,"date":"2024-03-12T14:15:46","date_gmt":"2024-03-12T14:15:46","guid":{"rendered":"https:\/\/elregionaldigital.info\/?p=2375"},"modified":"2024-07-17T22:01:20","modified_gmt":"2024-07-17T22:01:20","slug":"mexico-contra-mexico-el-4-de-mayo","status":"publish","type":"post","link":"https:\/\/elregionaldigital.info\/?p=2375","title":{"rendered":"\u2018M\u00e9xico contra M\u00e9xico\u2019, El 4 de Mayo."},"content":{"rendered":"\n<figure class=\"wp-block-image size-large\"><img loading=\"lazy\" decoding=\"async\" width=\"1024\" height=\"683\" src=\"https:\/\/elregionaldigital.info\/wp-content\/uploads\/2024\/03\/v9-6d91f6a4-focus-0.21-min0.22-1200-850-1024x683.jpg\" alt=\"\" class=\"wp-image-2376\" srcset=\"https:\/\/elregionaldigital.info\/wp-content\/uploads\/2024\/03\/v9-6d91f6a4-focus-0.21-min0.22-1200-850-1024x683.jpg 1024w, https:\/\/elregionaldigital.info\/wp-content\/uploads\/2024\/03\/v9-6d91f6a4-focus-0.21-min0.22-1200-850-300x200.jpg 300w, https:\/\/elregionaldigital.info\/wp-content\/uploads\/2024\/03\/v9-6d91f6a4-focus-0.21-min0.22-1200-850-768x512.jpg 768w, https:\/\/elregionaldigital.info\/wp-content\/uploads\/2024\/03\/v9-6d91f6a4-focus-0.21-min0.22-1200-850.jpg 1200w\" sizes=\"auto, (max-width: 1024px) 100vw, 1024px\" \/><\/figure>\n\n\n\n<p>\u2018Canelo\u2019 \u00c1lvarez defender\u00e1 su campeonato unificado WBC-WBA-WBO-IBF, de peso supermedio, ante Jaime Mungu\u00eda. No hab\u00eda un combate de este nivel entre mexicanos en muchos a\u00f1os<\/p>\n\n\n\n<p>La tan esperada noticia se confirm\u00f3 este pasado viernes,&nbsp;<strong>Sa\u00fal&nbsp;<\/strong>\u2018<strong>Canelo<\/strong>\u2018&nbsp;<strong>\u00c1lvarez<\/strong>&nbsp;defender\u00e1 su campeonato unificado WBC-WBA-WBO-IBF, de peso supermedio, ante el&nbsp;<strong>tijuanense<\/strong>, actual campe\u00f3n plata&nbsp;<strong>WBC<\/strong>,&nbsp;<strong>Jaime Mungu\u00eda<\/strong>, una guerra entre mexicanos, en la tradicional fecha del 5 de mayo (4 de mayo), en el T<strong>-Mobile<\/strong>, de<strong>&nbsp;Las Vegas<\/strong>, EE.UU.<\/p>\n\n\n\n<p>No hab\u00eda un combate de este nivel entre mexicanos en muchos a\u00f1os; el \u00faltimo fue entre \u2018<strong>Canelo<\/strong>\u2018 contra&nbsp;<strong>Julio C\u00e9sar Ch\u00e1vez Jr<\/strong>., en 2017. Cada ocasi\u00f3n en la que dos compatriotas se encuentran en un ring es garant\u00eda de grandes emociones, calidad y rivalidad patri\u00f3tica como ninguna otra.<\/p>\n\n\n\n<p>Por otro lado,&nbsp;<strong>David Benavidez<\/strong>&nbsp;est\u00e1 confirmado para disputar el&nbsp;<strong>t\u00edtulo semicompleto<\/strong>&nbsp;interino&nbsp;<strong>WBC<\/strong>, el 15 de junio.<\/p>\n\n\n\n<p>Tras esa pelea,&nbsp;<strong>El Bandera Roja<\/strong>&nbsp;decidir\u00e1 en qu\u00e9 divisi\u00f3n continuar\u00e1 su carrera; si \u00e9l gana ser\u00e1 retador oficial, en ambas divisiones, para que \u00e9l decrete su propio destino.<\/p>\n\n\n\n<p>Dos carreras distintas, ambas muy interesantes con elementos para hacer este combate muy atractivo.<\/p>\n\n\n\n<p>\u2018<strong>Canelo<\/strong>\u2018 viene de un par de maravillosas victorias, al llenar el<strong>&nbsp;Estadio Akron<\/strong>, en Guadalajara, con golpiza a&nbsp;<strong>John Ryder<\/strong>, y vencer al indiscutido Superwelter, Jermell Charlo.<\/p>\n\n\n\n<p>Por su parte,&nbsp;<strong>Mungu\u00eda<\/strong>&nbsp;viene de sus dos mejores victorias, al conquistar el plata&nbsp;<strong>WBC<\/strong>, en dram\u00e1tica pelea ante el ucraniano&nbsp;<strong>Sergiy Derevyachenko<\/strong>, y su reciente consagraci\u00f3n al noquear al mismo&nbsp;<strong>Ryder<\/strong>, que Canelo venci\u00f3 por decisi\u00f3n.<\/p>\n\n\n\n<p>Las esquinas son tambi\u00e9n de&nbsp;<strong>Ligas Mayores<\/strong>. Canelo con el ya legendario&nbsp;<strong>Eddy Reynoso<\/strong>, y Mungu\u00eda con el gran entrenador y estratega&nbsp;<strong>Freddie Roach<\/strong>, con quien se ha acoplado de manera espectacular.<\/p>\n\n\n\n<p>Lograr que se diera este combate requiri\u00f3 la ejemplar colaboraci\u00f3n de todas las partes, negociaciones al m\u00e1s alto nivel, pero al final&nbsp;<strong>Premier Boxing Champions<\/strong>,&nbsp;<strong>Golden Boy Promotions<\/strong>&nbsp;y&nbsp;<strong>Zanfer Promotions<\/strong>&nbsp;lograron firmar el acuerdo, con la participaci\u00f3n de las plataformas&nbsp;<strong>Amazon Prime<\/strong>&nbsp;y&nbsp;<strong>DAZN<\/strong>.<\/p>\n\n\n\n<p>\u00a1Felicidades a todos! Y que ese s\u00e1bado 4 de mayo, el \u2018<strong>M\u00e9xico contra M\u00e9xico<\/strong>\u2018 har\u00e1 retumbar a&nbsp;<strong>Las Vegas<\/strong>, y al mundo entero.<\/p>\n\n\n\n<p><\/p>\n","protected":false},"excerpt":{"rendered":"<p>\u2018Canelo\u2019 \u00c1lvarez defender\u00e1 su campeonato unificado WBC-WBA-WBO-IBF, de peso supermedio, ante Jaime Mungu\u00eda. No hab\u00eda un combate de este nivel entre mexicanos en muchos a\u00f1os La tan esperada noticia se confirm\u00f3 este pasado viernes,&nbsp;Sa\u00fal&nbsp;\u2018Canelo\u2018&nbsp;\u00c1lvarez&nbsp;defender\u00e1 su campeonato unificado WBC-WBA-WBO-IBF, de peso supermedio, ante el&nbsp;tijuanense, actual campe\u00f3n plata&nbsp;WBC,&nbsp;Jaime Mungu\u00eda, una guerra entre mexicanos, en la tradicional fecha [&hellip;]<\/p>\n","protected":false},"author":1,"featured_media":2378,"comment_status":"open","ping_status":"open","sticky":false,"template":"","format":"standard","meta":{"footnotes":""},"categories":[6],"tags":[],"class_list":["post-2375","post","type-post","status-publish","format-standard","has-post-thumbnail","hentry","category-deportes"],"blog_post_layout_featured_media_urls":{"thumbnail":["https:\/\/elregionaldigital.info\/wp-content\/uploads\/2024\/03\/v9-6d91f6a4-focus-0.21-min0.22-1200-850-2-150x150.jpg",150,150,true],"full":["https:\/\/elregionaldigital.info\/wp-content\/uploads\/2024\/03\/v9-6d91f6a4-focus-0.21-min0.22-1200-850-2.jpg",1200,800,false]},"categories_names":{"6":{"name":"Deportes","link":"https:\/\/elregionaldigital.info\/?cat=6"}},"tags_names":[],"comments_number":"0","wpmagazine_modules_lite_featured_media_urls":{"thumbnail":["https:\/\/elregionaldigital.info\/wp-content\/uploads\/2024\/03\/v9-6d91f6a4-focus-0.21-min0.22-1200-850-2-150x150.jpg",150,150,true],"cvmm-medium":["https:\/\/elregionaldigital.info\/wp-content\/uploads\/2024\/03\/v9-6d91f6a4-focus-0.21-min0.22-1200-850-2-300x300.jpg",300,300,true],"cvmm-medium-plus":["https:\/\/elregionaldigital.info\/wp-content\/uploads\/2024\/03\/v9-6d91f6a4-focus-0.21-min0.22-1200-850-2-305x207.jpg",305,207,true],"cvmm-portrait":["https:\/\/elregionaldigital.info\/wp-content\/uploads\/2024\/03\/v9-6d91f6a4-focus-0.21-min0.22-1200-850-2-400x600.jpg",400,600,true],"cvmm-medium-square":["https:\/\/elregionaldigital.info\/wp-content\/uploads\/2024\/03\/v9-6d91f6a4-focus-0.21-min0.22-1200-850-2-600x600.jpg",600,600,true],"cvmm-large":["https:\/\/elregionaldigital.info\/wp-content\/uploads\/2024\/03\/v9-6d91f6a4-focus-0.21-min0.22-1200-850-2-1024x800.jpg",1024,800,true],"cvmm-small":["https:\/\/elregionaldigital.info\/wp-content\/uploads\/2024\/03\/v9-6d91f6a4-focus-0.21-min0.22-1200-850-2-130x95.jpg",130,95,true],"full":["https:\/\/elregionaldigital.info\/wp-content\/uploads\/2024\/03\/v9-6d91f6a4-focus-0.21-min0.22-1200-850-2.jpg",1200,800,false]},"_links":{"self":[{"href":"https:\/\/elregionaldigital.info\/index.php?rest_route=\/wp\/v2\/posts\/2375","targetHints":{"allow":["GET"]}}],"collection":[{"href":"https:\/\/elregionaldigital.info\/index.php?rest_route=\/wp\/v2\/posts"}],"about":[{"href":"https:\/\/elregionaldigital.info\/index.php?rest_route=\/wp\/v2\/types\/post"}],"author":[{"embeddable":true,"href":"https:\/\/elregionaldigital.info\/index.php?rest_route=\/wp\/v2\/users\/1"}],"replies":[{"embeddable":true,"href":"https:\/\/elregionaldigital.info\/index.php?rest_route=%2Fwp%2Fv2%2Fcomments&post=2375"}],"version-history":[{"count":1,"href":"https:\/\/elregionaldigital.info\/index.php?rest_route=\/wp\/v2\/posts\/2375\/revisions"}],"predecessor-version":[{"id":2379,"href":"https:\/\/elregionaldigital.info\/index.php?rest_route=\/wp\/v2\/posts\/2375\/revisions\/2379"}],"wp:featuredmedia":[{"embeddable":true,"href":"https:\/\/elregionaldigital.info\/index.php?rest_route=\/wp\/v2\/media\/2378"}],"wp:attachment":[{"href":"https:\/\/elregionaldigital.info\/index.php?rest_route=%2Fwp%2Fv2%2Fmedia&parent=2375"}],"wp:term":[{"taxonomy":"category","embeddable":true,"href":"https:\/\/elregionaldigital.info\/index.php?rest_route=%2Fwp%2Fv2%2Fcategories&post=2375"},{"taxonomy":"post_tag","embeddable":true,"href":"https:\/\/elregionaldigital.info\/index.php?rest_route=%2Fwp%2Fv2%2Ftags&post=2375"}],"curies":[{"name":"wp","href":"https:\/\/api.w.org\/{rel}","templated":true}]}}