{"id":2371,"date":"2024-03-11T14:04:56","date_gmt":"2024-03-11T14:04:56","guid":{"rendered":"https:\/\/elregionaldigital.info\/?p=2371"},"modified":"2024-07-17T22:01:30","modified_gmt":"2024-07-17T22:01:30","slug":"fisicos-de-la-unam-y-ee-uu-buscan-otra-piramide-en-el-castillo-de-kukulcan-en-chichen-itza","status":"publish","type":"post","link":"https:\/\/elregionaldigital.info\/?p=2371","title":{"rendered":"F\u00edsicos de la UNAM y EE.UU. buscan otra pir\u00e1mide en el Castillo de Kukulc\u00e1n en Chich\u00e9n Itz\u00e1"},"content":{"rendered":"\n<p>Desde hace dos a\u00f1os, se trabaja en el proyecto internacional para saber qu\u00e9 hay debajo de la subestructura de Chich\u00e9n Itz\u00e1<\/p>\n\n\n\n<p>MARZO 11, 2024<\/p>\n\n\n\n<figure class=\"wp-block-image size-large\"><img loading=\"lazy\" decoding=\"async\" width=\"1024\" height=\"669\" src=\"https:\/\/elregionaldigital.info\/wp-content\/uploads\/2024\/03\/turistas-en-chichen-itza-yucatan-1024x669.webp\" alt=\"\" class=\"wp-image-2372\" srcset=\"https:\/\/elregionaldigital.info\/wp-content\/uploads\/2024\/03\/turistas-en-chichen-itza-yucatan-1024x669.webp 1024w, https:\/\/elregionaldigital.info\/wp-content\/uploads\/2024\/03\/turistas-en-chichen-itza-yucatan-300x196.webp 300w, https:\/\/elregionaldigital.info\/wp-content\/uploads\/2024\/03\/turistas-en-chichen-itza-yucatan-768x502.webp 768w, https:\/\/elregionaldigital.info\/wp-content\/uploads\/2024\/03\/turistas-en-chichen-itza-yucatan-1536x1003.webp 1536w, https:\/\/elregionaldigital.info\/wp-content\/uploads\/2024\/03\/turistas-en-chichen-itza-yucatan.webp 1920w\" sizes=\"auto, (max-width: 1024px) 100vw, 1024px\" \/><\/figure>\n\n\n\n<p>F\u00edsicos de la&nbsp;<strong><a href=\"https:\/\/twitter.com\/UNAM_MX\" target=\"_blank\" rel=\"noreferrer noopener\">Universidad<\/a>&nbsp;Nacional Aut\u00f3noma de M\u00e9xico<\/strong>&nbsp;(UNAM) y la&nbsp;<strong>Chicago State University<\/strong>&nbsp;buscan una pir\u00e1mide en el interior del Castillo de Kukulc\u00e1n en la zona arqueol\u00f3gica de&nbsp;<strong>Chich\u00e9n Itz\u00e1<\/strong>, mediante&nbsp;<strong>muones<\/strong>, que son subpart\u00edculas generadas por&nbsp;<strong>rayos<\/strong>&nbsp;<strong>c\u00f3smicos<\/strong>.<\/p>\n\n\n\n<p>\u201cEl prop\u00f3sito es sacar una imagen del&nbsp;<strong>patr\u00f3n<\/strong>&nbsp;de densidad interno de la subestructura, similar a una radiograf\u00eda, ya que los arque\u00f3logos (del Instituto Nacional de Antropolog\u00eda e Historia,&nbsp;<a href=\"https:\/\/lopezdoriga.com\/?s=INAH\" target=\"_blank\" rel=\"noreferrer noopener\"><strong>INAH<\/strong><\/a>) piensan que debajo podr\u00edamos encontrar una pir\u00e1mide m\u00e1s peque\u00f1a\u201d, explic\u00f3 Arturo Alejandro Menchaca Rocha, investigador del Instituto de F\u00edsica de la&nbsp;<strong>UNAM<\/strong>.<\/p>\n\n\n\n<p>Expuso que, desde hace dos a\u00f1os, se trabaja en el&nbsp;<strong>proyecto<\/strong>&nbsp;<strong>internacional<\/strong>, creado por Edmundo Garc\u00eda-Sol\u00eds de Chicago State University, para saber qu\u00e9 hay debajo de la subestructura descubierta en 1931.<\/p>\n\n\n\n<p>\u201cEn estos momentos se construyen en&nbsp;<strong>Estados<\/strong>&nbsp;<strong>Unidos<\/strong>&nbsp;las partes de un detector y en la UNAM, los soportes para descubrir el agujero\u201d, detall\u00f3.<\/p>\n\n\n\n<p>El pionero de aplicar el m\u00e9todo de muones en&nbsp;<strong>M\u00e9xico<\/strong>&nbsp;admiti\u00f3 que no saben qu\u00e9 encontrar\u00e1n al realizar la radiograf\u00eda al Templo de Kukulc\u00e1n, \u201cpero cualquiera que sea el resultado ser\u00e1 un hallazgo valioso\u201d.<\/p>\n\n\n\n<p>La t\u00e9cnica se us\u00f3 por primera vez en las\u00a0<strong>pir\u00e1mides<\/strong>\u00a0de\u00a0<strong>Egipto<\/strong>\u00a0y ahora en\u00a0<strong>M\u00e9xico<\/strong>, \u201cporque pocos pa\u00edses tienen pir\u00e1mides\u201d, dijo.<\/p>\n\n\n\n<p>Menchaca manifest\u00f3 que esperan descubrir si la tumba de&nbsp;<strong>Kukulc\u00e1n<\/strong>\u2013<strong>Quetzalc\u00f3atl<\/strong>&nbsp;est\u00e9 dentro de la pir\u00e1mide que buscan, aunque dijo que \u201cesa respuesta la dar\u00e1n los&nbsp;<strong>arque\u00f3logos<\/strong>\u201d.<\/p>\n","protected":false},"excerpt":{"rendered":"<p>Desde hace dos a\u00f1os, se trabaja en el proyecto internacional para saber qu\u00e9 hay debajo de la subestructura de Chich\u00e9n Itz\u00e1 MARZO 11, 2024 F\u00edsicos de la&nbsp;Universidad&nbsp;Nacional Aut\u00f3noma de M\u00e9xico&nbsp;(UNAM) y la&nbsp;Chicago State University&nbsp;buscan una pir\u00e1mide en el interior del Castillo de Kukulc\u00e1n en la zona arqueol\u00f3gica de&nbsp;Chich\u00e9n Itz\u00e1, mediante&nbsp;muones, que son subpart\u00edculas generadas por&nbsp;rayos&nbsp;c\u00f3smicos. [&hellip;]<\/p>\n","protected":false},"author":1,"featured_media":2373,"comment_status":"open","ping_status":"open","sticky":false,"template":"","format":"standard","meta":{"footnotes":""},"categories":[5],"tags":[],"class_list":["post-2371","post","type-post","status-publish","format-standard","has-post-thumbnail","hentry","category-nacional"],"blog_post_layout_featured_media_urls":{"thumbnail":["https:\/\/elregionaldigital.info\/wp-content\/uploads\/2024\/03\/kukulcan_piramide_cenote.jpg_1361152822-150x150.webp",150,150,true],"full":["https:\/\/elregionaldigital.info\/wp-content\/uploads\/2024\/03\/kukulcan_piramide_cenote.jpg_1361152822.webp",710,400,false]},"categories_names":{"5":{"name":"Nacional","link":"https:\/\/elregionaldigital.info\/?cat=5"}},"tags_names":[],"comments_number":"0","wpmagazine_modules_lite_featured_media_urls":{"thumbnail":["https:\/\/elregionaldigital.info\/wp-content\/uploads\/2024\/03\/kukulcan_piramide_cenote.jpg_1361152822-150x150.webp",150,150,true],"cvmm-medium":["https:\/\/elregionaldigital.info\/wp-content\/uploads\/2024\/03\/kukulcan_piramide_cenote.jpg_1361152822-300x300.webp",300,300,true],"cvmm-medium-plus":["https:\/\/elregionaldigital.info\/wp-content\/uploads\/2024\/03\/kukulcan_piramide_cenote.jpg_1361152822-305x207.webp",305,207,true],"cvmm-portrait":["https:\/\/elregionaldigital.info\/wp-content\/uploads\/2024\/03\/kukulcan_piramide_cenote.jpg_1361152822-400x400.webp",400,400,true],"cvmm-medium-square":["https:\/\/elregionaldigital.info\/wp-content\/uploads\/2024\/03\/kukulcan_piramide_cenote.jpg_1361152822-600x400.webp",600,400,true],"cvmm-large":["https:\/\/elregionaldigital.info\/wp-content\/uploads\/2024\/03\/kukulcan_piramide_cenote.jpg_1361152822.webp",710,400,false],"cvmm-small":["https:\/\/elregionaldigital.info\/wp-content\/uploads\/2024\/03\/kukulcan_piramide_cenote.jpg_1361152822-130x95.webp",130,95,true],"full":["https:\/\/elregionaldigital.info\/wp-content\/uploads\/2024\/03\/kukulcan_piramide_cenote.jpg_1361152822.webp",710,400,false]},"_links":{"self":[{"href":"https:\/\/elregionaldigital.info\/index.php?rest_route=\/wp\/v2\/posts\/2371","targetHints":{"allow":["GET"]}}],"collection":[{"href":"https:\/\/elregionaldigital.info\/index.php?rest_route=\/wp\/v2\/posts"}],"about":[{"href":"https:\/\/elregionaldigital.info\/index.php?rest_route=\/wp\/v2\/types\/post"}],"author":[{"embeddable":true,"href":"https:\/\/elregionaldigital.info\/index.php?rest_route=\/wp\/v2\/users\/1"}],"replies":[{"embeddable":true,"href":"https:\/\/elregionaldigital.info\/index.php?rest_route=%2Fwp%2Fv2%2Fcomments&post=2371"}],"version-history":[{"count":1,"href":"https:\/\/elregionaldigital.info\/index.php?rest_route=\/wp\/v2\/posts\/2371\/revisions"}],"predecessor-version":[{"id":2374,"href":"https:\/\/elregionaldigital.info\/index.php?rest_route=\/wp\/v2\/posts\/2371\/revisions\/2374"}],"wp:featuredmedia":[{"embeddable":true,"href":"https:\/\/elregionaldigital.info\/index.php?rest_route=\/wp\/v2\/media\/2373"}],"wp:attachment":[{"href":"https:\/\/elregionaldigital.info\/index.php?rest_route=%2Fwp%2Fv2%2Fmedia&parent=2371"}],"wp:term":[{"taxonomy":"category","embeddable":true,"href":"https:\/\/elregionaldigital.info\/index.php?rest_route=%2Fwp%2Fv2%2Fcategories&post=2371"},{"taxonomy":"post_tag","embeddable":true,"href":"https:\/\/elregionaldigital.info\/index.php?rest_route=%2Fwp%2Fv2%2Ftags&post=2371"}],"curies":[{"name":"wp","href":"https:\/\/api.w.org\/{rel}","templated":true}]}}