{"id":2362,"date":"2024-03-10T14:06:41","date_gmt":"2024-03-10T14:06:41","guid":{"rendered":"https:\/\/elregionaldigital.info\/?p=2362"},"modified":"2024-07-17T22:01:38","modified_gmt":"2024-07-17T22:01:38","slug":"que-hay-detras-de-las-polemicas-palabras-de-francisco-sobre-ucrania-el-papa-no-hablo-de-rendicion","status":"publish","type":"post","link":"https:\/\/elregionaldigital.info\/?p=2362","title":{"rendered":"Qu\u00e9 hay detr\u00e1s de las pol\u00e9micas palabras de Francisco sobre Ucrania: el Papa no habl\u00f3 de rendici\u00f3n."},"content":{"rendered":"\n<figure class=\"wp-block-image size-full\"><img loading=\"lazy\" decoding=\"async\" width=\"646\" height=\"430\" src=\"http:\/\/elregionaldigital.info\/wp-content\/uploads\/2024\/03\/17100900924727.webp\" alt=\"\" class=\"wp-image-2363\" srcset=\"https:\/\/elregionaldigital.info\/wp-content\/uploads\/2024\/03\/17100900924727.webp 646w, https:\/\/elregionaldigital.info\/wp-content\/uploads\/2024\/03\/17100900924727-300x200.webp 300w\" sizes=\"auto, (max-width: 646px) 100vw, 646px\" \/><\/figure>\n\n\n\n<p>La expresi\u00f3n&nbsp;<em>bandera blanca<\/em>, cuando se trata de guerras, tiene el&nbsp;<strong>sabor amargo de la rendici\u00f3n<\/strong>; despu\u00e9s de todo, algo vil, especialmente si uno ha sido atacado. Sin embargo, no es de esto de lo que habl\u00f3 el<a href=\"https:\/\/www.elmundo.es\/internacional\/2024\/03\/10\/65ed943de4d4d8f56e8b45b1.html\" target=\"_blank\" rel=\"noreferrer noopener\">&nbsp;Papa Francisco<\/a>&nbsp;cuando el s\u00e1bado inst\u00f3 al Gobierno de&nbsp;<strong>Volodimir Zelenski&nbsp;<\/strong>a tener &#8220;valent\u00eda&#8221; para alzar la &#8220;bandera blanca&#8221; y&nbsp;<a href=\"https:\/\/www.elmundo.es\/internacional\/2024\/03\/09\/65eca505e85ece86128b4587.html\" target=\"_blank\" rel=\"noreferrer noopener\">negociar el fin de la guerra con Rusia<\/a>, sino que se refiri\u00f3 a la importancia de intentar la negociaci\u00f3n, como ha hecho desde el inicio de la invasi\u00f3n rusa de Ucrania. De hecho, el Pont\u00edfice afirm\u00f3 lo contrario, esto es, que&nbsp;<strong>negociar &#8220;nunca es una rendici\u00f3n&#8221;<\/strong>&nbsp;y de hecho &#8220;es una postura valiente&#8221;.<\/p>\n\n\n\n<p>No es casualidad que el portavoz del Vaticano,&nbsp;<strong>Matteo Bruni<\/strong>, se\u00f1alara que lo que hizo Francisco fue &#8220;retomar la imagen [de la bandera blanca] propuesta por el entrevistador&#8221; para exhortar al &#8220;<strong>cese de las hostilidades<\/strong>&nbsp;y a una tregua alcanzada con el coraje de la negociaci\u00f3n&#8221;. Cabe subrayar que la Embajada de Ucrania ante la Santa Sede respondi\u00f3 ayer, con malestar, a las declaraciones del Pont\u00edfice que durante la Segunda Guerra Mundial nadie habl\u00f3 &#8220;de negociaciones de paz con Hitler&#8221;, informa Efe.<\/p>\n\n\n\n<p>El Papa invoca lo mismo con respecto al conflicto entre Israel y Palestina porque de cada una de las guerras dice siempre exactamente lo mismo, que son una &#8220;locura&#8221; que enriquece a los fabricantes de armas y hunde a los pobres en la muerte y el dolor. Para Francisco, la peor soluci\u00f3n es seguir adelante con la guerra.<\/p>\n\n\n\n<p>Ya cuando estaba a punto de cumplirse el primer a\u00f1o desde la invasi\u00f3n rusa de Ucrania, el Papa dijo, refiri\u00e9ndose a<strong>&nbsp;Putin<\/strong>: &#8220;A veces el di\u00e1logo &#8216;apesta&#8217;, pero hay que hacerlo&#8221;.<\/p>\n\n\n\n<h2 class=\"wp-block-heading\">INTENTOS DE RECONCILIACI\u00d3N<\/h2>\n\n\n\n<p>Desde hace dos a\u00f1os, Bergoglio pide &#8220;una&nbsp;<strong>soluci\u00f3n diplom\u00e1tica<\/strong>&nbsp;en busca de una paz justa y duradera&#8221;. Y, tras la invasi\u00f3n, acudi\u00f3 con celeridad a la embajada rusa en Italia, un gesto inaudito porque, por regla general, es el Papa quien recibe en el Vaticano a los diplom\u00e1ticos.<\/p>\n\n\n\n<p>El a\u00f1o pasado intent\u00f3 una &#8220;misi\u00f3n de paz&#8221; enviando al cardenal&nbsp;<strong>Matteo Zuppi&nbsp;<\/strong>a Kiev, Mosc\u00fa, Washington y Pek\u00edn. La mediaci\u00f3n directa no fue posible, rechazada en primer lugar por el presidente ucraniano, Volodimir Zelenski, pero al menos la iniciativa logr\u00f3 algunos resultados humanitarios ocultos, como el<strong>&nbsp;intercambio de prisioneros y el retorno de algunos de los ni\u00f1os ucranianos deportados a Rusia<\/strong>. &#8220;Es muy triste el hecho de que no haya otras perspectivas de negociaci\u00f3n&#8221;, coment\u00f3 recientemente el cardenal&nbsp;<strong>Pietro Parolin<\/strong>, secretario de Estado. Pero Francisco contin\u00faa explorando todas las v\u00edas. Y ya se habla de un pr\u00f3ximo viaje del cardenal Zuppi a Par\u00eds para reunirse con el presidente franc\u00e9s,&nbsp;<strong>Emmanuel Macron<\/strong>.<\/p>\n","protected":false},"excerpt":{"rendered":"<p>La expresi\u00f3n&nbsp;bandera blanca, cuando se trata de guerras, tiene el&nbsp;sabor amargo de la rendici\u00f3n; despu\u00e9s de todo, algo vil, especialmente si uno ha sido atacado. Sin embargo, no es de esto de lo que habl\u00f3 el&nbsp;Papa Francisco&nbsp;cuando el s\u00e1bado inst\u00f3 al Gobierno de&nbsp;Volodimir Zelenski&nbsp;a tener &#8220;valent\u00eda&#8221; para alzar la &#8220;bandera blanca&#8221; y&nbsp;negociar el fin de [&hellip;]<\/p>\n","protected":false},"author":1,"featured_media":2364,"comment_status":"open","ping_status":"open","sticky":false,"template":"","format":"standard","meta":{"footnotes":""},"categories":[11],"tags":[],"class_list":["post-2362","post","type-post","status-publish","format-standard","has-post-thumbnail","hentry","category-mundo"],"blog_post_layout_featured_media_urls":{"thumbnail":["https:\/\/elregionaldigital.info\/wp-content\/uploads\/2024\/03\/guerra-Rusia-Ucrania-150x150.webp",150,150,true],"full":["https:\/\/elregionaldigital.info\/wp-content\/uploads\/2024\/03\/guerra-Rusia-Ucrania.webp",500,333,false]},"categories_names":{"11":{"name":"Mundo","link":"https:\/\/elregionaldigital.info\/?cat=11"}},"tags_names":[],"comments_number":"0","wpmagazine_modules_lite_featured_media_urls":{"thumbnail":["https:\/\/elregionaldigital.info\/wp-content\/uploads\/2024\/03\/guerra-Rusia-Ucrania-150x150.webp",150,150,true],"cvmm-medium":["https:\/\/elregionaldigital.info\/wp-content\/uploads\/2024\/03\/guerra-Rusia-Ucrania-300x300.webp",300,300,true],"cvmm-medium-plus":["https:\/\/elregionaldigital.info\/wp-content\/uploads\/2024\/03\/guerra-Rusia-Ucrania-305x207.webp",305,207,true],"cvmm-portrait":["https:\/\/elregionaldigital.info\/wp-content\/uploads\/2024\/03\/guerra-Rusia-Ucrania-400x333.webp",400,333,true],"cvmm-medium-square":["https:\/\/elregionaldigital.info\/wp-content\/uploads\/2024\/03\/guerra-Rusia-Ucrania.webp",500,333,false],"cvmm-large":["https:\/\/elregionaldigital.info\/wp-content\/uploads\/2024\/03\/guerra-Rusia-Ucrania.webp",500,333,false],"cvmm-small":["https:\/\/elregionaldigital.info\/wp-content\/uploads\/2024\/03\/guerra-Rusia-Ucrania-130x95.webp",130,95,true],"full":["https:\/\/elregionaldigital.info\/wp-content\/uploads\/2024\/03\/guerra-Rusia-Ucrania.webp",500,333,false]},"_links":{"self":[{"href":"https:\/\/elregionaldigital.info\/index.php?rest_route=\/wp\/v2\/posts\/2362","targetHints":{"allow":["GET"]}}],"collection":[{"href":"https:\/\/elregionaldigital.info\/index.php?rest_route=\/wp\/v2\/posts"}],"about":[{"href":"https:\/\/elregionaldigital.info\/index.php?rest_route=\/wp\/v2\/types\/post"}],"author":[{"embeddable":true,"href":"https:\/\/elregionaldigital.info\/index.php?rest_route=\/wp\/v2\/users\/1"}],"replies":[{"embeddable":true,"href":"https:\/\/elregionaldigital.info\/index.php?rest_route=%2Fwp%2Fv2%2Fcomments&post=2362"}],"version-history":[{"count":1,"href":"https:\/\/elregionaldigital.info\/index.php?rest_route=\/wp\/v2\/posts\/2362\/revisions"}],"predecessor-version":[{"id":2365,"href":"https:\/\/elregionaldigital.info\/index.php?rest_route=\/wp\/v2\/posts\/2362\/revisions\/2365"}],"wp:featuredmedia":[{"embeddable":true,"href":"https:\/\/elregionaldigital.info\/index.php?rest_route=\/wp\/v2\/media\/2364"}],"wp:attachment":[{"href":"https:\/\/elregionaldigital.info\/index.php?rest_route=%2Fwp%2Fv2%2Fmedia&parent=2362"}],"wp:term":[{"taxonomy":"category","embeddable":true,"href":"https:\/\/elregionaldigital.info\/index.php?rest_route=%2Fwp%2Fv2%2Fcategories&post=2362"},{"taxonomy":"post_tag","embeddable":true,"href":"https:\/\/elregionaldigital.info\/index.php?rest_route=%2Fwp%2Fv2%2Ftags&post=2362"}],"curies":[{"name":"wp","href":"https:\/\/api.w.org\/{rel}","templated":true}]}}