{"id":2347,"date":"2024-03-06T03:06:12","date_gmt":"2024-03-06T03:06:12","guid":{"rendered":"https:\/\/elregionaldigital.info\/?p=2347"},"modified":"2024-03-06T03:21:07","modified_gmt":"2024-03-06T03:21:07","slug":"media-ciudad-peluche-despiden-a-don-camerino","status":"publish","type":"post","link":"https:\/\/elregionaldigital.info\/?p=2347","title":{"rendered":"\u2018Media ciudad Peluche\u2019 despiden a \u2018Don Camerino\u2019"},"content":{"rendered":"\n<p>\u201c<strong>\u00a1Due\u00f1o de media Ciudad Peluche!<\/strong>\u201d, es la frase que se sol\u00eda escuchar cuando Don Camerino, interpretado por\u00a0<a href=\"https:\/\/www.elfinanciero.com.mx\/espectaculos\/2024\/03\/04\/muere-juan-verduzco-a-los-80-anos-quien-era-y-de-que-murio\/\" target=\"_blank\" rel=\"noreferrer noopener\">el fallecido Juan Verduzco<\/a>, aparec\u00eda en\u00a0<a href=\"https:\/\/www.elfinanciero.com.mx\/entretenimiento\/2022\/09\/02\/mi-boda-de-p-luche-eugenio-derbez-y-alessandra-rosaldo-se-casaron-en-sketch\/\" target=\"_blank\" rel=\"noreferrer noopener\"><em>La familia P. Luche<\/em><\/a> , programa protagonizado por\u00a0<a href=\"https:\/\/www.elfinanciero.com.mx\/tags\/eugenio-derbez\/\" target=\"_blank\" rel=\"noreferrer noopener\">Eugenio Derbez<\/a>\u00a0y\u00a0<a href=\"https:\/\/www.elfinanciero.com.mx\/espectaculos\/2023\/12\/06\/consuelo-duval-cuenta-que-paso-en-el-robo-a-su-casa-hoy-me-siento-vulnerable-y-fragil\/\" target=\"_blank\" rel=\"noreferrer noopener\">Consuelo Duval<\/a>.<\/p>\n\n\n\n<p><strong>Juan Verduzco,<\/strong>\u00a0actor mexicano que le dio vida por muchos a\u00f1os al personaje \u2018<strong>Don Camerino<\/strong>\u2019 en la \u2018La familia P. Luche\u2019 falleci\u00f3 el pasado <strong>4 de marzo\u00a0<\/strong>del 2024, a la edad de 78 a\u00f1os, as\u00ed lo confirm\u00f3 la Asociaci\u00f3n Nacional de Actores.<\/p>\n\n\n\n<p>\u201cLa Asociaci\u00f3n Nacional de Actores lamenta profundamente el fallecimiento de nuestro Compa\u00f1ero\u00a0<strong>Juan Verduzco<\/strong>, miembro de nuestro sindicato. Nuestras condolencias a sus familiares, amigos y compa\u00f1eros.\u00a0<strong>Descanse en paz<\/strong>\u201d, fue el mensaje de condolencias de la Asociaci\u00f3n.<\/p>\n\n\n\n<figure class=\"wp-block-image size-full\"><img loading=\"lazy\" decoding=\"async\" width=\"1024\" height=\"653\" src=\"https:\/\/elregionaldigital.info\/wp-content\/uploads\/2024\/03\/jv-1.jpg\" alt=\"\" class=\"wp-image-2348\" srcset=\"https:\/\/elregionaldigital.info\/wp-content\/uploads\/2024\/03\/jv-1.jpg 1024w, https:\/\/elregionaldigital.info\/wp-content\/uploads\/2024\/03\/jv-1-300x191.jpg 300w, https:\/\/elregionaldigital.info\/wp-content\/uploads\/2024\/03\/jv-1-768x490.jpg 768w\" sizes=\"auto, (max-width: 1024px) 100vw, 1024px\" \/><\/figure>\n\n\n\n<h3 class=\"wp-block-heading\"><strong>\u00bfQui\u00e9n fue Juan Verduzco?<\/strong><\/h3>\n\n\n\n<p>El actor&nbsp;<strong>Juan Verduzco<\/strong>&nbsp;naci\u00f3 en 1946 y desde su debut en en 1967 inmortaliz\u00f3 m\u00faltiples personajes, manteniendo una carrera actoral de m\u00e1s de 50 a\u00f1os. Sus inicios fueron en la telenovela \u201cLa Casa de las Fieras\u201d donde tuvo un papel como extra.<\/p>\n\n\n\n<p>De la pantalla chica salt\u00f3 al cine en la pel\u00edcula\u00a0<strong>El peque\u00f1o Robin Hood,<\/strong>\u00a0para 1978 particip\u00f3 en la telenovela Gotita de gente. Muchos a\u00f1os despu\u00e9s inmortaliz\u00f3 al personaje de \u2018<strong>Don Camerino<\/strong>\u2019 en la serie c\u00f3mica \u2018La familia P. Luche\u2019.<\/p>\n","protected":false},"excerpt":{"rendered":"<p>\u201c\u00a1Due\u00f1o de media Ciudad Peluche!\u201d, es la frase que se sol\u00eda escuchar cuando Don Camerino, interpretado por\u00a0el fallecido Juan Verduzco, aparec\u00eda en\u00a0La familia P. Luche , programa protagonizado por\u00a0Eugenio Derbez\u00a0y\u00a0Consuelo Duval. Juan Verduzco,\u00a0actor mexicano que le dio vida por muchos a\u00f1os al personaje \u2018Don Camerino\u2019 en la \u2018La familia P. Luche\u2019 falleci\u00f3 el pasado 4 [&hellip;]<\/p>\n","protected":false},"author":1,"featured_media":2348,"comment_status":"open","ping_status":"open","sticky":false,"template":"","format":"standard","meta":{"footnotes":""},"categories":[3],"tags":[],"class_list":["post-2347","post","type-post","status-publish","format-standard","has-post-thumbnail","hentry","category-entretenimiento"],"blog_post_layout_featured_media_urls":{"thumbnail":["https:\/\/elregionaldigital.info\/wp-content\/uploads\/2024\/03\/jv-1-150x150.jpg",150,150,true],"full":["https:\/\/elregionaldigital.info\/wp-content\/uploads\/2024\/03\/jv-1.jpg",1024,653,false]},"categories_names":{"3":{"name":"Entretenimiento","link":"https:\/\/elregionaldigital.info\/?cat=3"}},"tags_names":[],"comments_number":"0","wpmagazine_modules_lite_featured_media_urls":{"thumbnail":["https:\/\/elregionaldigital.info\/wp-content\/uploads\/2024\/03\/jv-1-150x150.jpg",150,150,true],"cvmm-medium":["https:\/\/elregionaldigital.info\/wp-content\/uploads\/2024\/03\/jv-1-300x300.jpg",300,300,true],"cvmm-medium-plus":["https:\/\/elregionaldigital.info\/wp-content\/uploads\/2024\/03\/jv-1-305x207.jpg",305,207,true],"cvmm-portrait":["https:\/\/elregionaldigital.info\/wp-content\/uploads\/2024\/03\/jv-1-400x600.jpg",400,600,true],"cvmm-medium-square":["https:\/\/elregionaldigital.info\/wp-content\/uploads\/2024\/03\/jv-1-600x600.jpg",600,600,true],"cvmm-large":["https:\/\/elregionaldigital.info\/wp-content\/uploads\/2024\/03\/jv-1.jpg",1024,653,false],"cvmm-small":["https:\/\/elregionaldigital.info\/wp-content\/uploads\/2024\/03\/jv-1-130x95.jpg",130,95,true],"full":["https:\/\/elregionaldigital.info\/wp-content\/uploads\/2024\/03\/jv-1.jpg",1024,653,false]},"_links":{"self":[{"href":"https:\/\/elregionaldigital.info\/index.php?rest_route=\/wp\/v2\/posts\/2347","targetHints":{"allow":["GET"]}}],"collection":[{"href":"https:\/\/elregionaldigital.info\/index.php?rest_route=\/wp\/v2\/posts"}],"about":[{"href":"https:\/\/elregionaldigital.info\/index.php?rest_route=\/wp\/v2\/types\/post"}],"author":[{"embeddable":true,"href":"https:\/\/elregionaldigital.info\/index.php?rest_route=\/wp\/v2\/users\/1"}],"replies":[{"embeddable":true,"href":"https:\/\/elregionaldigital.info\/index.php?rest_route=%2Fwp%2Fv2%2Fcomments&post=2347"}],"version-history":[{"count":1,"href":"https:\/\/elregionaldigital.info\/index.php?rest_route=\/wp\/v2\/posts\/2347\/revisions"}],"predecessor-version":[{"id":2349,"href":"https:\/\/elregionaldigital.info\/index.php?rest_route=\/wp\/v2\/posts\/2347\/revisions\/2349"}],"wp:featuredmedia":[{"embeddable":true,"href":"https:\/\/elregionaldigital.info\/index.php?rest_route=\/wp\/v2\/media\/2348"}],"wp:attachment":[{"href":"https:\/\/elregionaldigital.info\/index.php?rest_route=%2Fwp%2Fv2%2Fmedia&parent=2347"}],"wp:term":[{"taxonomy":"category","embeddable":true,"href":"https:\/\/elregionaldigital.info\/index.php?rest_route=%2Fwp%2Fv2%2Fcategories&post=2347"},{"taxonomy":"post_tag","embeddable":true,"href":"https:\/\/elregionaldigital.info\/index.php?rest_route=%2Fwp%2Fv2%2Ftags&post=2347"}],"curies":[{"name":"wp","href":"https:\/\/api.w.org\/{rel}","templated":true}]}}