{"id":2335,"date":"2024-03-04T20:40:00","date_gmt":"2024-03-04T20:40:00","guid":{"rendered":"https:\/\/elregionaldigital.info\/?p=2335"},"modified":"2024-03-05T08:42:59","modified_gmt":"2024-03-05T08:42:59","slug":"en-la-uat-tenemos-que-irnos-por-el-lado-academico-esa-es-la-fortaleza-que-impulsaremos-rector","status":"publish","type":"post","link":"https:\/\/elregionaldigital.info\/?p=2335","title":{"rendered":"\u201cEn la UAT tenemos que irnos por el lado acad\u00e9mico; esa es la fortaleza que impulsaremos\u201d: rector"},"content":{"rendered":"\n<figure class=\"wp-block-image size-full\"><img loading=\"lazy\" decoding=\"async\" width=\"960\" height=\"789\" src=\"https:\/\/elregionaldigital.info\/wp-content\/uploads\/2024\/03\/2-21.jpeg\" alt=\"\" class=\"wp-image-2336\" srcset=\"https:\/\/elregionaldigital.info\/wp-content\/uploads\/2024\/03\/2-21.jpeg 960w, https:\/\/elregionaldigital.info\/wp-content\/uploads\/2024\/03\/2-21-300x247.jpeg 300w, https:\/\/elregionaldigital.info\/wp-content\/uploads\/2024\/03\/2-21-768x631.jpeg 768w\" sizes=\"auto, (max-width: 960px) 100vw, 960px\" \/><\/figure>\n\n\n\n<p>Ciudad Reynosa, Tamaulipas, 4 de marzo de 2024.<br>\u201cEn la UAT tenemos que irnos por el lado acad\u00e9mico; esa es la fortaleza que impulsaremos\u201d: rector<\/p>\n\n\n\n<p>\uf0b7 \u25cf El MVZ D\u00e1maso Anaya hizo un recorrido por las dependencias de la UAT<br>en Reynosa, donde reiter\u00f3 su respaldo a las iniciativas de los universitarios<br>para seguir fortaleciendo a la m\u00e1xima casa de estudios de Tamaulipas.<br>En el marco de la gira de diagn\u00f3stico que lleva a cabo en las dependencias<br>educativas de la Universidad Aut\u00f3noma de Tamaulipas (UAT), el rector D\u00e1maso<br>Leonardo Anaya Alvarado visit\u00f3 este lunes 4 de marzo las Unidades Acad\u00e9micas<br>Multidisciplinarias Reynosa Aztl\u00e1n y Reynosa Rodhe.<br>Durante su recorrido, el rector reiter\u00f3 su prop\u00f3sito de trabajar muy cerca con la<br>comunidad universitaria, con el compromiso de sumar sus inquietudes, propuestas<br>e iniciativas en la b\u00fasqueda de la excelencia acad\u00e9mica.<br>\u201cEn la Universidad tenemos que irnos por el lado acad\u00e9mico; esa es la<br>fortaleza que le quiero dar, que sea en beneficio de la investigaci\u00f3n, de la<br>vinculaci\u00f3n, de las actividades deportivas, y que eso conlleve a tener un bienestar<br>m\u00e1s sano y saludable para los j\u00f3venes y los compa\u00f1eros catedr\u00e1ticos\u201d, expres\u00f3 el<br>MVZ D\u00e1maso Anaya.<br>Hizo hincapi\u00e9 en que la gira de trabajo por los distintos planteles de la UAT<br>busca sumar los esfuerzos para consolidar el plan de trabajo de su gesti\u00f3n<br>rectoral.<br>Se\u00f1al\u00f3 que se trata de estrechar la comunicaci\u00f3n tanto con estudiantes como<br>con docentes y trabajar muy cerca de todos los universitarios: \u201cLe quiero imprimir<br>a la UAT un sello muy humano\u201d, subray\u00f3.<br>Recalc\u00f3 que la UAT tiene entre sus fortalezas la calidad de su claustro<br>docente, y en ese sentido, destac\u00f3 el incremento de ingresos al Sistema Nacional<br>de Investigadoras e Investigadores.<br>El rector D\u00e1maso Anaya inici\u00f3 sus actividades en la Unidad Acad\u00e9mica<\/p>\n\n\n\n<p>Multidisciplinaria Reynosa Aztl\u00e1n (UAMRA), acompa\u00f1ado de la directora interina<br>del plantel, Dra. Mar\u00eda Cristina Hern\u00e1ndez Jim\u00e9nez, y del secretario t\u00e9cnico, Mtro.<br>Ignacio Hern\u00e1ndez Rodr\u00edguez.<br>Hizo entrega de material deportivo al equipo de futbol americano y sostuvo un<br>di\u00e1logo con los estudiantes; de igual forma, visit\u00f3 los laboratorios de posgrado y<br>farmacolog\u00eda, y se reuni\u00f3 con docentes en el auditorio de la UAMRA.<br>La directora interina, Mar\u00eda Cristina Hern\u00e1ndez, dio la bienvenida y agradeci\u00f3<br>al rector su presencia, que permite a los universitarios compartir sus inquietudes,<br>necesidades y propuestas; tambi\u00e9n le expres\u00f3 el compromiso de continuar<br>trabajando con base en su ejemplo de valores, transparencia y humanismo.<br>Posteriormente, el MVZ D\u00e1maso Anaya se traslad\u00f3 a la Unidad Acad\u00e9mica<br>Multidisciplinaria Reynosa Rodhe (UAMRR), donde recorri\u00f3 las instalaciones,<br>\u00e1reas y edificios, acompa\u00f1ado del Dr. Jaime Gerardo Malacara Nav\u00e9jar, director<br>del plantel.<br>Tambi\u00e9n se reuni\u00f3 con directivos, docentes y estudiantes, e hizo la entrega<br>simb\u00f3lica de chamarras para los jugadores y cuerpo t\u00e9cnico del equipo de futbol<br>americano.<\/p>\n","protected":false},"excerpt":{"rendered":"<p>Ciudad Reynosa, Tamaulipas, 4 de marzo de 2024.\u201cEn la UAT tenemos que irnos por el lado acad\u00e9mico; esa es la fortaleza que impulsaremos\u201d: rector \uf0b7 \u25cf El MVZ D\u00e1maso Anaya hizo un recorrido por las dependencias de la UATen Reynosa, donde reiter\u00f3 su respaldo a las iniciativas de los universitariospara seguir fortaleciendo a la m\u00e1xima [&hellip;]<\/p>\n","protected":false},"author":1,"featured_media":2336,"comment_status":"open","ping_status":"open","sticky":false,"template":"","format":"standard","meta":{"footnotes":""},"categories":[2,4],"tags":[],"class_list":["post-2335","post","type-post","status-publish","format-standard","has-post-thumbnail","hentry","category-tamaulipas","category-universidades"],"blog_post_layout_featured_media_urls":{"thumbnail":["https:\/\/elregionaldigital.info\/wp-content\/uploads\/2024\/03\/2-21-150x150.jpeg",150,150,true],"full":["https:\/\/elregionaldigital.info\/wp-content\/uploads\/2024\/03\/2-21.jpeg",960,789,false]},"categories_names":{"2":{"name":"Tamaulipas","link":"https:\/\/elregionaldigital.info\/?cat=2"},"4":{"name":"Universidades","link":"https:\/\/elregionaldigital.info\/?cat=4"}},"tags_names":[],"comments_number":"0","wpmagazine_modules_lite_featured_media_urls":{"thumbnail":["https:\/\/elregionaldigital.info\/wp-content\/uploads\/2024\/03\/2-21-150x150.jpeg",150,150,true],"cvmm-medium":["https:\/\/elregionaldigital.info\/wp-content\/uploads\/2024\/03\/2-21-300x300.jpeg",300,300,true],"cvmm-medium-plus":["https:\/\/elregionaldigital.info\/wp-content\/uploads\/2024\/03\/2-21-305x207.jpeg",305,207,true],"cvmm-portrait":["https:\/\/elregionaldigital.info\/wp-content\/uploads\/2024\/03\/2-21-400x600.jpeg",400,600,true],"cvmm-medium-square":["https:\/\/elregionaldigital.info\/wp-content\/uploads\/2024\/03\/2-21-600x600.jpeg",600,600,true],"cvmm-large":["https:\/\/elregionaldigital.info\/wp-content\/uploads\/2024\/03\/2-21.jpeg",960,789,false],"cvmm-small":["https:\/\/elregionaldigital.info\/wp-content\/uploads\/2024\/03\/2-21-130x95.jpeg",130,95,true],"full":["https:\/\/elregionaldigital.info\/wp-content\/uploads\/2024\/03\/2-21.jpeg",960,789,false]},"_links":{"self":[{"href":"https:\/\/elregionaldigital.info\/index.php?rest_route=\/wp\/v2\/posts\/2335","targetHints":{"allow":["GET"]}}],"collection":[{"href":"https:\/\/elregionaldigital.info\/index.php?rest_route=\/wp\/v2\/posts"}],"about":[{"href":"https:\/\/elregionaldigital.info\/index.php?rest_route=\/wp\/v2\/types\/post"}],"author":[{"embeddable":true,"href":"https:\/\/elregionaldigital.info\/index.php?rest_route=\/wp\/v2\/users\/1"}],"replies":[{"embeddable":true,"href":"https:\/\/elregionaldigital.info\/index.php?rest_route=%2Fwp%2Fv2%2Fcomments&post=2335"}],"version-history":[{"count":1,"href":"https:\/\/elregionaldigital.info\/index.php?rest_route=\/wp\/v2\/posts\/2335\/revisions"}],"predecessor-version":[{"id":2337,"href":"https:\/\/elregionaldigital.info\/index.php?rest_route=\/wp\/v2\/posts\/2335\/revisions\/2337"}],"wp:featuredmedia":[{"embeddable":true,"href":"https:\/\/elregionaldigital.info\/index.php?rest_route=\/wp\/v2\/media\/2336"}],"wp:attachment":[{"href":"https:\/\/elregionaldigital.info\/index.php?rest_route=%2Fwp%2Fv2%2Fmedia&parent=2335"}],"wp:term":[{"taxonomy":"category","embeddable":true,"href":"https:\/\/elregionaldigital.info\/index.php?rest_route=%2Fwp%2Fv2%2Fcategories&post=2335"},{"taxonomy":"post_tag","embeddable":true,"href":"https:\/\/elregionaldigital.info\/index.php?rest_route=%2Fwp%2Fv2%2Ftags&post=2335"}],"curies":[{"name":"wp","href":"https:\/\/api.w.org\/{rel}","templated":true}]}}