{"id":2331,"date":"2024-03-04T14:01:12","date_gmt":"2024-03-04T14:01:12","guid":{"rendered":"http:\/\/elregionaldigital.info\/?p=2331"},"modified":"2024-03-05T08:35:15","modified_gmt":"2024-03-05T08:35:15","slug":"paloma-noyola-quien-inspiro-la-pelicula-radical-sera-candidata-a-diputada-en-matamoros","status":"publish","type":"post","link":"https:\/\/elregionaldigital.info\/?p=2331","title":{"rendered":"Paloma Noyola, Quien Inspir\u00f3 La Pel\u00edcula Radical, Ser\u00e1 Candidata A Diputada En Matamoros."},"content":{"rendered":"\n<p>04 Marzo 2024<\/p>\n\n\n\n<figure class=\"wp-block-image\"><img decoding=\"async\" src=\"http:\/\/noticiasdigitales.info\/wp-content\/uploads\/2024\/03\/crela2fueaapiem_crop1708229831764.jpeg_1970638775.webp\" alt=\"\" class=\"wp-image-2299\"\/><\/figure>\n\n\n\n<p>La considerada ni\u00f1a genio,&nbsp;<strong>Paloma Noyola,&nbsp;<\/strong>quien inspir\u00f3 la pel\u00edcula&nbsp;<strong>Radical&nbsp;<\/strong>protagonizada por el actor&nbsp;<strong>Eugenio Derbez<\/strong>,&nbsp;ser\u00e1 candidata del Partido Acci\u00f3n Nacional (PAN) a diputada local por el distrito 11 con sede en Matamoros,&nbsp;Tamaulipas.&nbsp;<\/p>\n\n\n\n<p>Se confirm\u00f3 a trav\u00e9s de fuentes del PAN Estatal que efectivamente se trata de la misma persona, siendo registrada con el nombre de Paloma Marlene Noyola Mart\u00ednez.<\/p>\n\n\n\n<p>Adem\u00e1s se detall\u00f3 que se trata de una propuesta de Lety Salazar (candidata a alcaldesa).<\/p>\n\n\n\n<p>A trav\u00e9s de un comunicado,&nbsp;<strong>Acci\u00f3n Nacional inform\u00f3 que la Comisi\u00f3n Permanente del Consejo Estatal&nbsp;<\/strong>de dicho partido aprob\u00f3 las propuestas de candidaturas para diputaciones locales y presidencias municipales&nbsp;<strong>para el proceso electoral 2024.<\/strong><\/p>\n\n\n\n<p>En la lista de ocho distritos electorales es donde se aprecia el nombre de&nbsp;<strong>Paloma Noyola, por el distrito 11, y lleva como suplente a Ximena Pinales Falcon.<\/strong><\/p>\n\n\n\n<p>En la lista de 24 municipios, de 43, destacan algunas propuestas aceptadas para candidatos a presidentes municipales, como el ex alcalde de Ciudad Victoria, \u00d3scar Almaraz Smer; as\u00ed como la ex alcaldesa de Matamoros, Norma Leticia Salazar; No\u00e9 Ramos, en Ciudad Mante; y por Nuevo Laredo, la exdiputada local Yahleel Abdala Carmona.<\/p>\n\n\n\n<p>Todas las posiciones fueron aprobadas por unanimidad de los integrantes de la Comisi\u00f3n Permanente, adem\u00e1s de que se acord\u00f3 continuar la b\u00fasqueda para la selecci\u00f3n de los lugares que quedaron pendientes.<\/p>\n\n\n\n<p>La secretaria general en funciones de presidenta estatal, Mar\u00eda Del Rosario Gonz\u00e1lez Flores, hizo hincapi\u00e9 en que Acci\u00f3n Nacional en Tamaulipas est\u00e1 trabajando en unidad para enfrentar los desaf\u00edos en materia de seguridad, salud, econom\u00eda, educaci\u00f3n y dem\u00e1s temas de principal necesidad, que requieren atenci\u00f3n urgente.<\/p>\n","protected":false},"excerpt":{"rendered":"<p>04 Marzo 2024 La considerada ni\u00f1a genio,&nbsp;Paloma Noyola,&nbsp;quien inspir\u00f3 la pel\u00edcula&nbsp;Radical&nbsp;protagonizada por el actor&nbsp;Eugenio Derbez,&nbsp;ser\u00e1 candidata del Partido Acci\u00f3n Nacional (PAN) a diputada local por el distrito 11 con sede en Matamoros,&nbsp;Tamaulipas.&nbsp; Se confirm\u00f3 a trav\u00e9s de fuentes del PAN Estatal que efectivamente se trata de la misma persona, siendo registrada con el nombre de [&hellip;]<\/p>\n","protected":false},"author":1,"featured_media":2334,"comment_status":"open","ping_status":"open","sticky":false,"template":"","format":"standard","meta":{"footnotes":""},"categories":[2],"tags":[],"class_list":["post-2331","post","type-post","status-publish","format-standard","has-post-thumbnail","hentry","category-tamaulipas"],"blog_post_layout_featured_media_urls":{"thumbnail":["https:\/\/elregionaldigital.info\/wp-content\/uploads\/2024\/03\/crela2fueaapiem_crop1708229831764.jpeg_1970638775-150x150.webp",150,150,true],"full":["https:\/\/elregionaldigital.info\/wp-content\/uploads\/2024\/03\/crela2fueaapiem_crop1708229831764.jpeg_1970638775.webp",770,485,false]},"categories_names":{"2":{"name":"Tamaulipas","link":"https:\/\/elregionaldigital.info\/?cat=2"}},"tags_names":[],"comments_number":"0","wpmagazine_modules_lite_featured_media_urls":{"thumbnail":["https:\/\/elregionaldigital.info\/wp-content\/uploads\/2024\/03\/crela2fueaapiem_crop1708229831764.jpeg_1970638775-150x150.webp",150,150,true],"cvmm-medium":["https:\/\/elregionaldigital.info\/wp-content\/uploads\/2024\/03\/crela2fueaapiem_crop1708229831764.jpeg_1970638775-300x300.webp",300,300,true],"cvmm-medium-plus":["https:\/\/elregionaldigital.info\/wp-content\/uploads\/2024\/03\/crela2fueaapiem_crop1708229831764.jpeg_1970638775-305x207.webp",305,207,true],"cvmm-portrait":["https:\/\/elregionaldigital.info\/wp-content\/uploads\/2024\/03\/crela2fueaapiem_crop1708229831764.jpeg_1970638775-400x485.webp",400,485,true],"cvmm-medium-square":["https:\/\/elregionaldigital.info\/wp-content\/uploads\/2024\/03\/crela2fueaapiem_crop1708229831764.jpeg_1970638775-600x485.webp",600,485,true],"cvmm-large":["https:\/\/elregionaldigital.info\/wp-content\/uploads\/2024\/03\/crela2fueaapiem_crop1708229831764.jpeg_1970638775.webp",770,485,false],"cvmm-small":["https:\/\/elregionaldigital.info\/wp-content\/uploads\/2024\/03\/crela2fueaapiem_crop1708229831764.jpeg_1970638775-130x95.webp",130,95,true],"full":["https:\/\/elregionaldigital.info\/wp-content\/uploads\/2024\/03\/crela2fueaapiem_crop1708229831764.jpeg_1970638775.webp",770,485,false]},"_links":{"self":[{"href":"https:\/\/elregionaldigital.info\/index.php?rest_route=\/wp\/v2\/posts\/2331","targetHints":{"allow":["GET"]}}],"collection":[{"href":"https:\/\/elregionaldigital.info\/index.php?rest_route=\/wp\/v2\/posts"}],"about":[{"href":"https:\/\/elregionaldigital.info\/index.php?rest_route=\/wp\/v2\/types\/post"}],"author":[{"embeddable":true,"href":"https:\/\/elregionaldigital.info\/index.php?rest_route=\/wp\/v2\/users\/1"}],"replies":[{"embeddable":true,"href":"https:\/\/elregionaldigital.info\/index.php?rest_route=%2Fwp%2Fv2%2Fcomments&post=2331"}],"version-history":[{"count":1,"href":"https:\/\/elregionaldigital.info\/index.php?rest_route=\/wp\/v2\/posts\/2331\/revisions"}],"predecessor-version":[{"id":2332,"href":"https:\/\/elregionaldigital.info\/index.php?rest_route=\/wp\/v2\/posts\/2331\/revisions\/2332"}],"wp:featuredmedia":[{"embeddable":true,"href":"https:\/\/elregionaldigital.info\/index.php?rest_route=\/wp\/v2\/media\/2334"}],"wp:attachment":[{"href":"https:\/\/elregionaldigital.info\/index.php?rest_route=%2Fwp%2Fv2%2Fmedia&parent=2331"}],"wp:term":[{"taxonomy":"category","embeddable":true,"href":"https:\/\/elregionaldigital.info\/index.php?rest_route=%2Fwp%2Fv2%2Fcategories&post=2331"},{"taxonomy":"post_tag","embeddable":true,"href":"https:\/\/elregionaldigital.info\/index.php?rest_route=%2Fwp%2Fv2%2Ftags&post=2331"}],"curies":[{"name":"wp","href":"https:\/\/api.w.org\/{rel}","templated":true}]}}