{"id":2324,"date":"2024-03-03T05:22:10","date_gmt":"2024-03-03T05:22:10","guid":{"rendered":"http:\/\/elregionaldigital.info\/?p=2324"},"modified":"2024-03-06T03:21:31","modified_gmt":"2024-03-06T03:21:31","slug":"ideas-de-estilo-para-llevar-mules-en-marzo-2024","status":"publish","type":"post","link":"https:\/\/elregionaldigital.info\/?p=2324","title":{"rendered":"Ideas de estilo para llevar mules  en marzo 2024"},"content":{"rendered":"\n<figure class=\"wp-block-image size-full\"><img loading=\"lazy\" decoding=\"async\" width=\"1600\" height=\"2400\" src=\"http:\/\/elregionaldigital.info\/wp-content\/uploads\/2024\/03\/sandalias-mules-de-bottega-veneta-prmavera-verano-2024.webp\" alt=\"\" class=\"wp-image-2326\" srcset=\"https:\/\/elregionaldigital.info\/wp-content\/uploads\/2024\/03\/sandalias-mules-de-bottega-veneta-prmavera-verano-2024.webp 1600w, https:\/\/elregionaldigital.info\/wp-content\/uploads\/2024\/03\/sandalias-mules-de-bottega-veneta-prmavera-verano-2024-200x300.webp 200w, https:\/\/elregionaldigital.info\/wp-content\/uploads\/2024\/03\/sandalias-mules-de-bottega-veneta-prmavera-verano-2024-683x1024.webp 683w, https:\/\/elregionaldigital.info\/wp-content\/uploads\/2024\/03\/sandalias-mules-de-bottega-veneta-prmavera-verano-2024-768x1152.webp 768w, https:\/\/elregionaldigital.info\/wp-content\/uploads\/2024\/03\/sandalias-mules-de-bottega-veneta-prmavera-verano-2024-1024x1536.webp 1024w, https:\/\/elregionaldigital.info\/wp-content\/uploads\/2024\/03\/sandalias-mules-de-bottega-veneta-prmavera-verano-2024-1365x2048.webp 1365w, https:\/\/elregionaldigital.info\/wp-content\/uploads\/2024\/03\/sandalias-mules-de-bottega-veneta-prmavera-verano-2024-400x600.webp 400w\" sizes=\"auto, (max-width: 1600px) 100vw, 1600px\" \/><\/figure>\n\n\n\n<p>03 de MARZO2024<\/p>\n\n\n\n<p>En medio de la frescura primaveral y el recuerdo del invierno, surge un&nbsp;<strong>calzado<\/strong>&nbsp;que encapsula la esencia del minimalismo o lo que hoy conocemos como elegancia sin esfuerzo:&nbsp;<strong>sandalias mules<\/strong>. S\u00ed, aquel par atractivo que deja el tal\u00f3n desnudo luce maravilloso con&nbsp;<strong>vaqueros<\/strong>&nbsp;ajustados,&nbsp;<strong>sastrer\u00eda<\/strong>&nbsp;y, sobre todo, con los&nbsp;<strong>vestidos<\/strong>&nbsp;m\u00e1s bonitos para llevar en febrero. No importa si se te ocurre salir a la ciudad con un&nbsp;<strong>minivestido<\/strong>&nbsp;lencero o si prefieres un dise\u00f1o de punto, la maravilla del mes del amor es que a\u00fan puedes lucir prendas que no son exclusivas de la primavera.<\/p>\n\n\n\n<p>A pesar de que hay una infinidad de modelos igual de vers\u00e1tiles en la lista de&nbsp;<a href=\"https:\/\/www.vogue.mx\/articulo\/primavera-verano-2024-ready-to-wear\">sandalias en tendencia de Primavera-Verano 2024<\/a>, las siluetas que podr\u00edamos catalogar como \u201csencillas\u201d conquistaron las pasarelas de renombre. Desde Bottega Veneta hasta Versace e Isabel Marant, perfectas para adornar tus pies de manera espectacular y darle un toque sexy pero sutil a tu estilo diario.<\/p>\n","protected":false},"excerpt":{"rendered":"<p>03 de MARZO2024 En medio de la frescura primaveral y el recuerdo del invierno, surge un&nbsp;calzado&nbsp;que encapsula la esencia del minimalismo o lo que hoy conocemos como elegancia sin esfuerzo:&nbsp;sandalias mules. S\u00ed, aquel par atractivo que deja el tal\u00f3n desnudo luce maravilloso con&nbsp;vaqueros&nbsp;ajustados,&nbsp;sastrer\u00eda&nbsp;y, sobre todo, con los&nbsp;vestidos&nbsp;m\u00e1s bonitos para llevar en febrero. No importa si [&hellip;]<\/p>\n","protected":false},"author":1,"featured_media":2327,"comment_status":"open","ping_status":"open","sticky":false,"template":"","format":"standard","meta":{"footnotes":""},"categories":[1],"tags":[],"class_list":["post-2324","post","type-post","status-publish","format-standard","has-post-thumbnail","hentry","category-sin-categoria"],"blog_post_layout_featured_media_urls":{"thumbnail":["https:\/\/elregionaldigital.info\/wp-content\/uploads\/2024\/03\/sandalias-mules-de-versace-primavera-verano-2024-150x150.webp",150,150,true],"full":["https:\/\/elregionaldigital.info\/wp-content\/uploads\/2024\/03\/sandalias-mules-de-versace-primavera-verano-2024.webp",1600,2400,false]},"categories_names":{"1":{"name":"Sin categor\u00eda","link":"https:\/\/elregionaldigital.info\/?cat=1"}},"tags_names":[],"comments_number":"0","wpmagazine_modules_lite_featured_media_urls":{"thumbnail":["https:\/\/elregionaldigital.info\/wp-content\/uploads\/2024\/03\/sandalias-mules-de-versace-primavera-verano-2024-150x150.webp",150,150,true],"cvmm-medium":["https:\/\/elregionaldigital.info\/wp-content\/uploads\/2024\/03\/sandalias-mules-de-versace-primavera-verano-2024-300x300.webp",300,300,true],"cvmm-medium-plus":["https:\/\/elregionaldigital.info\/wp-content\/uploads\/2024\/03\/sandalias-mules-de-versace-primavera-verano-2024-305x207.webp",305,207,true],"cvmm-portrait":["https:\/\/elregionaldigital.info\/wp-content\/uploads\/2024\/03\/sandalias-mules-de-versace-primavera-verano-2024-400x600.webp",400,600,true],"cvmm-medium-square":["https:\/\/elregionaldigital.info\/wp-content\/uploads\/2024\/03\/sandalias-mules-de-versace-primavera-verano-2024-600x600.webp",600,600,true],"cvmm-large":["https:\/\/elregionaldigital.info\/wp-content\/uploads\/2024\/03\/sandalias-mules-de-versace-primavera-verano-2024-1024x1024.webp",1024,1024,true],"cvmm-small":["https:\/\/elregionaldigital.info\/wp-content\/uploads\/2024\/03\/sandalias-mules-de-versace-primavera-verano-2024-130x95.webp",130,95,true],"full":["https:\/\/elregionaldigital.info\/wp-content\/uploads\/2024\/03\/sandalias-mules-de-versace-primavera-verano-2024.webp",1600,2400,false]},"_links":{"self":[{"href":"https:\/\/elregionaldigital.info\/index.php?rest_route=\/wp\/v2\/posts\/2324","targetHints":{"allow":["GET"]}}],"collection":[{"href":"https:\/\/elregionaldigital.info\/index.php?rest_route=\/wp\/v2\/posts"}],"about":[{"href":"https:\/\/elregionaldigital.info\/index.php?rest_route=\/wp\/v2\/types\/post"}],"author":[{"embeddable":true,"href":"https:\/\/elregionaldigital.info\/index.php?rest_route=\/wp\/v2\/users\/1"}],"replies":[{"embeddable":true,"href":"https:\/\/elregionaldigital.info\/index.php?rest_route=%2Fwp%2Fv2%2Fcomments&post=2324"}],"version-history":[{"count":2,"href":"https:\/\/elregionaldigital.info\/index.php?rest_route=\/wp\/v2\/posts\/2324\/revisions"}],"predecessor-version":[{"id":2330,"href":"https:\/\/elregionaldigital.info\/index.php?rest_route=\/wp\/v2\/posts\/2324\/revisions\/2330"}],"wp:featuredmedia":[{"embeddable":true,"href":"https:\/\/elregionaldigital.info\/index.php?rest_route=\/wp\/v2\/media\/2327"}],"wp:attachment":[{"href":"https:\/\/elregionaldigital.info\/index.php?rest_route=%2Fwp%2Fv2%2Fmedia&parent=2324"}],"wp:term":[{"taxonomy":"category","embeddable":true,"href":"https:\/\/elregionaldigital.info\/index.php?rest_route=%2Fwp%2Fv2%2Fcategories&post=2324"},{"taxonomy":"post_tag","embeddable":true,"href":"https:\/\/elregionaldigital.info\/index.php?rest_route=%2Fwp%2Fv2%2Ftags&post=2324"}],"curies":[{"name":"wp","href":"https:\/\/api.w.org\/{rel}","templated":true}]}}