{"id":2320,"date":"2024-03-01T04:49:41","date_gmt":"2024-03-01T04:49:41","guid":{"rendered":"http:\/\/elregionaldigital.info\/?p=2320"},"modified":"2024-03-05T08:35:37","modified_gmt":"2024-03-05T08:35:37","slug":"bbva-confirma-falla-en-su-sistema-asegura-que-se-restablecera-durante-el-dia-de-hoy","status":"publish","type":"post","link":"https:\/\/elregionaldigital.info\/?p=2320","title":{"rendered":"BBVA confirma falla en su sistema, asegura que se restablecer\u00e1 durante el d\u00eda de hoy"},"content":{"rendered":"\n<figure class=\"wp-block-image size-full\"><img loading=\"lazy\" decoding=\"async\" width=\"680\" height=\"680\" src=\"http:\/\/elregionaldigital.info\/wp-content\/uploads\/2024\/03\/GHmOvcSXYAASLai.jpeg\" alt=\"\" class=\"wp-image-2321\" srcset=\"https:\/\/elregionaldigital.info\/wp-content\/uploads\/2024\/03\/GHmOvcSXYAASLai.jpeg 680w, https:\/\/elregionaldigital.info\/wp-content\/uploads\/2024\/03\/GHmOvcSXYAASLai-300x300.jpeg 300w, https:\/\/elregionaldigital.info\/wp-content\/uploads\/2024\/03\/GHmOvcSXYAASLai-150x150.jpeg 150w, https:\/\/elregionaldigital.info\/wp-content\/uploads\/2024\/03\/GHmOvcSXYAASLai-600x600.jpeg 600w\" sizes=\"auto, (max-width: 680px) 100vw, 680px\" \/><\/figure>\n\n\n\n<p>En plena quincena, el&nbsp;<strong>banco BBVA M\u00e9xico<\/strong>&nbsp;confirm\u00f3 una falla en su sistema, por lo que presenta inestabilidad en sus aplicaciones y cajeros autom\u00e1ticos.<\/p>\n\n\n\n<p><em>\u201cBBVA M\u00e9xico informa a todos sus usuarios que presentamos fallas en nuestro sistema\u201d,&nbsp;<\/em>refiri\u00f3 este viernes el corporativo en su cuenta de X @BBVA_Mex.<\/p>\n\n\n\n<p>Detall\u00f3 en su mensaje que se encontraban trabajando<em>&nbsp;\u201cpara solucionarlas cuanto antes y dar curso a las operaciones que nuestros usuarios requieran\u201d.<\/em><\/p>\n\n\n\n<p><em>\u201cOfrecemos disculpas por los inconvenientes ocasionados\u201d, concluye el mensaje publicado poco despu\u00e9s de las 10:00 horas.<\/em><\/p>\n\n\n\n<h2 class=\"wp-block-heading\"><strong>Desde X responden quejas de usuarios<\/strong><\/h2>\n\n\n\n<p>Desde temprana hora de este viernes 1 de marzo, en redes sociales usuarios dieron a conocer que la aplicaci\u00f3n digital de&nbsp;<strong>BBVA<\/strong>&nbsp;presentaba fallas ya que no les permit\u00eda acceder a ninguna de sus funciones.<\/p>\n\n\n\n<p><em>\u201cLo sentimos, el servicio BBVA est\u00e1 temporalmente inactivo. Por favor, int\u00e9ntalo m\u00e1s tarde\u201d<\/em>, es el mensaje que arroj\u00f3 la app al momento que los cuentahabientes de este banco intentaron realizar alguna funci\u00f3n como checar su estado de cuenta, hacer una transferencias, o realizar una recarga de saldo a su celular.<\/p>\n","protected":false},"excerpt":{"rendered":"<p>En plena quincena, el&nbsp;banco BBVA M\u00e9xico&nbsp;confirm\u00f3 una falla en su sistema, por lo que presenta inestabilidad en sus aplicaciones y cajeros autom\u00e1ticos. \u201cBBVA M\u00e9xico informa a todos sus usuarios que presentamos fallas en nuestro sistema\u201d,&nbsp;refiri\u00f3 este viernes el corporativo en su cuenta de X @BBVA_Mex. Detall\u00f3 en su mensaje que se encontraban trabajando&nbsp;\u201cpara solucionarlas cuanto [&hellip;]<\/p>\n","protected":false},"author":1,"featured_media":2322,"comment_status":"open","ping_status":"open","sticky":false,"template":"","format":"standard","meta":{"footnotes":""},"categories":[5],"tags":[],"class_list":["post-2320","post","type-post","status-publish","format-standard","has-post-thumbnail","hentry","category-nacional"],"blog_post_layout_featured_media_urls":{"thumbnail":["https:\/\/elregionaldigital.info\/wp-content\/uploads\/2024\/03\/GHmOvcSXYAASLai-1-150x150.jpeg",150,150,true],"full":["https:\/\/elregionaldigital.info\/wp-content\/uploads\/2024\/03\/GHmOvcSXYAASLai-1.jpeg",680,680,false]},"categories_names":{"5":{"name":"Nacional","link":"https:\/\/elregionaldigital.info\/?cat=5"}},"tags_names":[],"comments_number":"0","wpmagazine_modules_lite_featured_media_urls":{"thumbnail":["https:\/\/elregionaldigital.info\/wp-content\/uploads\/2024\/03\/GHmOvcSXYAASLai-1-150x150.jpeg",150,150,true],"cvmm-medium":["https:\/\/elregionaldigital.info\/wp-content\/uploads\/2024\/03\/GHmOvcSXYAASLai-1-300x300.jpeg",300,300,true],"cvmm-medium-plus":["https:\/\/elregionaldigital.info\/wp-content\/uploads\/2024\/03\/GHmOvcSXYAASLai-1-305x207.jpeg",305,207,true],"cvmm-portrait":["https:\/\/elregionaldigital.info\/wp-content\/uploads\/2024\/03\/GHmOvcSXYAASLai-1-400x600.jpeg",400,600,true],"cvmm-medium-square":["https:\/\/elregionaldigital.info\/wp-content\/uploads\/2024\/03\/GHmOvcSXYAASLai-1-600x600.jpeg",600,600,true],"cvmm-large":["https:\/\/elregionaldigital.info\/wp-content\/uploads\/2024\/03\/GHmOvcSXYAASLai-1.jpeg",680,680,false],"cvmm-small":["https:\/\/elregionaldigital.info\/wp-content\/uploads\/2024\/03\/GHmOvcSXYAASLai-1-130x95.jpeg",130,95,true],"full":["https:\/\/elregionaldigital.info\/wp-content\/uploads\/2024\/03\/GHmOvcSXYAASLai-1.jpeg",680,680,false]},"_links":{"self":[{"href":"https:\/\/elregionaldigital.info\/index.php?rest_route=\/wp\/v2\/posts\/2320","targetHints":{"allow":["GET"]}}],"collection":[{"href":"https:\/\/elregionaldigital.info\/index.php?rest_route=\/wp\/v2\/posts"}],"about":[{"href":"https:\/\/elregionaldigital.info\/index.php?rest_route=\/wp\/v2\/types\/post"}],"author":[{"embeddable":true,"href":"https:\/\/elregionaldigital.info\/index.php?rest_route=\/wp\/v2\/users\/1"}],"replies":[{"embeddable":true,"href":"https:\/\/elregionaldigital.info\/index.php?rest_route=%2Fwp%2Fv2%2Fcomments&post=2320"}],"version-history":[{"count":1,"href":"https:\/\/elregionaldigital.info\/index.php?rest_route=\/wp\/v2\/posts\/2320\/revisions"}],"predecessor-version":[{"id":2323,"href":"https:\/\/elregionaldigital.info\/index.php?rest_route=\/wp\/v2\/posts\/2320\/revisions\/2323"}],"wp:featuredmedia":[{"embeddable":true,"href":"https:\/\/elregionaldigital.info\/index.php?rest_route=\/wp\/v2\/media\/2322"}],"wp:attachment":[{"href":"https:\/\/elregionaldigital.info\/index.php?rest_route=%2Fwp%2Fv2%2Fmedia&parent=2320"}],"wp:term":[{"taxonomy":"category","embeddable":true,"href":"https:\/\/elregionaldigital.info\/index.php?rest_route=%2Fwp%2Fv2%2Fcategories&post=2320"},{"taxonomy":"post_tag","embeddable":true,"href":"https:\/\/elregionaldigital.info\/index.php?rest_route=%2Fwp%2Fv2%2Ftags&post=2320"}],"curies":[{"name":"wp","href":"https:\/\/api.w.org\/{rel}","templated":true}]}}