{"id":2308,"date":"2024-02-29T04:32:59","date_gmt":"2024-02-29T04:32:59","guid":{"rendered":"http:\/\/elregionaldigital.info\/?p=2308"},"modified":"2024-03-05T08:35:59","modified_gmt":"2024-03-05T08:35:59","slug":"elecciones-en-mexico-2024-cuando-inician-campanas","status":"publish","type":"post","link":"https:\/\/elregionaldigital.info\/?p=2308","title":{"rendered":"Elecciones en M\u00e9xico 2024: \u00bfCu\u00e1ndo inician campa\u00f1as?"},"content":{"rendered":"\n<figure class=\"wp-block-image size-full\"><img loading=\"lazy\" decoding=\"async\" width=\"768\" height=\"479\" src=\"http:\/\/elregionaldigital.info\/wp-content\/uploads\/2024\/03\/partidos-elecciones.jpg\" alt=\"\" class=\"wp-image-2310\" srcset=\"https:\/\/elregionaldigital.info\/wp-content\/uploads\/2024\/03\/partidos-elecciones.jpg 768w, https:\/\/elregionaldigital.info\/wp-content\/uploads\/2024\/03\/partidos-elecciones-300x187.jpg 300w\" sizes=\"auto, (max-width: 768px) 100vw, 768px\" \/><\/figure>\n\n\n\n<p>Con el&nbsp;<a href=\"https:\/\/www.elfinanciero.com.mx\/nacional\/2023\/10\/16\/elecciones-gubernamentales-2024-calendario-ine-precampanas-estatales\/\" target=\"_blank\" rel=\"noreferrer noopener\">calendario electoral<\/a>&nbsp;marcando el rumbo del pr\u00f3ximo ciclo pol\u00edtico en M\u00e9xico, el pa\u00eds se prepara para una etapa crucial en su democracia.<\/p>\n\n\n\n<p>El pr\u00f3ximo 1\u00b0de marzo  traer\u00e1 consigo un escenario cargado de expectativas y desaf\u00edos, donde las fechas marcadas por el\u00a0<a href=\"https:\/\/www.elfinanciero.com.mx\/nacional\/2023\/12\/13\/elecciones-2024-ine-presenta-costos-de-espacios-para-debates-presidenciales\/\" target=\"_blank\" rel=\"noreferrer noopener\">Instituto Nacional Electoral (INE)\u00a0<\/a>definir\u00e1n momentos fundamentales para el despliegue de estrategias, debates y propuestas por parte de los\u00a0<strong>distintos partidos, coaliciones y candidatos<\/strong>. <\/p>\n\n\n\n<p>Las elecciones federales y locales se celebrar\u00e1n en una sola jornada de comicios, programada para el pr\u00f3ximo\u00a0<strong>2 de junio de 2024,\u00a0<\/strong>de las<strong>\u00a08:00 a las 18:00 horas.\u00a0<\/strong>Ser\u00e1 en esta fecha cuando se elija a la sucesora o sucesor de\u00a0<a href=\"https:\/\/www.elfinanciero.com.mx\/bloomberg-businessweek\/2023\/12\/14\/cinco-anos-de-contrastes-con-amlo\/\" target=\"_blank\" rel=\"noreferrer noopener\">Andr\u00e9s Manuel L\u00f3pez Obrador<\/a>\u00a0como presidente.<\/p>\n\n\n\n<p>Se han definido 2 candidatas para participar en la contienda: Claudia Sheinbaum y X\u00f3chitl G\u00e1lvez. Y un candidato Jorge \u00c1lvarez M\u00e1ynez ; La primera es abanderada de Morena y sus partidos aliados PT, PVEM y PES.  la segunda est\u00e1 respaldada por el Frente Amplio por M\u00e9xico, conformado por el PAN, PRI y PRD.  y el tercero es representante de Movimiento Ciudadano .<\/p>\n\n\n\n<p>Adem\u00e1s de la Presidencia de la Rep\u00fablica, en las elecciones 2024 tambi\u00e9n se renovar\u00e1n:<\/p>\n\n\n\n<ul class=\"wp-block-list\">\n<li>8 gubernaturas y la jefatura de gobierno de la Ciudad de M\u00e9xico<\/li>\n\n\n\n<li>128 senadur\u00edas<\/li>\n\n\n\n<li>500 diputaciones federales<\/li>\n\n\n\n<li>16 alcald\u00edas de la Ciudad de M\u00e9xico<\/li>\n\n\n\n<li>Diputaciones locales, ayuntamientos y alcald\u00edas de todo el pa\u00eds<\/li>\n<\/ul>\n","protected":false},"excerpt":{"rendered":"<p>Con el&nbsp;calendario electoral&nbsp;marcando el rumbo del pr\u00f3ximo ciclo pol\u00edtico en M\u00e9xico, el pa\u00eds se prepara para una etapa crucial en su democracia. El pr\u00f3ximo 1\u00b0de marzo traer\u00e1 consigo un escenario cargado de expectativas y desaf\u00edos, donde las fechas marcadas por el\u00a0Instituto Nacional Electoral (INE)\u00a0definir\u00e1n momentos fundamentales para el despliegue de estrategias, debates y propuestas por [&hellip;]<\/p>\n","protected":false},"author":1,"featured_media":2309,"comment_status":"open","ping_status":"open","sticky":false,"template":"","format":"standard","meta":{"footnotes":""},"categories":[5],"tags":[],"class_list":["post-2308","post","type-post","status-publish","format-standard","has-post-thumbnail","hentry","category-nacional"],"blog_post_layout_featured_media_urls":{"thumbnail":["https:\/\/elregionaldigital.info\/wp-content\/uploads\/2024\/03\/candidatos-150x150.jpeg",150,150,true],"full":["https:\/\/elregionaldigital.info\/wp-content\/uploads\/2024\/03\/candidatos.jpeg",800,450,false]},"categories_names":{"5":{"name":"Nacional","link":"https:\/\/elregionaldigital.info\/?cat=5"}},"tags_names":[],"comments_number":"0","wpmagazine_modules_lite_featured_media_urls":{"thumbnail":["https:\/\/elregionaldigital.info\/wp-content\/uploads\/2024\/03\/candidatos-150x150.jpeg",150,150,true],"cvmm-medium":["https:\/\/elregionaldigital.info\/wp-content\/uploads\/2024\/03\/candidatos-300x300.jpeg",300,300,true],"cvmm-medium-plus":["https:\/\/elregionaldigital.info\/wp-content\/uploads\/2024\/03\/candidatos-305x207.jpeg",305,207,true],"cvmm-portrait":["https:\/\/elregionaldigital.info\/wp-content\/uploads\/2024\/03\/candidatos-400x450.jpeg",400,450,true],"cvmm-medium-square":["https:\/\/elregionaldigital.info\/wp-content\/uploads\/2024\/03\/candidatos-600x450.jpeg",600,450,true],"cvmm-large":["https:\/\/elregionaldigital.info\/wp-content\/uploads\/2024\/03\/candidatos.jpeg",800,450,false],"cvmm-small":["https:\/\/elregionaldigital.info\/wp-content\/uploads\/2024\/03\/candidatos-130x95.jpeg",130,95,true],"full":["https:\/\/elregionaldigital.info\/wp-content\/uploads\/2024\/03\/candidatos.jpeg",800,450,false]},"_links":{"self":[{"href":"https:\/\/elregionaldigital.info\/index.php?rest_route=\/wp\/v2\/posts\/2308","targetHints":{"allow":["GET"]}}],"collection":[{"href":"https:\/\/elregionaldigital.info\/index.php?rest_route=\/wp\/v2\/posts"}],"about":[{"href":"https:\/\/elregionaldigital.info\/index.php?rest_route=\/wp\/v2\/types\/post"}],"author":[{"embeddable":true,"href":"https:\/\/elregionaldigital.info\/index.php?rest_route=\/wp\/v2\/users\/1"}],"replies":[{"embeddable":true,"href":"https:\/\/elregionaldigital.info\/index.php?rest_route=%2Fwp%2Fv2%2Fcomments&post=2308"}],"version-history":[{"count":1,"href":"https:\/\/elregionaldigital.info\/index.php?rest_route=\/wp\/v2\/posts\/2308\/revisions"}],"predecessor-version":[{"id":2311,"href":"https:\/\/elregionaldigital.info\/index.php?rest_route=\/wp\/v2\/posts\/2308\/revisions\/2311"}],"wp:featuredmedia":[{"embeddable":true,"href":"https:\/\/elregionaldigital.info\/index.php?rest_route=\/wp\/v2\/media\/2309"}],"wp:attachment":[{"href":"https:\/\/elregionaldigital.info\/index.php?rest_route=%2Fwp%2Fv2%2Fmedia&parent=2308"}],"wp:term":[{"taxonomy":"category","embeddable":true,"href":"https:\/\/elregionaldigital.info\/index.php?rest_route=%2Fwp%2Fv2%2Fcategories&post=2308"},{"taxonomy":"post_tag","embeddable":true,"href":"https:\/\/elregionaldigital.info\/index.php?rest_route=%2Fwp%2Fv2%2Ftags&post=2308"}],"curies":[{"name":"wp","href":"https:\/\/api.w.org\/{rel}","templated":true}]}}