{"id":2302,"date":"2024-03-02T04:25:28","date_gmt":"2024-03-02T04:25:28","guid":{"rendered":"http:\/\/elregionaldigital.info\/?p=2302"},"modified":"2024-03-05T08:26:19","modified_gmt":"2024-03-05T08:26:19","slug":"el-deporte-es-prioridad-en-la-uat-para-fomentar-los-valores-damaso-anaya","status":"publish","type":"post","link":"https:\/\/elregionaldigital.info\/?p=2302","title":{"rendered":"\u00a0El deporte es prioridad en la UAT para fomentar los valores: D\u00e1maso Anaya."},"content":{"rendered":"\n<figure class=\"wp-block-image size-large\"><img loading=\"lazy\" decoding=\"async\" width=\"1024\" height=\"682\" src=\"http:\/\/elregionaldigital.info\/wp-content\/uploads\/2024\/03\/4-1-1024x682.jpeg\" alt=\"\" class=\"wp-image-2304\" srcset=\"https:\/\/elregionaldigital.info\/wp-content\/uploads\/2024\/03\/4-1-1024x682.jpeg 1024w, https:\/\/elregionaldigital.info\/wp-content\/uploads\/2024\/03\/4-1-300x200.jpeg 300w, https:\/\/elregionaldigital.info\/wp-content\/uploads\/2024\/03\/4-1-768x512.jpeg 768w, https:\/\/elregionaldigital.info\/wp-content\/uploads\/2024\/03\/4-1-1536x1023.jpeg 1536w, https:\/\/elregionaldigital.info\/wp-content\/uploads\/2024\/03\/4-1.jpeg 1600w\" sizes=\"auto, (max-width: 1024px) 100vw, 1024px\" \/><\/figure>\n\n\n\n<p>Al inaugurar la edici\u00f3n 40 de la Liga de Futbol Asociaci\u00f3n Infantil y Juvenil Copa<br>UAT, el rector de la Universidad Aut\u00f3noma de Tamaulipas, MVZ D\u00e1maso Leonardo<br>Anaya Alvarado, subray\u00f3 la importancia del fomento a la actividad deportiva como<br>una herramienta esencial para la formaci\u00f3n de ciudadanos comprometidos con su<br>comunidad.<br>Tras dar la bienvenida a los ni\u00f1os, j\u00f3venes y padres de familia reunidos en<br>el Gimnasio Multidisciplinario del Campus Victoria, D\u00e1maso Anaya dijo que con<br>este tipo de actividades se busca promover un ambiente de respeto y solidaridad<br>entre todos los participantes.<br>Se\u00f1al\u00f3 que no solo se trata de un encuentro deportivo, \u201csino de una<br>oportunidad para crecer, aprender y fortalecer los lazos que nos unen como<br>comunidad\u201d.<br>\u201cEl deporte es una herramienta poderosa para la formaci\u00f3n de ciudadanos<br>responsables, comprometidos y capaces de trabajar en equipo hacia objetivos<br>comunes\u201d, indic\u00f3 el rector.<br>Asimismo, agradeci\u00f3 a los padres de familia por la confianza en la UAT, y<br>coment\u00f3 que la Universidad va a impulsar m\u00e1s actividades para el esparcimiento<br>de ni\u00f1os y j\u00f3venes, para que se puedan desarrollar en un ambiente sano.<br>Sostuvo que esta competencia es el reflejo de la misi\u00f3n de la Universidad,<br>que es formar individuos \u00edntegros y capaces de destacar acad\u00e9mica y<br>profesionalmente.<br>Durante la ceremonia, el rector D\u00e1maso Anaya Alvarado estuvo<br>acompa\u00f1ado de su esposa, la Lic. Isolda Rend\u00f3n de Anaya, as\u00ed como del<br>secretario de Vinculaci\u00f3n, MVZ Rogelio de Jes\u00fas Ram\u00edrez Flores, y del director del<br>Instituto del Deporte en Tamaulipas, Prof. Manuel Raga Navarro.<\/p>\n\n\n\n<p>Tambi\u00e9n asistieron la subsecretaria de Bienestar Social de Tamaulipas,<br>Dania Rodr\u00edguez Zamarr\u00f3n; la subsecretaria de Desarrollo y Promoci\u00f3n Tur\u00edstica<br>del estado, Elvia Ver\u00f3nica Loredo Hern\u00e1ndez, y el director t\u00e9cnico del Club de<br>Futbol Correcaminos, Ra\u00fal Guti\u00e9rrez Jacobo.<\/p>\n\n\n\n<p>La edici\u00f3n 2024 de la Copa UAT cuenta con la participaci\u00f3n de 171 equipos<br>distribuidos en 8 categor\u00edas, integradas por ni\u00f1os y j\u00f3venes de los 3 a los 17 a\u00f1os.<br>En este marco, los futbolistas victorenses vivieron una fiesta por los 40 a\u00f1os<br>de la competencia y tuvieron la oportunidad de disfrutar de un espect\u00e1culo musical<br>y art\u00edstico.<br>Adem\u00e1s, se entreg\u00f3 la playera conmemorativa por el 40 aniversario de la<br>Copa UAT, y la futbolista Fabiana Silva Cedillo, del equipo Rayados Victoria, fue la<br>encargada de hacer el juramento deportivo.<br>Para finalizar el evento, el rector D\u00e1maso Anaya Alvarado, acompa\u00f1ado de<br>las autoridades invitadas, entreg\u00f3 material deportivo a los equipos y encabez\u00f3 el saque inicial del torneo.<\/p>\n","protected":false},"excerpt":{"rendered":"<p>Al inaugurar la edici\u00f3n 40 de la Liga de Futbol Asociaci\u00f3n Infantil y Juvenil CopaUAT, el rector de la Universidad Aut\u00f3noma de Tamaulipas, MVZ D\u00e1maso LeonardoAnaya Alvarado, subray\u00f3 la importancia del fomento a la actividad deportiva comouna herramienta esencial para la formaci\u00f3n de ciudadanos comprometidos con sucomunidad.Tras dar la bienvenida a los ni\u00f1os, j\u00f3venes y [&hellip;]<\/p>\n","protected":false},"author":1,"featured_media":2306,"comment_status":"open","ping_status":"open","sticky":false,"template":"","format":"standard","meta":{"footnotes":""},"categories":[6,4],"tags":[],"class_list":["post-2302","post","type-post","status-publish","format-standard","has-post-thumbnail","hentry","category-deportes","category-universidades"],"blog_post_layout_featured_media_urls":{"thumbnail":["https:\/\/elregionaldigital.info\/wp-content\/uploads\/2024\/03\/3-1-150x150.jpeg",150,150,true],"full":["https:\/\/elregionaldigital.info\/wp-content\/uploads\/2024\/03\/3-1.jpeg",1600,1066,false]},"categories_names":{"6":{"name":"Deportes","link":"https:\/\/elregionaldigital.info\/?cat=6"},"4":{"name":"Universidades","link":"https:\/\/elregionaldigital.info\/?cat=4"}},"tags_names":[],"comments_number":"0","wpmagazine_modules_lite_featured_media_urls":{"thumbnail":["https:\/\/elregionaldigital.info\/wp-content\/uploads\/2024\/03\/3-1-150x150.jpeg",150,150,true],"cvmm-medium":["https:\/\/elregionaldigital.info\/wp-content\/uploads\/2024\/03\/3-1-300x300.jpeg",300,300,true],"cvmm-medium-plus":["https:\/\/elregionaldigital.info\/wp-content\/uploads\/2024\/03\/3-1-305x207.jpeg",305,207,true],"cvmm-portrait":["https:\/\/elregionaldigital.info\/wp-content\/uploads\/2024\/03\/3-1-400x600.jpeg",400,600,true],"cvmm-medium-square":["https:\/\/elregionaldigital.info\/wp-content\/uploads\/2024\/03\/3-1-600x600.jpeg",600,600,true],"cvmm-large":["https:\/\/elregionaldigital.info\/wp-content\/uploads\/2024\/03\/3-1-1024x1024.jpeg",1024,1024,true],"cvmm-small":["https:\/\/elregionaldigital.info\/wp-content\/uploads\/2024\/03\/3-1-130x95.jpeg",130,95,true],"full":["https:\/\/elregionaldigital.info\/wp-content\/uploads\/2024\/03\/3-1.jpeg",1600,1066,false]},"_links":{"self":[{"href":"https:\/\/elregionaldigital.info\/index.php?rest_route=\/wp\/v2\/posts\/2302","targetHints":{"allow":["GET"]}}],"collection":[{"href":"https:\/\/elregionaldigital.info\/index.php?rest_route=\/wp\/v2\/posts"}],"about":[{"href":"https:\/\/elregionaldigital.info\/index.php?rest_route=\/wp\/v2\/types\/post"}],"author":[{"embeddable":true,"href":"https:\/\/elregionaldigital.info\/index.php?rest_route=\/wp\/v2\/users\/1"}],"replies":[{"embeddable":true,"href":"https:\/\/elregionaldigital.info\/index.php?rest_route=%2Fwp%2Fv2%2Fcomments&post=2302"}],"version-history":[{"count":1,"href":"https:\/\/elregionaldigital.info\/index.php?rest_route=\/wp\/v2\/posts\/2302\/revisions"}],"predecessor-version":[{"id":2307,"href":"https:\/\/elregionaldigital.info\/index.php?rest_route=\/wp\/v2\/posts\/2302\/revisions\/2307"}],"wp:featuredmedia":[{"embeddable":true,"href":"https:\/\/elregionaldigital.info\/index.php?rest_route=\/wp\/v2\/media\/2306"}],"wp:attachment":[{"href":"https:\/\/elregionaldigital.info\/index.php?rest_route=%2Fwp%2Fv2%2Fmedia&parent=2302"}],"wp:term":[{"taxonomy":"category","embeddable":true,"href":"https:\/\/elregionaldigital.info\/index.php?rest_route=%2Fwp%2Fv2%2Fcategories&post=2302"},{"taxonomy":"post_tag","embeddable":true,"href":"https:\/\/elregionaldigital.info\/index.php?rest_route=%2Fwp%2Fv2%2Ftags&post=2302"}],"curies":[{"name":"wp","href":"https:\/\/api.w.org\/{rel}","templated":true}]}}