{"id":2289,"date":"2024-02-24T03:50:08","date_gmt":"2024-02-24T03:50:08","guid":{"rendered":"http:\/\/elregionaldigital.info\/?p=2289"},"modified":"2024-03-06T03:24:58","modified_gmt":"2024-03-06T03:24:58","slug":"24-de-febrero-dia-de-la-bandera","status":"publish","type":"post","link":"https:\/\/elregionaldigital.info\/?p=2289","title":{"rendered":"24 de febrero, D\u00eda de la Bandera"},"content":{"rendered":"\n<h2 class=\"wp-block-heading\">La Bandera, junto con el Escudo y el Himno Nacional, son los s\u00edmbolos que nos representan y nos unen como naci\u00f3n mexicana.<\/h2>\n\n\n\n<p> 24 de febrero de 2024<\/p>\n\n\n\n<p><img decoding=\"async\" alt=\"24 de febrero, D\u00eda de la Bandera\" src=\"https:\/\/www.gob.mx\/cms\/uploads\/article\/main_image\/92341\/mexico-681350_1920.jpg\">24 de febrero, D\u00eda de la Bandera<\/p>\n\n\n\n<p>El d\u00eda de la Bandera mexicana fue establecido el 24 de febrero de 1934. Sin embargo esta conmemoraci\u00f3n nacional fue oficialmente reconocida hasta 1940, por decreto del Presidente L\u00e1zaro C\u00e1rdenas del R\u00edo.<\/p>\n\n\n\n<p>En 1821 Agust\u00edn de Iturbide se inspir\u00f3 en dar garant\u00edas a los mexicanos declarando la Independencia de M\u00e9xico, es entonces cuando nace nuestra Bandera.<\/p>\n\n\n\n<p>En la declaraci\u00f3n del plan de Iguala, Iturbide llevaba la bandera trigarante (verde, blanca y rojo), pero en franjas diagonales. Los colores de la bandera garantizaban algunos derechos: el blanco representaba la religi\u00f3n cat\u00f3lica; el verde representaba la independencia de M\u00e9xico ante Espa\u00f1a y el rojo la igualdad y la uni\u00f3n de los mexicanos con los espa\u00f1oles y las castas.<\/p>\n\n\n\n<p>Al finalizar el Imperio de Agust\u00edn de Iturbide en 1823, el Congreso Constituyente instaur\u00f3 oficialmente la Bandera Nacional conservando los colores verde, blanco y rojo, pero con algunos cambios: al \u00e1guila se le quit\u00f3 la corona imperial y se agregaron los s\u00edmbolos republicanos de las ramas de laurel y encino.<\/p>\n\n\n\n<p>A mediados del siglo XIX, con la llegada de Benito Ju\u00e1rez a la presidencia del pa\u00eds, se cambi\u00f3 el significado de sus colores, como consecuencia de la separaci\u00f3n del estado con la iglesia: Verde-Esperanza; Blanco-Unidad y Rojo-la sangre de los h\u00e9roes nacionales.<\/p>\n\n\n\n<p>Y es as\u00ed que el 24 de febrero de 1984 entr\u00f3 en vigencia la nueva Ley sobre el Escudo, la Bandera y el Himno Nacionales, en la que se establece:<\/p>\n\n\n\n<p>Art\u00edculo 3o.- La Bandera Nacional consiste en un rect\u00e1ngulo dividido en tres franjas verticales de medidas id\u00e9nticas, con los colores en el siguiente orden a partir del asta: verde, blanco y rojo. En la franja blanca y al centro, tiene el Escudo Nacional, con un di\u00e1metro de tres cuartas partes del ancho de dicha franja. La proporci\u00f3n entre anchura y longitud de la bandera, es de cuatro a siete. Podr\u00e1 llevar un lazo o corbata de los mismos colores, al pie de la moharra. Un modelo de la Bandera Nacional, autenticado por los tres poderes de la Uni\u00f3n, permanecer\u00e1 depositado en el Archivo General de la Naci\u00f3n y otro en el Museo Nacional de Historia.<\/p>\n\n\n\n<p>Art\u00edculo 10.- El 24 de febrero se establece solemnemente como D\u00eda de la Bandera. En este d\u00eda se deber\u00e1n transmitir programas especiales de radio y televisi\u00f3n destinados a difundir la historia y significaci\u00f3n de la Bandera Nacional. En esta fecha, las Autoridades realizar\u00e1n jornadas c\u00edvicas en conmemoraci\u00f3n, veneraci\u00f3n y exaltaci\u00f3n de la Bandera Nacional.<\/p>\n\n\n\n<p>Art\u00edculo 11.- En los inmuebles de las Autoridades que por sus caracter\u00edsticas lo permitan, se deber\u00e1n rendir honores a la Bandera Nacional con car\u00e1cter obligatorio los d\u00edas 24 de febrero, 15 y 16 de septiembre y 20 de noviembre de cada a\u00f1o.<\/p>\n\n\n\n<p>La Bandera mexicana, adem\u00e1s de ser un s\u00edmbolo patrio y representar el esp\u00edritu de unidad, valor y patriotismo, es un elemento unificador; es una expresi\u00f3n aut\u00e9ntica de nuestros or\u00edgenes, as\u00ed como del deseo de fortalecer el sentido de identidad nacional, como pa\u00eds independiente y soberano.<\/p>\n\n\n\n<figure class=\"wp-block-image\"><img decoding=\"async\" src=\"https:\/\/framework-gb.cdn.gob.mx\/assets\/images\/icons\/survey\/ico-survey-good.svg\" alt=\"\"\/><\/figure>\n\n\n\n<figure class=\"wp-block-image\"><img decoding=\"async\" src=\"https:\/\/framework-gb.cdn.gob.mx\/assets\/images\/icons\/survey\/ico-survey-neutral.svg\" alt=\"\"\/><\/figure>\n","protected":false},"excerpt":{"rendered":"<p>La Bandera, junto con el Escudo y el Himno Nacional, son los s\u00edmbolos que nos representan y nos unen como naci\u00f3n mexicana. 24 de febrero de 2024 24 de febrero, D\u00eda de la Bandera El d\u00eda de la Bandera mexicana fue establecido el 24 de febrero de 1934. Sin embargo esta conmemoraci\u00f3n nacional fue oficialmente [&hellip;]<\/p>\n","protected":false},"author":1,"featured_media":2290,"comment_status":"open","ping_status":"open","sticky":false,"template":"","format":"standard","meta":{"footnotes":""},"categories":[5],"tags":[],"class_list":["post-2289","post","type-post","status-publish","format-standard","has-post-thumbnail","hentry","category-nacional"],"blog_post_layout_featured_media_urls":{"thumbnail":["https:\/\/elregionaldigital.info\/wp-content\/uploads\/2024\/02\/mexico-681350_1920-150x150.jpg",150,150,true],"full":["https:\/\/elregionaldigital.info\/wp-content\/uploads\/2024\/02\/mexico-681350_1920.jpg",1920,1440,false]},"categories_names":{"5":{"name":"Nacional","link":"https:\/\/elregionaldigital.info\/?cat=5"}},"tags_names":[],"comments_number":"0","wpmagazine_modules_lite_featured_media_urls":{"thumbnail":["https:\/\/elregionaldigital.info\/wp-content\/uploads\/2024\/02\/mexico-681350_1920-150x150.jpg",150,150,true],"cvmm-medium":["https:\/\/elregionaldigital.info\/wp-content\/uploads\/2024\/02\/mexico-681350_1920-300x300.jpg",300,300,true],"cvmm-medium-plus":["https:\/\/elregionaldigital.info\/wp-content\/uploads\/2024\/02\/mexico-681350_1920-305x207.jpg",305,207,true],"cvmm-portrait":["https:\/\/elregionaldigital.info\/wp-content\/uploads\/2024\/02\/mexico-681350_1920-400x600.jpg",400,600,true],"cvmm-medium-square":["https:\/\/elregionaldigital.info\/wp-content\/uploads\/2024\/02\/mexico-681350_1920-600x600.jpg",600,600,true],"cvmm-large":["https:\/\/elregionaldigital.info\/wp-content\/uploads\/2024\/02\/mexico-681350_1920-1024x1024.jpg",1024,1024,true],"cvmm-small":["https:\/\/elregionaldigital.info\/wp-content\/uploads\/2024\/02\/mexico-681350_1920-130x95.jpg",130,95,true],"full":["https:\/\/elregionaldigital.info\/wp-content\/uploads\/2024\/02\/mexico-681350_1920.jpg",1920,1440,false]},"_links":{"self":[{"href":"https:\/\/elregionaldigital.info\/index.php?rest_route=\/wp\/v2\/posts\/2289","targetHints":{"allow":["GET"]}}],"collection":[{"href":"https:\/\/elregionaldigital.info\/index.php?rest_route=\/wp\/v2\/posts"}],"about":[{"href":"https:\/\/elregionaldigital.info\/index.php?rest_route=\/wp\/v2\/types\/post"}],"author":[{"embeddable":true,"href":"https:\/\/elregionaldigital.info\/index.php?rest_route=\/wp\/v2\/users\/1"}],"replies":[{"embeddable":true,"href":"https:\/\/elregionaldigital.info\/index.php?rest_route=%2Fwp%2Fv2%2Fcomments&post=2289"}],"version-history":[{"count":1,"href":"https:\/\/elregionaldigital.info\/index.php?rest_route=\/wp\/v2\/posts\/2289\/revisions"}],"predecessor-version":[{"id":2291,"href":"https:\/\/elregionaldigital.info\/index.php?rest_route=\/wp\/v2\/posts\/2289\/revisions\/2291"}],"wp:featuredmedia":[{"embeddable":true,"href":"https:\/\/elregionaldigital.info\/index.php?rest_route=\/wp\/v2\/media\/2290"}],"wp:attachment":[{"href":"https:\/\/elregionaldigital.info\/index.php?rest_route=%2Fwp%2Fv2%2Fmedia&parent=2289"}],"wp:term":[{"taxonomy":"category","embeddable":true,"href":"https:\/\/elregionaldigital.info\/index.php?rest_route=%2Fwp%2Fv2%2Fcategories&post=2289"},{"taxonomy":"post_tag","embeddable":true,"href":"https:\/\/elregionaldigital.info\/index.php?rest_route=%2Fwp%2Fv2%2Ftags&post=2289"}],"curies":[{"name":"wp","href":"https:\/\/api.w.org\/{rel}","templated":true}]}}