{"id":2285,"date":"2024-02-22T01:53:56","date_gmt":"2024-02-22T01:53:56","guid":{"rendered":"http:\/\/elregionaldigital.info\/?p=2285"},"modified":"2024-03-05T08:36:20","modified_gmt":"2024-03-05T08:36:20","slug":"celebra-la-uat-con-exito-la-expo-juventud-universitaria","status":"publish","type":"post","link":"https:\/\/elregionaldigital.info\/?p=2285","title":{"rendered":"Celebra la UAT con \u00e9xito la Expo Juventud Universitaria"},"content":{"rendered":"\n<figure class=\"wp-block-image size-large\"><img loading=\"lazy\" decoding=\"async\" width=\"1024\" height=\"682\" src=\"http:\/\/elregionaldigital.info\/wp-content\/uploads\/2024\/02\/1-1-1-1024x682.jpeg\" alt=\"\" class=\"wp-image-2286\" srcset=\"https:\/\/elregionaldigital.info\/wp-content\/uploads\/2024\/02\/1-1-1-1024x682.jpeg 1024w, https:\/\/elregionaldigital.info\/wp-content\/uploads\/2024\/02\/1-1-1-300x200.jpeg 300w, https:\/\/elregionaldigital.info\/wp-content\/uploads\/2024\/02\/1-1-1-768x512.jpeg 768w, https:\/\/elregionaldigital.info\/wp-content\/uploads\/2024\/02\/1-1-1-1536x1023.jpeg 1536w, https:\/\/elregionaldigital.info\/wp-content\/uploads\/2024\/02\/1-1-1.jpeg 1600w\" sizes=\"auto, (max-width: 1024px) 100vw, 1024px\" \/><\/figure>\n\n\n\n<p>Con gran \u00e9xito se llev\u00f3 a cabo la Expo Juventud Universitaria que organiz\u00f3 la Universidad<br>Aut\u00f3noma de Tamaulipas (UAT) en coordinaci\u00f3n con el Instituto Tamaulipeco de Becas,<br>Est\u00edmulos y Cr\u00e9ditos Educativos (ITABEC) y el Instituto Nacional de la Juventud (INJUVE<br>Tamaulipas) con la finalidad de promover entre la comunidad estudiantil la Beca Futuro<br>Tamaulipas J\u00f3venes de Nivel Superior.<br>El magno evento celebrado en el Gimnasio Multidisciplinario del Campus Victoria<br>fue presidido por el rector de la UAT, MVZ D\u00e1maso Anaya Alvarado, el director del<br>ITABEC, Dr. Juan Guillermo Mansur Arzola, y la directora del INJUVE Tamaulipas, Lic.<br>Judith Katalyna M\u00e9ndez Cepeda.<br>El rector D\u00e1maso Anaya Alvarado dijo que este tipo de actividades son importantes,<br>porque la meta principal de la UAT es que ning\u00fan estudiante se quede sin educaci\u00f3n por<br>falta de recursos.<br>Sostuvo que en esta tarea cuenta con el apoyo de la administraci\u00f3n del gobernador<br>Dr. Am\u00e9rico Villarreal Anaya. \u201cQueremos una mejor universidad y un mejor estado, y<br>vamos a ir trasformando a la universidad\u201d, expres\u00f3.<br>Subray\u00f3 que, bajo este respaldo, se han logrado recibir m\u00e1s de doce mil trecientas<br>solicitudes de beca, un 50% m\u00e1s con respecto al a\u00f1o pasado. As\u00ed mismo, a\u00f1adi\u00f3 que en la<br>presente convocatoria del ITABEC, se pretende duplicar los apoyos recibidos el a\u00f1o<br>pasado.<br>Por su parte, la directora del INJUVE Tamaulipas, Lic. Judith Katalyna M\u00e9ndez<br>Cepeda, agradeci\u00f3 a la UAT por el inter\u00e9s de impulsar el desarrollo de los estudiantes, y<br>reconoci\u00f3 el trabajo del MVZ D\u00e1maso Anaya Alvarado, al fomentar la participaci\u00f3n de los<br>j\u00f3venes en el proyecto de transformaci\u00f3n de la Universidad y de Tamaulipas.<br>Se\u00f1al\u00f3 que, de la mano de D\u00e1maso Anaya, la UAT inicia una nueva era respecto a la<br>participaci\u00f3n estudiantil, porque su rector seguir\u00e1 cerca de la gente y de sus estudiantes<br>para que participen activamente en el crecimiento y el avance de la universidad.<br>Cabe se\u00f1alar que durante el evento los estudiantes de las facultades y unidades<\/p>\n\n\n\n<p>acad\u00e9micas de la UAT tuvieron la oportunidad de entregar solicitudes para la Beca Futuro<br>Tamaulipas J\u00f3venes de Nivel Superior, adem\u00e1s de disfrutar de un emotivo encuentro<br>universitario con la participaci\u00f3n de grupos musicales y diversos eventos art\u00edsticos que se<br>organizaron para el encuentro.<br>En la Expo Juventud Universitaria se expusieron veinticinco m\u00f3dulos de las<br>diversas dependencias participantes, tales como: Protecci\u00f3n Civil, Instituto de la Mujer,<br>Derechos Humanos, entre otros. Finalmente se llev\u00f3 a cabo una pl\u00e1tica informativa sobre<br>los programas de becas que se ofrecen a la juventud tamaulipeca.<br>Al evento acudieron tambi\u00e9n, representantes de la Secretaria de Educaci\u00f3n de<br>Tamaulipas, de la Secretaria del Trabajo, as\u00ed como funcionarios de la UAT e invitados<\/p>\n","protected":false},"excerpt":{"rendered":"<p>Con gran \u00e9xito se llev\u00f3 a cabo la Expo Juventud Universitaria que organiz\u00f3 la UniversidadAut\u00f3noma de Tamaulipas (UAT) en coordinaci\u00f3n con el Instituto Tamaulipeco de Becas,Est\u00edmulos y Cr\u00e9ditos Educativos (ITABEC) y el Instituto Nacional de la Juventud (INJUVETamaulipas) con la finalidad de promover entre la comunidad estudiantil la Beca FuturoTamaulipas J\u00f3venes de Nivel Superior.El magno [&hellip;]<\/p>\n","protected":false},"author":1,"featured_media":2287,"comment_status":"open","ping_status":"open","sticky":false,"template":"","format":"standard","meta":{"footnotes":""},"categories":[4],"tags":[],"class_list":["post-2285","post","type-post","status-publish","format-standard","has-post-thumbnail","hentry","category-universidades"],"blog_post_layout_featured_media_urls":{"thumbnail":["https:\/\/elregionaldigital.info\/wp-content\/uploads\/2024\/02\/4-150x150.jpeg",150,150,true],"full":["https:\/\/elregionaldigital.info\/wp-content\/uploads\/2024\/02\/4.jpeg",1600,1066,false]},"categories_names":{"4":{"name":"Universidades","link":"https:\/\/elregionaldigital.info\/?cat=4"}},"tags_names":[],"comments_number":"0","wpmagazine_modules_lite_featured_media_urls":{"thumbnail":["https:\/\/elregionaldigital.info\/wp-content\/uploads\/2024\/02\/4-150x150.jpeg",150,150,true],"cvmm-medium":["https:\/\/elregionaldigital.info\/wp-content\/uploads\/2024\/02\/4-300x300.jpeg",300,300,true],"cvmm-medium-plus":["https:\/\/elregionaldigital.info\/wp-content\/uploads\/2024\/02\/4-305x207.jpeg",305,207,true],"cvmm-portrait":["https:\/\/elregionaldigital.info\/wp-content\/uploads\/2024\/02\/4-400x600.jpeg",400,600,true],"cvmm-medium-square":["https:\/\/elregionaldigital.info\/wp-content\/uploads\/2024\/02\/4-600x600.jpeg",600,600,true],"cvmm-large":["https:\/\/elregionaldigital.info\/wp-content\/uploads\/2024\/02\/4-1024x1024.jpeg",1024,1024,true],"cvmm-small":["https:\/\/elregionaldigital.info\/wp-content\/uploads\/2024\/02\/4-130x95.jpeg",130,95,true],"full":["https:\/\/elregionaldigital.info\/wp-content\/uploads\/2024\/02\/4.jpeg",1600,1066,false]},"_links":{"self":[{"href":"https:\/\/elregionaldigital.info\/index.php?rest_route=\/wp\/v2\/posts\/2285","targetHints":{"allow":["GET"]}}],"collection":[{"href":"https:\/\/elregionaldigital.info\/index.php?rest_route=\/wp\/v2\/posts"}],"about":[{"href":"https:\/\/elregionaldigital.info\/index.php?rest_route=\/wp\/v2\/types\/post"}],"author":[{"embeddable":true,"href":"https:\/\/elregionaldigital.info\/index.php?rest_route=\/wp\/v2\/users\/1"}],"replies":[{"embeddable":true,"href":"https:\/\/elregionaldigital.info\/index.php?rest_route=%2Fwp%2Fv2%2Fcomments&post=2285"}],"version-history":[{"count":1,"href":"https:\/\/elregionaldigital.info\/index.php?rest_route=\/wp\/v2\/posts\/2285\/revisions"}],"predecessor-version":[{"id":2288,"href":"https:\/\/elregionaldigital.info\/index.php?rest_route=\/wp\/v2\/posts\/2285\/revisions\/2288"}],"wp:featuredmedia":[{"embeddable":true,"href":"https:\/\/elregionaldigital.info\/index.php?rest_route=\/wp\/v2\/media\/2287"}],"wp:attachment":[{"href":"https:\/\/elregionaldigital.info\/index.php?rest_route=%2Fwp%2Fv2%2Fmedia&parent=2285"}],"wp:term":[{"taxonomy":"category","embeddable":true,"href":"https:\/\/elregionaldigital.info\/index.php?rest_route=%2Fwp%2Fv2%2Fcategories&post=2285"},{"taxonomy":"post_tag","embeddable":true,"href":"https:\/\/elregionaldigital.info\/index.php?rest_route=%2Fwp%2Fv2%2Ftags&post=2285"}],"curies":[{"name":"wp","href":"https:\/\/api.w.org\/{rel}","templated":true}]}}