{"id":2275,"date":"2024-02-20T14:19:52","date_gmt":"2024-02-20T14:19:52","guid":{"rendered":"https:\/\/elregionaldigital.info\/?p=2275"},"modified":"2024-03-06T03:22:35","modified_gmt":"2024-03-06T03:22:35","slug":"anuncia-la-uat-apertura-del-proceso-de-admision-para-el-periodo-otono-2024","status":"publish","type":"post","link":"https:\/\/elregionaldigital.info\/?p=2275","title":{"rendered":"Anuncia la UAT apertura del proceso de admisi\u00f3n para el periodo Oto\u00f1o 2024"},"content":{"rendered":"\n<p><a href=\"https:\/\/agenciadenoticias.info\/?p=1689\"><time datetime=\"2024-02-20T14:15:51+00:00\">20 Febrero, 2024<\/time><\/a><\/p>\n\n\n\n<figure class=\"wp-block-image\"><img decoding=\"async\" src=\"https:\/\/agenciadenoticias.info\/wp-content\/uploads\/2024\/02\/4111-scaled.jpg\" alt=\"\"\/><\/figure>\n\n\n\n<p>La Universidad Aut\u00f3noma de Tamaulipas (UAT) anunci\u00f3 que el 26 de febrero se<br>iniciar\u00e1 el proceso de admisi\u00f3n para ingresar al periodo escolar correspondiente al<br>ciclo 2024-3 (periodo de oto\u00f1o) de esta casa de estudios.<br>La administraci\u00f3n del rector D\u00e1maso Leonardo Anaya Alvarado, por<br>conducto de la Secretar\u00eda de Gesti\u00f3n Escolar, inform\u00f3 que el proceso quedar\u00e1<br>abierto para todos los aspirantes a ingresar a las carreras profesionales que oferta<br>la UAT en las zonas norte, centro y sur del estado.<br>En ese contexto, se destac\u00f3 que la oferta educativa comprende poco m\u00e1s<br>de ochenta programas educativos en las distintas sedes universitarias, misma que<br>se puede consultar en el apartado \u201cOferta acad\u00e9mica\u201d del portal oficial de la<br>universidad (www.uat.edu.mx).<br>La dependencia universitaria invita a los aspirantes a que acudan a la<br>facultad o unidad acad\u00e9mica de su inter\u00e9s o consultar informes a trav\u00e9s de sus<br>respectivas redes sociales y sitios web oficiales, para conocer los procedimientos<br>y la documentaci\u00f3n que se requiere en el tr\u00e1mite de su registro, mismo que estar\u00e1<br>disponible en el sitio https:\/\/aspirantes.uat.edu.mx\/ con acceso tambi\u00e9n por el sitio<br>web oficial de la UAT.<br>En esta nueva etapa de transformaci\u00f3n, la Universidad Aut\u00f3noma de<br>Tamaulipas invita a todos los aspirantes a unirse a la gran Familia UAT e ingresar<br>a la instituci\u00f3n de educaci\u00f3n superior de mayor cobertura en la entidad, que les<br>brindar\u00e1 los servicios acad\u00e9micos, programas y actividades extracurriculares para<br>forjar su futuro profesional con una educaci\u00f3n de excelencia, integral y humanista.<\/p>\n","protected":false},"excerpt":{"rendered":"<p>20 Febrero, 2024 La Universidad Aut\u00f3noma de Tamaulipas (UAT) anunci\u00f3 que el 26 de febrero seiniciar\u00e1 el proceso de admisi\u00f3n para ingresar al periodo escolar correspondiente alciclo 2024-3 (periodo de oto\u00f1o) de esta casa de estudios.La administraci\u00f3n del rector D\u00e1maso Leonardo Anaya Alvarado, porconducto de la Secretar\u00eda de Gesti\u00f3n Escolar, inform\u00f3 que el proceso quedar\u00e1abierto [&hellip;]<\/p>\n","protected":false},"author":1,"featured_media":2276,"comment_status":"open","ping_status":"open","sticky":false,"template":"","format":"standard","meta":{"footnotes":""},"categories":[2],"tags":[],"class_list":["post-2275","post","type-post","status-publish","format-standard","has-post-thumbnail","hentry","category-tamaulipas"],"blog_post_layout_featured_media_urls":{"thumbnail":["https:\/\/elregionaldigital.info\/wp-content\/uploads\/2024\/02\/4111-150x150.jpg",150,150,true],"full":["https:\/\/elregionaldigital.info\/wp-content\/uploads\/2024\/02\/4111-scaled.jpg",2560,1451,false]},"categories_names":{"2":{"name":"Tamaulipas","link":"https:\/\/elregionaldigital.info\/?cat=2"}},"tags_names":[],"comments_number":"0","wpmagazine_modules_lite_featured_media_urls":{"thumbnail":["https:\/\/elregionaldigital.info\/wp-content\/uploads\/2024\/02\/4111-150x150.jpg",150,150,true],"cvmm-medium":["https:\/\/elregionaldigital.info\/wp-content\/uploads\/2024\/02\/4111-300x300.jpg",300,300,true],"cvmm-medium-plus":["https:\/\/elregionaldigital.info\/wp-content\/uploads\/2024\/02\/4111-305x207.jpg",305,207,true],"cvmm-portrait":["https:\/\/elregionaldigital.info\/wp-content\/uploads\/2024\/02\/4111-400x600.jpg",400,600,true],"cvmm-medium-square":["https:\/\/elregionaldigital.info\/wp-content\/uploads\/2024\/02\/4111-600x600.jpg",600,600,true],"cvmm-large":["https:\/\/elregionaldigital.info\/wp-content\/uploads\/2024\/02\/4111-1024x1024.jpg",1024,1024,true],"cvmm-small":["https:\/\/elregionaldigital.info\/wp-content\/uploads\/2024\/02\/4111-130x95.jpg",130,95,true],"full":["https:\/\/elregionaldigital.info\/wp-content\/uploads\/2024\/02\/4111-scaled.jpg",2560,1451,false]},"_links":{"self":[{"href":"https:\/\/elregionaldigital.info\/index.php?rest_route=\/wp\/v2\/posts\/2275","targetHints":{"allow":["GET"]}}],"collection":[{"href":"https:\/\/elregionaldigital.info\/index.php?rest_route=\/wp\/v2\/posts"}],"about":[{"href":"https:\/\/elregionaldigital.info\/index.php?rest_route=\/wp\/v2\/types\/post"}],"author":[{"embeddable":true,"href":"https:\/\/elregionaldigital.info\/index.php?rest_route=\/wp\/v2\/users\/1"}],"replies":[{"embeddable":true,"href":"https:\/\/elregionaldigital.info\/index.php?rest_route=%2Fwp%2Fv2%2Fcomments&post=2275"}],"version-history":[{"count":1,"href":"https:\/\/elregionaldigital.info\/index.php?rest_route=\/wp\/v2\/posts\/2275\/revisions"}],"predecessor-version":[{"id":2277,"href":"https:\/\/elregionaldigital.info\/index.php?rest_route=\/wp\/v2\/posts\/2275\/revisions\/2277"}],"wp:featuredmedia":[{"embeddable":true,"href":"https:\/\/elregionaldigital.info\/index.php?rest_route=\/wp\/v2\/media\/2276"}],"wp:attachment":[{"href":"https:\/\/elregionaldigital.info\/index.php?rest_route=%2Fwp%2Fv2%2Fmedia&parent=2275"}],"wp:term":[{"taxonomy":"category","embeddable":true,"href":"https:\/\/elregionaldigital.info\/index.php?rest_route=%2Fwp%2Fv2%2Fcategories&post=2275"},{"taxonomy":"post_tag","embeddable":true,"href":"https:\/\/elregionaldigital.info\/index.php?rest_route=%2Fwp%2Fv2%2Ftags&post=2275"}],"curies":[{"name":"wp","href":"https:\/\/api.w.org\/{rel}","templated":true}]}}